{"id":5145,"date":"2017-04-19T12:45:53","date_gmt":"2017-04-19T10:45:53","guid":{"rendered":"https:\/\/www.startups.ch\/fr\/blog\/?p=5145"},"modified":"2017-05-17T15:16:18","modified_gmt":"2017-05-17T13:16:18","slug":"virtual-switzerland-allier-innovation-et-interaction-interview-2","status":"publish","type":"post","link":"https:\/\/blog.startups.ch\/fr\/2017\/04\/19\/virtual-switzerland-allier-innovation-et-interaction-interview-2\/","title":{"rendered":"Virtual Switzerland : allier innovation et interaction &#8211; Interview"},"content":{"rendered":"<h2>Virtual Switzerland, le nouveau r\u00e9seau national soutenu par la CTI a eu lieu pour la premi\u00e8re fois le lundi 3 avril au Rolex Learning Center de l\u2019EPFL \u00e0 l\u2019occasion de la conf\u00e9rence de l\u2019Innovation Forum Lausanne. D\u00e9couvrez l\u2019interview de l\u2019\u00e9quipe qui promeut ce nouveau r\u00e9seau th\u00e9matique\u00a0: Christoffer Lund et Laetitia Bochud.<\/h2>\n<p><!--more--><\/p>\n<p><img loading=\"lazy\" decoding=\"async\" class=\"alignnone size-medium wp-image-5100\" src=\"https:\/\/i0.wp.com\/www.startups.ch\/fr\/blog\/wp-content\/uploads\/2017\/04\/virtual-reality-1898441-1200x723.jpg?resize=1200%2C723&#038;ssl=1\" alt=\"\" width=\"1200\" height=\"723\" data-recalc-dims=\"1\" \/><\/p>\n<h3>Pouvez-vous nous dire en quelques mots ce qu\u2019est Virtual Switzerland ?<\/h3>\n<p><a href=\"http:\/\/virtualswitzerland.org\/\">Virtual Switzerland<\/a> est le nouveau <a href=\"http:\/\/www.startupticker.ch\/en\/news\/july-2016\/cti-recognition-of-11-national-thematic-networks\">r\u00e9seau th\u00e9matique national (RTN)<\/a> soutenu par la Commission pour la Technologie et l\u2019Innovation (CTI) et cr\u00e9\u00e9 pour encourager et promouvoir les technologies immersives et de simulation d\u2019environnements virtuels.<\/p>\n<h3>Quelles furent vos motivations lors de la cr\u00e9ation de ce r\u00e9seau\u00a0?<\/h3>\n<p>Caecilia Charbonnier, fondatrice d\u2019<a href=\"http:\/\/www.artanim.ch\/fr\/\">Artanim<\/a> \u2013 une fondation consacr\u00e9e au d\u00e9veloppement et \u00e0 la promotion de la capture de mouvement \u2013 recherche depuis la fin de son doctorat \u00e0 mettre en lien les domaines acad\u00e9miques et institutionnels et cr\u00e9er des synergies entre la R&amp;D et la mise sur le march\u00e9 de produits ou applications concr\u00e8tes. Cet \u00e9tat d\u2019esprit l\u2019a conduite \u00e0 soumettre aupr\u00e8s de la CTI le projet d\u2019un RTN autour du know-how suisse qu\u2019elle avait pu observer dans les branches des r\u00e9alit\u00e9s virtuelle, augment\u00e9e, et mixte. Pr\u00e9sidente de l\u2019Association Virtual Switzerland, elle est accompagn\u00e9e de trois autres membres qui ensemble constituent le comit\u00e9.<\/p>\n<h3>De quelle mani\u00e8re est-ce que les acteur VR\/AR suisses peuvent profiter de Virtual Switzerland\u00a0?<\/h3>\n<p>Le r\u00f4le de Virtual Switzerland est de favoriser l\u2019innovation: cr\u00e9er des synergies pour appr\u00e9hender les possibilit\u00e9s d\u2019application des r\u00e9alit\u00e9s virtuelle, augment\u00e9e et mixte, stimuler des id\u00e9es. Pour y parvenir, cette association nationale compte mettre en lien les experts de R&amp;D des hautes \u00e9coles et institutions universitaires suisses avec ceux de soci\u00e9t\u00e9s naissantes ou florissantes, de mani\u00e8re \u00e0 mettre en valeur autant les laboratoires de recherche et incubateurs acad\u00e9miques que priv\u00e9s. Quatre secteurs d\u2019activit\u00e9 qui repr\u00e9sentent le tissu \u00e9conomique suisse sont cibl\u00e9s\u00a0: medtech, architecture et construction, industries manufacturi\u00e8res, tourisme et culture.<\/p>\n<h3>O\u00f9 se trouvent vos bureaux\u00a0? \u00cates-vous pr\u00e9sents sur l\u2019ensemble du territoire helv\u00e9tique\u00a0?<\/h3>\n<p>Les bureaux de l\u2019association sont bas\u00e9s \u00e0 Gen\u00e8ve mais notre but et mission rev\u00eatent d&#8217;une dimension nationale. Il s\u2019agit de mettre en lien tous les acteurs et repr\u00e9sentants des secteurs li\u00e9s au technologies immersives et simulations d\u2019environnements virtuels r\u00e9pandus sur le territoire suisse afin de les mettre en relation et de les stimuler \u00e0 la mani\u00e8re d&#8217;une association fa\u00eeti\u00e8re.<\/p>\n<h3>D\u2019apr\u00e8s vous, \u00e0 quoi ressemblera le future des acteurs VR\/AR en Suisse\u00a0?<\/h3>\n<p>C\u2019est un sujet actuel, qui fascine et attire autant l\u2019int\u00e9r\u00eat que la curiosit\u00e9\u00a0; nous avons la chance en Suisse d\u2019avoir acc\u00e8s \u00e0 des institutions acad\u00e9miques de tr\u00e8s haute qualit\u00e9 ainsi qu\u2019\u00e0 un foisonnement d\u2019esprit entrepreneurial et de compagnies ou start-ups qui souhaitent d\u00e9velopper leur processus ou les adapter aux technologies futures. La Suisse est donc tr\u00e8s r\u00e9ceptif \u00e0 ces d\u00e9veloppements, \u00e0 l\u2019industrie 4.0 et \u00e0 son int\u00e9gration dans l\u2019activit\u00e9 \u00e9conomique actuelle.<\/p>\n<h3>Pouvez-vous nous dire concr\u00e8tement quels sont vos projets concernant votre r\u00e9seau\u00a0? Quelles sont les prochaines \u00e9tapes \u00e0 venir\u00a0?<\/h3>\n<p>Virtual Switzerland prend part \u00e0 de nombreux rassemblements et <a href=\"http:\/\/virtualswitzerland.org\/vs-activities\/\">\u00e9v\u00e9nements<\/a> relatifs aux r\u00e9alit\u00e9s virtuelles, augment\u00e9es, et mixtes. Nous serons partenaires du prochain sommet du <a href=\"http:\/\/wvrf17.worldvrforum.com\/\">World VR Forum<\/a> qui aura lieu \u00e0 Crans-Montana du 11-14 mai, o\u00f9 nous serons repr\u00e9sent\u00e9s au Pavillon suisse. Des visites de laboratoires et de soci\u00e9t\u00e9s sont \u00e9galement pr\u00e9vues, notamment chez VR Lab \u00e0 Gen\u00e8ve fin juin et en ao\u00fbt chez Somniacs, le cr\u00e9ateur de Birdly\u00a9, \u00e0 Zurich. Aussi, ABB recevra les membres pour une d\u00e9monstration de ses applications en r\u00e9alit\u00e9 virtuelle in situ \u00e0 Gen\u00e8ve. Aussi, nous organisons le 6 juin un atelier nomm\u00e9 \u00ab\u00a0Industry Connect\u00a0\u00bb, ouverts aux industriels, en partenariat avec l\u2019incubateur <a href=\"https:\/\/www.alpict.com\/fr\/\">Alp ICT<\/a>, l\u2019Office de Promotion des Industries et des Technologies (OPI) et le <a href=\"http:\/\/www.creativitycenter.ch\/fr\/\">Geneva Creativity Center (GCC)<\/a>. En novembre, nous serons de retour \u00e0 Zurich pour l\u2019\u00e9v\u00e9nement annuel \u00ab\u00a0Digitaltag\u00a0\u00bb \u00e0 la <a href=\"https:\/\/www.zhdk.ch\/\">Haute \u00e9cole d\u2019Arts (ZHdK)<\/a>. Nous interviendrons \u00e9galement dans toute la Suisse pour des conf\u00e9rences et ateliers, des visites \u00e0 nos membres aussi. Plus Virtual Switzerland comptera de membres, plus la promotion de ces nouvelles technologies sera efficace\u00a0! Cette action promotionnelle est pr\u00e9vue en deux phases\u00a0; d&#8217;abord nationale, puis internationale. Nos membres r\u00e9colteront ainsi les b\u00e9n\u00e9fices de nos initiatives en termes de visibilit\u00e9 et d\u2019interaction.<\/p>\n<p>&nbsp;<\/p>\n<p style=\"text-align: left;\"><img loading=\"lazy\" decoding=\"async\" class=\"wp-image-5096 alignleft\" src=\"https:\/\/i0.wp.com\/www.startups.ch\/fr\/blog\/wp-content\/uploads\/2017\/04\/logo.png?resize=240%2C240&#038;ssl=1\" alt=\"\" width=\"240\" height=\"240\" srcset=\"https:\/\/i0.wp.com\/blog.startups.ch\/fr\/wp-content\/uploads\/2017\/04\/logo.png?w=147&amp;ssl=1 147w, https:\/\/i0.wp.com\/blog.startups.ch\/fr\/wp-content\/uploads\/2017\/04\/logo.png?resize=144%2C144&amp;ssl=1 144w\" sizes=\"(max-width: 240px) 100vw, 240px\" data-recalc-dims=\"1\" \/><\/p>\n<p style=\"text-align: left;\"><strong>Startupticker.ch &#8211; The Swiss start-up news channel<\/strong><\/p>\n<p>Startupticker est la plateforme en ligne d\u00e9di\u00e9e aux jeunes entrepreneurs, aux innovateurs et aux sponsors. Ce centre d\u2019informations permet aux startups suisses de se faire conna\u00eetre aupr\u00e8s d\u2019un plus large public en mettant un coup de projecteur sur la sc\u00e8ne dynamique et extr\u00eamement vari\u00e9e des startups suisses.<\/p>\n<p>Ce portail d\u2019information pr\u00e9sente chaque jour les succ\u00e8s de jeunes entrepreneurs, des offres de sponsor sous forme de prix \u00e0 remporter et de programmes d\u2019assistance et les \u00e9v\u00e8nements et formations imminentes. Les actualit\u00e9s et \u00e9v\u00e8nements les plus importants de la semaine sont r\u00e9capitul\u00e9s chaque vendredi dans le bulletin hebdomadaire<\/p>\n<p style=\"text-align: left;\">Abonnez-vous \u00e0 la <a href=\"http:\/\/www.startupticker.ch\/subscribe\">Newsletter<\/a>!<\/p>\n<p style=\"text-align: left;\"><a class=\"postButton\" href=\"http:\/\/startupticker.ch\" target=\"_blank\" rel=\"noopener noreferrer\">\u00bb Startupticker.ch<\/a> <a class=\"postButton\" href=\"https:\/\/startups.ch\/fr\/preparer\/business-plan\/qui-besoin\/\" target=\"_blank\" rel=\"noopener noreferrer\">\u00bb R\u00e9diger son Business plan<\/a><\/p>\n","protected":false},"excerpt":{"rendered":"<p>Virtual Switzerland, le nouveau r\u00e9seau national soutenu par la CTI a eu lieu pour la premi\u00e8re fois le lundi 3 avril au Rolex Learning Center de l\u2019EPFL \u00e0 l\u2019occasion de la conf\u00e9rence de l\u2019Innovation Forum Lausanne. D\u00e9couvrez l\u2019interview de l\u2019\u00e9quipe qui promeut ce nouveau r\u00e9seau th\u00e9matique\u00a0: Christoffer Lund et Laetitia Bochud.<\/p>\n","protected":false},"author":20,"featured_media":0,"comment_status":"open","ping_status":"open","sticky":false,"template":"","format":"standard","meta":{"content-type":"","jetpack_post_was_ever_published":false,"_jetpack_newsletter_access":"","_jetpack_dont_email_post_to_subs":false,"_jetpack_newsletter_tier_id":0,"footnotes":"","jetpack_publicize_message":"","jetpack_publicize_feature_enabled":true,"jetpack_social_post_already_shared":true,"jetpack_social_options":{"image_generator_settings":{"template":"highway","enabled":false}}},"categories":[1],"tags":[],"jetpack_publicize_connections":[],"aioseo_notices":[],"views":1724,"jetpack_featured_media_url":"","jetpack_sharing_enabled":true,"jetpack_shortlink":"https:\/\/wp.me\/p7y0qY-1kZ","_links":{"self":[{"href":"https:\/\/blog.startups.ch\/fr\/wp-json\/wp\/v2\/posts\/5145"}],"collection":[{"href":"https:\/\/blog.startups.ch\/fr\/wp-json\/wp\/v2\/posts"}],"about":[{"href":"https:\/\/blog.startups.ch\/fr\/wp-json\/wp\/v2\/types\/post"}],"author":[{"embeddable":true,"href":"https:\/\/blog.startups.ch\/fr\/wp-json\/wp\/v2\/users\/20"}],"replies":[{"embeddable":true,"href":"https:\/\/blog.startups.ch\/fr\/wp-json\/wp\/v2\/comments?post=5145"}],"version-history":[{"count":7,"href":"https:\/\/blog.startups.ch\/fr\/wp-json\/wp\/v2\/posts\/5145\/revisions"}],"predecessor-version":[{"id":5318,"href":"https:\/\/blog.startups.ch\/fr\/wp-json\/wp\/v2\/posts\/5145\/revisions\/5318"}],"wp:attachment":[{"href":"https:\/\/blog.startups.ch\/fr\/wp-json\/wp\/v2\/media?parent=5145"}],"wp:term":[{"taxonomy":"category","embeddable":true,"href":"https:\/\/blog.startups.ch\/fr\/wp-json\/wp\/v2\/categories?post=5145"},{"taxonomy":"post_tag","embeddable":true,"href":"https:\/\/blog.startups.ch\/fr\/wp-json\/wp\/v2\/tags?post=5145"}],"curies":[{"name":"wp","href":"https:\/\/api.w.org\/{rel}","templated":true}]}}