{"id":5045,"date":"2017-03-31T09:00:16","date_gmt":"2017-03-31T07:00:16","guid":{"rendered":"https:\/\/www.startups.ch\/fr\/blog\/?p=5045"},"modified":"2017-03-30T10:28:46","modified_gmt":"2017-03-30T08:28:46","slug":"zuspa-2017-start-ups-profitent-de-conditions-speciales","status":"publish","type":"post","link":"https:\/\/blog.startups.ch\/fr\/2017\/03\/31\/zuspa-2017-start-ups-profitent-de-conditions-speciales\/","title":{"rendered":"Z\u00fcspa 2017 \u2013 les start-ups profitent de conditions sp\u00e9ciales"},"content":{"rendered":"<h2><strong>Cet automne, la Z\u00fcspa ouvrira comme chaque ann\u00e9e ses portes aux jeunes entrepreneurs. Il s\u2019agit du plus grand salon dans son genre de la r\u00e9gion Zurichoise qui attire chaque ann\u00e9e plus de 100&#8217;000 visiteurs. Les start-ups pourront profiter de conditions exceptionnelles pour pr\u00e9senter leurs produits et services au grand public.<\/strong><\/h2>\n<p><!--more--><\/p>\n<p><img loading=\"lazy\" decoding=\"async\" class=\"size-medium wp-image-5047\" src=\"https:\/\/i0.wp.com\/www.startups.ch\/fr\/blog\/wp-content\/uploads\/2017\/03\/ZUESPA2016_NPI_16_300-1200x800.jpg?resize=1200%2C800&#038;ssl=1\" alt=\"\" width=\"1200\" height=\"800\" data-recalc-dims=\"1\" \/><\/p>\n<p>&nbsp;<\/p>\n<p>Du 29 septembre au 8 octobre 2017, la Z\u00fcspa ouvrira ses portes aux jeunes entrepreneurs en qu\u00eate de notori\u00e9t\u00e9. M\u00eame si ce salon est particuli\u00e8rement appr\u00e9ci\u00e9 des zurichois et des argoviens, le public pr\u00e9sent durant cet \u00e9v\u00e9nement vient des quatre coins de la Suisse. Comme chaque ann\u00e9e, 400 exposants se partageront les 27&#8217;400 m2 mis \u00e0 leur disposition.<\/p>\n<p>&nbsp;<\/p>\n<h3>Conditions sp\u00e9ciales pour les start-ups<\/h3>\n<p>Les start-ups qui ne se trouvent pas encore dans leur 3<sup>\u00e8me<\/sup> ann\u00e9e d\u2019existence peuvent profiter de conditions sp\u00e9ciales pour participer \u00e0 la Z\u00fcspa 2017. La Z\u00fcspa et \u201eStart-up Z\u00fcri\u201c souhaitent en effet soutenir ces jeunes entreprises en leurs proposant un tarif forfaitaire avantageux pour participer au salon. Les start-ups ont effectivement la possibilit\u00e9 d\u2019acheter un stand de 9m2 dans la zone \u201eStart-up Z\u00fcri\u201c (voir conditions et prix ci-dessous). Chaque participant peut arranger son emplacement de la mani\u00e8re dont il le souhaite. Compris dans le prix sont\u00a0: les lumi\u00e8res, les panneaux d\u2018affichage, les raccordements \u00e9lectriques, les tapis ainsi qu\u2019une apparition sur le site internet de la Z\u00fcspa et dans le catalogue papier destin\u00e9 aux visiteurs. Print-Ausstellerverzeichnis sind ebenfalls im Package enthalten.<\/p>\n<p>&nbsp;<\/p>\n<h3>Packages et prix pour les start-ups<\/h3>\n<p>5 jours de salon au prix de CHF 1\u2019500<br \/>\n10 jours de salons au prix de CHF 2\u2019500<\/p>\n<p>Ces prix sont hors TVA. Une assurance pour l\u2019exposition est \u00e9galement n\u00e9cessaire. Cette derni\u00e8re peut cependant \u00eatre contract\u00e9e facilement aupr\u00e8s de Messe Z\u00fcrich pour un prix de CHF 130.- .<\/p>\n<p>Les int\u00e9ress\u00e9s peuvent directement s\u2019inscrire gr\u00e2ce au formulaire disponible sur le site internet de la <a href=\"https:\/\/www.zuespa.ch\/de-CH\/aussteller\/ihre-teilnahme\/Start-up.aspx\">Z\u00fcspa<\/a>.<\/p>\n<p>&nbsp;<\/p>\n<p>&nbsp;<\/p>\n<p>Pour plus d\u2019informations, veuillez consulter le lien suivant: <a href=\"https:\/\/www.zuespa.ch\/de-CH\/aussteller\/ihre-teilnahme\/Start-up.aspx\">Factsheet<\/a>.<\/p>\n<p>Vous pouvez \u00e9galement contacter la personne ci-dessous\u00a0:<\/p>\n<p>Irena Aeschlimann<br \/>\nTel. +41 58 206 51 32<br \/>\nirena.aeschlimann@zuespa.ch<\/p>\n<p>&nbsp;<\/p>\n<p><a class=\"postButton\" href=\"https:\/\/www.zuespa.ch\/de-CH\/aussteller\/ihre-teilnahme\/Start-up.aspx\" target=\"_blank\">\u00bb Z\u00fcspa<\/a> <a class=\"postButton\" href=\"https:\/\/startups.ch\/fr\/preparer\/business-plan\/qui-besoin\/\" target=\"_blank\">\u00bb R\u00e9diger son Business plan<\/a><\/p>\n<p>&nbsp;<\/p>\n<p>&nbsp;<\/p>\n","protected":false},"excerpt":{"rendered":"<p>Cet automne, la Z\u00fcspa ouvrira comme chaque ann\u00e9e ses portes aux jeunes entrepreneurs. Il s\u2019agit du plus grand salon dans son genre de la r\u00e9gion Zurichoise qui attire chaque ann\u00e9e plus de 100&#8217;000 visiteurs. Les start-ups pourront profiter de conditions exceptionnelles pour pr\u00e9senter leurs produits et services au grand public.<\/p>\n","protected":false},"author":1,"featured_media":0,"comment_status":"open","ping_status":"open","sticky":false,"template":"","format":"standard","meta":{"content-type":"","jetpack_post_was_ever_published":false,"_jetpack_newsletter_access":"","_jetpack_dont_email_post_to_subs":false,"_jetpack_newsletter_tier_id":0,"footnotes":"","jetpack_publicize_message":"","jetpack_publicize_feature_enabled":true,"jetpack_social_post_already_shared":true,"jetpack_social_options":{"image_generator_settings":{"template":"highway","enabled":false}}},"categories":[10],"tags":[],"jetpack_publicize_connections":[],"aioseo_notices":[],"views":1437,"jetpack_featured_media_url":"","jetpack_sharing_enabled":true,"jetpack_shortlink":"https:\/\/wp.me\/p7y0qY-1jn","_links":{"self":[{"href":"https:\/\/blog.startups.ch\/fr\/wp-json\/wp\/v2\/posts\/5045"}],"collection":[{"href":"https:\/\/blog.startups.ch\/fr\/wp-json\/wp\/v2\/posts"}],"about":[{"href":"https:\/\/blog.startups.ch\/fr\/wp-json\/wp\/v2\/types\/post"}],"author":[{"embeddable":true,"href":"https:\/\/blog.startups.ch\/fr\/wp-json\/wp\/v2\/users\/1"}],"replies":[{"embeddable":true,"href":"https:\/\/blog.startups.ch\/fr\/wp-json\/wp\/v2\/comments?post=5045"}],"version-history":[{"count":4,"href":"https:\/\/blog.startups.ch\/fr\/wp-json\/wp\/v2\/posts\/5045\/revisions"}],"predecessor-version":[{"id":5050,"href":"https:\/\/blog.startups.ch\/fr\/wp-json\/wp\/v2\/posts\/5045\/revisions\/5050"}],"wp:attachment":[{"href":"https:\/\/blog.startups.ch\/fr\/wp-json\/wp\/v2\/media?parent=5045"}],"wp:term":[{"taxonomy":"category","embeddable":true,"href":"https:\/\/blog.startups.ch\/fr\/wp-json\/wp\/v2\/categories?post=5045"},{"taxonomy":"post_tag","embeddable":true,"href":"https:\/\/blog.startups.ch\/fr\/wp-json\/wp\/v2\/tags?post=5045"}],"curies":[{"name":"wp","href":"https:\/\/api.w.org\/{rel}","templated":true}]}}