{"id":485,"date":"2011-03-22T14:44:02","date_gmt":"2011-03-22T12:44:02","guid":{"rendered":"http:\/\/blog.startups.ch\/fr\/?p=485"},"modified":"2024-09-24T11:26:21","modified_gmt":"2024-09-24T09:26:21","slug":"fiscalite-raison-individuelle","status":"publish","type":"post","link":"https:\/\/blog.startups.ch\/fr\/2011\/03\/22\/fiscalite-raison-individuelle\/","title":{"rendered":"Raison individuelle et fiscalit\u00e9"},"content":{"rendered":"\n<h2 class=\"wp-block-heading\">Quels sont les avantages et d\u00e9savantages fiscaux d&#8217;une raison individuelle?<\/h2>\n\n\n\n<!--more-->\n\n\n<div class=\"wp-block-image\">\n<figure class=\"aligncenter\"><a href=\"https:\/\/i0.wp.com\/blog.startups.ch\/fr\/wp-content\/uploads\/2012\/10\/Mann-am-PC_2.jpg\"><img loading=\"lazy\" decoding=\"async\" width=\"690\" height=\"298\" src=\"https:\/\/i0.wp.com\/blog.startups.ch\/fr\/wp-content\/uploads\/2012\/10\/Mann-am-PC_2.jpg?resize=690%2C298\" alt=\"raison individuelle et fiscalit\u00e9, Taxea\" class=\"wp-image-1169\" srcset=\"https:\/\/i0.wp.com\/blog.startups.ch\/fr\/wp-content\/uploads\/2012\/10\/Mann-am-PC_2.jpg?w=690&amp;ssl=1 690w, https:\/\/i0.wp.com\/blog.startups.ch\/fr\/wp-content\/uploads\/2012\/10\/Mann-am-PC_2.jpg?resize=300%2C129&amp;ssl=1 300w\" sizes=\"(max-width: 690px) 100vw, 690px\" data-recalc-dims=\"1\" \/><\/a><\/figure><\/div>\n\n\n<h3 class=\"wp-block-heading\">Les avantages<\/h3>\n\n\n\n<p>Le choix d\u2019une raison individuelle comme forme juridique a les <strong>avantages <\/strong>fiscaux suivants\u00a0:<\/p>\n\n\n\n<p>Contrairement aux personnes juridiques (en l&#8217;occurence, la SA &amp; la S\u00e0rl), les raisons sociales ne connaissent pas la double taxation. L\u2019entrepreneur d\u2019une S\u00e0rl ou d&#8217;une SA souffre en effet de cette fameuse double taxation de sorte que le revenu de la soci\u00e9t\u00e9 est tax\u00e9 une premi\u00e8re fois, puis les dividendes sont tax\u00e9es chez l\u2019actionnaire une seconde fois.<\/p>\n\n\n\n<h3 class=\"wp-block-heading\">Les d\u00e9savantages<\/h3>\n\n\n\n<p>La raison individuelle pr\u00e9sente \u00e9galement quelques <strong>d\u00e9savantages <\/strong>fiscaux:<\/p>\n\n\n\n<p>Si vous arr\u00eatez votre commerce ou si vous le vendez, vous aurez le d\u00e9savantage de devoir payer un imp\u00f4t sur la liquidation de votre raison individuelle. La vente de la fortune commerciale est tax\u00e9e comme un revenu d\u2019activit\u00e9 ind\u00e9pendante (IFD 18).<\/p>\n\n\n\n<p>L\u2019activit\u00e9 ind\u00e9pendante se termine avec la derni\u00e8re liquidation des actifs de la soci\u00e9t\u00e9. Le simple fait d\u2019arr\u00eater son activit\u00e9 commerciale ne suffit pas encore \u00e0 arr\u00eater compl\u00e8tement son activit\u00e9 lucrative. Il est imp\u00e9ratif de vendre tous les actifs de la raison individuelle \u00e0 liquider et ceux-ci compteront \u00e9galement comme un revenu d\u2019activit\u00e9 ind\u00e9pendante. Le processus peut s&#8217;\u00e9tendre encore sur une relativement longue p\u00e9riode. Un architecte ind\u00e9pendant par exemple n&#8217;\u00e9chappera pas \u00e0 la r\u00e8gle. Vendre ses actifs jusqu&#8217;au dernier peut prendre des ann\u00e9es apr\u00e8s l&#8217;interruption de son activit\u00e9.<\/p>\n\n\n\n<h3 class=\"wp-block-heading\"><strong>D\u00e9claration d\u2019imp\u00f4ts priv\u00e9e \u2013 un jeu d\u2019enfant gr\u00e2ce \u00e0 taxea !<\/strong><\/h3>\n\n\n\n<p>Gr\u00e2ce \u00e0 notre application <a href=\"https:\/\/www.taxea.ch\/fr\/home\">taxea<\/a>, vous pouvez pr\u00e9parer votre d\u00e9claration d\u2019imp\u00f4ts en toute facilit\u00e9.<\/p>\n\n\n\n<p>Rendez-vous sur <a href=\"https:\/\/www.taxea.ch\/fr\/home\">taxea<\/a> et laissez-vous convaincre par notre service fiscal innovant ! Nous vous garantissons un maximum de d\u00e9ductions et un minimum de charges fiscales.<\/p>\n\n\n\n<p><a class=\"postButton\" href=\"https:\/\/www.startups.ch\/fr\/services\/creation-entreprise\" target=\"_blank\" rel=\"noopener noreferrer\">\u00bb Se lancer, cr\u00e9er son entreprise<\/a>&nbsp;<a class=\"postButton\" href=\"https:\/\/www.taxea.ch\/fr\/home\" target=\"_blank\" rel=\"noopener noreferrer\">\u00bb taxea<\/a><\/p>\n","protected":false},"excerpt":{"rendered":"<p>Quels sont les avantages et d\u00e9savantages fiscaux d&#8217;une raison individuelle?<\/p>\n","protected":false},"author":7,"featured_media":0,"comment_status":"closed","ping_status":"closed","sticky":false,"template":"","format":"standard","meta":{"content-type":"","jetpack_post_was_ever_published":false,"_jetpack_newsletter_access":"","_jetpack_dont_email_post_to_subs":false,"_jetpack_newsletter_tier_id":0,"footnotes":"","jetpack_publicize_message":"","jetpack_publicize_feature_enabled":true,"jetpack_social_post_already_shared":false,"jetpack_social_options":{"image_generator_settings":{"template":"highway","enabled":false}}},"categories":[12,5],"tags":[177,176,136,45,405],"jetpack_publicize_connections":[],"aioseo_notices":[],"views":7641,"jetpack_featured_media_url":"","jetpack_sharing_enabled":true,"jetpack_shortlink":"https:\/\/wp.me\/p7y0qY-7P","_links":{"self":[{"href":"https:\/\/blog.startups.ch\/fr\/wp-json\/wp\/v2\/posts\/485"}],"collection":[{"href":"https:\/\/blog.startups.ch\/fr\/wp-json\/wp\/v2\/posts"}],"about":[{"href":"https:\/\/blog.startups.ch\/fr\/wp-json\/wp\/v2\/types\/post"}],"author":[{"embeddable":true,"href":"https:\/\/blog.startups.ch\/fr\/wp-json\/wp\/v2\/users\/7"}],"replies":[{"embeddable":true,"href":"https:\/\/blog.startups.ch\/fr\/wp-json\/wp\/v2\/comments?post=485"}],"version-history":[{"count":12,"href":"https:\/\/blog.startups.ch\/fr\/wp-json\/wp\/v2\/posts\/485\/revisions"}],"predecessor-version":[{"id":11549,"href":"https:\/\/blog.startups.ch\/fr\/wp-json\/wp\/v2\/posts\/485\/revisions\/11549"}],"wp:attachment":[{"href":"https:\/\/blog.startups.ch\/fr\/wp-json\/wp\/v2\/media?parent=485"}],"wp:term":[{"taxonomy":"category","embeddable":true,"href":"https:\/\/blog.startups.ch\/fr\/wp-json\/wp\/v2\/categories?post=485"},{"taxonomy":"post_tag","embeddable":true,"href":"https:\/\/blog.startups.ch\/fr\/wp-json\/wp\/v2\/tags?post=485"}],"curies":[{"name":"wp","href":"https:\/\/api.w.org\/{rel}","templated":true}]}}