{"id":4743,"date":"2017-01-09T09:00:56","date_gmt":"2017-01-09T08:00:56","guid":{"rendered":"https:\/\/www.startups.ch\/fr\/blog\/?p=4743"},"modified":"2017-01-07T17:47:16","modified_gmt":"2017-01-07T16:47:16","slug":"application-de-linitiative-limmigration-de-masse-consequences-start-ups","status":"publish","type":"post","link":"https:\/\/blog.startups.ch\/fr\/2017\/01\/09\/application-de-linitiative-limmigration-de-masse-consequences-start-ups\/","title":{"rendered":"Application de l\u2019initiative sur l\u2019immigration de masse : quelles cons\u00e9quences pour les start-ups ?"},"content":{"rendered":"<h2><strong>L\u2019application de l\u2019initiative sur l\u2019immigration de masse fut accept\u00e9e par le parlement le 12 d\u00e9cembre 2016. Pour beaucoup d\u2019entreprises, cela implique de nombreuses questions et incertitudes. Cet article s\u2019int\u00e9resse aux cons\u00e9quences de cette d\u00e9cision politique pour les jeunes entreprises (start-ups).<\/strong><\/h2>\n<p><!--more--><\/p>\n<p><img loading=\"lazy\" decoding=\"async\" class=\"alignnone wp-image-4744\" src=\"https:\/\/i0.wp.com\/www.startups.ch\/fr\/blog\/wp-content\/uploads\/2017\/01\/switzerland-654267_1280-758x1200.png?resize=298%2C472&#038;ssl=1\" width=\"298\" height=\"472\" data-recalc-dims=\"1\" \/><\/p>\n<p>Le 9 f\u00e9vrier 2014, le peuple et les cantons ont accept\u00e9 avec 50,3% l\u2019initiative sur l\u2019immigration de masse. Durant les 3 ans qui ont suivi, le conseil f\u00e9d\u00e9ral et le parlement ont d\u00fb \u00e9laborer un plan d\u2019action pour la mise en \u0153uvre de cette initiative. Cette t\u00e2che fut extr\u00eamement ardue \u00e9tant donn\u00e9 qu\u2019une application textuelle de cette initiative n\u2019\u00e9tait pas possible. En effet, cette derni\u00e8re \u00e9tait en contradiction avec l\u2019accord sur la libre circulation des personnes ainsi qu\u2019avec les accords bilat\u00e9raux.<\/p>\n<h3><strong>Une proposition pouvant rallier la majorit\u00e9<\/strong><\/h3>\n<p>Dans un premier temps, le parlement a vot\u00e9 un changement de la loi sur les \u00e9trangers. Gr\u00e2ce \u00e0 cette application, la Suisse ne viole pas les accords sur la libre circulation des personnes et ne se voit pas exclue du programme \u00ab\u00a0Horizon 2000\u00a0\u00bb. Les accords bilat\u00e9raux avec l&#8217;UE restent \u00e9galement intacts.<br \/>\nCependant, la mise en \u0153uvre de l\u2019initiative sur l\u2019immigration de masse n\u2019est pour l\u2019instant que pragmatique\u00a0: les nombreuses contradictions qu\u2019elle implique doivent \u00eatre encore r\u00e9gl\u00e9es. C\u2019est pourquoi le peuple suisse devra bient\u00f4t se prononcer sur l\u2019initiative RASA.<\/p>\n<h3><strong>Cons\u00e9quences pour le march\u00e9 du travail<\/strong><\/h3>\n<p>Les personnes de nationalit\u00e9 suisse qui sont enregistr\u00e9es \u00e0 l\u2019office r\u00e9gional de placement (ORP) seront privil\u00e9gi\u00e9es par rapport aux personnes \u00e9trang\u00e8res. Pour ce faire, les employeurs sont tenus d\u2019annoncer les postes vacants aux services de l\u2019emploi. Ces postes seront, pour une dur\u00e9e limit\u00e9e, uniquement accessibles aux personnes inscrites.<br \/>\nLes employeurs re\u00e7oivent ensuite les dossiers de candidature des personnes pouvant correspondre \u00e0 ces postes libres. Les employeurs sont oblig\u00e9s d\u2019inviter ces personnes \u00e0 un entretien d\u2019embauche ou alors de les soumettre \u00e0 des testes d\u2019aptitudes. Les r\u00e9sultats et d\u00e9cisions doivent \u00eatre annonc\u00e9s \u00e0 l\u2019ORP, mais ne doivent pas \u00eatre justifi\u00e9s.<\/p>\n<h3><strong>Cons\u00e9quences pour les jeunes entreprises<\/strong><\/h3>\n<p>Pour l\u2019instant et \u00e9tant donn\u00e9 qu\u2019aucune obligation de justification n&#8217;est requise, la charge administrative de cette initiative reste g\u00e9rable pour les entreprises. Concernant l\u2019obligation d\u2019invitation \u00e0 un entretien d\u2019embauche, c\u2019est surtout les entreprises op\u00e9rant dans les domaines de la gastronomie, du b\u00e2timent ou encore de la vente au d\u00e9tail qui recevront une charge suppl\u00e9mentaire. En effet, il s\u2019agit l\u00e0 de secteurs ayant un pourcentage relatif de ch\u00f4mage assez \u00e9lev\u00e9.<\/p>\n<h3><strong>Pas de cons\u00e9quences pour les fondateurs \u00e9trangers en Suisse<\/strong><\/h3>\n<p>Les \u00e9trangers peuvent continuer de fonder des entreprises en Suisse. Avec l\u2019extension du champ d\u2019application de l\u2019accord sur la libre circulation des personnes, les personnes de nationalit\u00e9 croate peuvent \u00e0 pr\u00e9sent plus simplement cr\u00e9er une entreprise en Suisse.<\/p>\n<p>&nbsp;<\/p>\n<p>Nos juristes sont \u00e0 votre disposition pour toutes questions.<\/p>\n","protected":false},"excerpt":{"rendered":"<p>L\u2019application de l\u2019initiative sur l\u2019immigration de masse fut accept\u00e9e par le parlement le 12 d\u00e9cembre 2016. Pour beaucoup d\u2019entreprises, cela implique de nombreuses questions et incertitudes. Cet article s\u2019int\u00e9resse aux cons\u00e9quences de cette d\u00e9cision politique pour les jeunes entreprises (start-ups).<\/p>\n","protected":false},"author":1,"featured_media":0,"comment_status":"open","ping_status":"open","sticky":false,"template":"","format":"standard","meta":{"content-type":"","jetpack_post_was_ever_published":false,"_jetpack_newsletter_access":"","_jetpack_dont_email_post_to_subs":false,"_jetpack_newsletter_tier_id":0,"footnotes":"","jetpack_publicize_message":"Application de l\u2019initiative sur l\u2019immigration de masse : quelles cons\u00e9quences pour les start-ups ?\r\n#startups #CestMonDroit #GoodToKnow","jetpack_publicize_feature_enabled":true,"jetpack_social_post_already_shared":true,"jetpack_social_options":{"image_generator_settings":{"template":"highway","enabled":false}}},"categories":[1],"tags":[],"jetpack_publicize_connections":[],"aioseo_notices":[],"views":1273,"jetpack_featured_media_url":"","jetpack_sharing_enabled":true,"jetpack_shortlink":"https:\/\/wp.me\/p7y0qY-1ev","_links":{"self":[{"href":"https:\/\/blog.startups.ch\/fr\/wp-json\/wp\/v2\/posts\/4743"}],"collection":[{"href":"https:\/\/blog.startups.ch\/fr\/wp-json\/wp\/v2\/posts"}],"about":[{"href":"https:\/\/blog.startups.ch\/fr\/wp-json\/wp\/v2\/types\/post"}],"author":[{"embeddable":true,"href":"https:\/\/blog.startups.ch\/fr\/wp-json\/wp\/v2\/users\/1"}],"replies":[{"embeddable":true,"href":"https:\/\/blog.startups.ch\/fr\/wp-json\/wp\/v2\/comments?post=4743"}],"version-history":[{"count":3,"href":"https:\/\/blog.startups.ch\/fr\/wp-json\/wp\/v2\/posts\/4743\/revisions"}],"predecessor-version":[{"id":4747,"href":"https:\/\/blog.startups.ch\/fr\/wp-json\/wp\/v2\/posts\/4743\/revisions\/4747"}],"wp:attachment":[{"href":"https:\/\/blog.startups.ch\/fr\/wp-json\/wp\/v2\/media?parent=4743"}],"wp:term":[{"taxonomy":"category","embeddable":true,"href":"https:\/\/blog.startups.ch\/fr\/wp-json\/wp\/v2\/categories?post=4743"},{"taxonomy":"post_tag","embeddable":true,"href":"https:\/\/blog.startups.ch\/fr\/wp-json\/wp\/v2\/tags?post=4743"}],"curies":[{"name":"wp","href":"https:\/\/api.w.org\/{rel}","templated":true}]}}