{"id":4634,"date":"2016-11-28T16:15:54","date_gmt":"2016-11-28T15:15:54","guid":{"rendered":"https:\/\/www.startups.ch\/fr\/blog\/?p=4634"},"modified":"2016-11-28T16:15:54","modified_gmt":"2016-11-28T15:15:54","slug":"loi-sur-le-travail","status":"publish","type":"post","link":"https:\/\/blog.startups.ch\/fr\/2016\/11\/28\/loi-sur-le-travail\/","title":{"rendered":"Qui est soumis \u00e0 la loi sur le travail (LTr) ? Que contient-elle ?"},"content":{"rendered":"<h2><strong>La loi sur le travail (LTr) r\u00e8gle le travail, le temps de repos et le travail de nuit. En plus, la LTr contient de nombreuses prescriptions relatives \u00e0 la protection de la sant\u00e9 ainsi qu\u2019\u00e0 la protection des jeunes et des femmes.<br \/>\nCependant cette loi ne vaut pas pour les cadres dirigeants. <\/strong><\/h2>\n<p><!--more--><\/p>\n<p><img loading=\"lazy\" decoding=\"async\" class=\"size-medium wp-image-4636\" src=\"https:\/\/i0.wp.com\/www.startups.ch\/fr\/blog\/wp-content\/uploads\/2016\/11\/CBP1029833-1200x800.jpg?resize=1200%2C800&#038;ssl=1\" alt=\"Woman Looking at Laptop at Building Site --- Image by \u00a9 Royalty-Free\/Corbis\" width=\"1200\" height=\"800\" data-recalc-dims=\"1\" \/><\/p>\n<h3><strong>Que r\u00e8gle la loi sur le travail\u00a0?<\/strong><\/h3>\n<p>La loi sur le travail contient une protection compl\u00e8te de l\u2019employ\u00e9. Concr\u00e8tement, la LTr r\u00e8gle le travail, le temps de repos et le travail de nuit. Il existe \u00e9galement des prescriptions pour prot\u00e9ger les jeunes ainsi que les femmes.<\/p>\n<p>Les questions concernant le contrat de travail ne sont cependant pas r\u00e9gl\u00e9es par la LTr mais par le droit des obligations.<\/p>\n<h3><strong>\u00c0 qui s\u2019applique la LTr\u00a0?<\/strong><\/h3>\n<p>La LTr vaut pour chaque employ\u00e9 pour autant que l\u2019employeur (champ d\u2019application op\u00e9rationnel) et la nature m\u00eame de l\u2019emploi (champ d\u2019application personnel) soient touch\u00e9s par cette loi.<\/p>\n<h3><strong>Champ d\u2019application op\u00e9rationnel <\/strong><\/h3>\n<p>Ne font pas partie de cette cat\u00e9gorie\u00a0: les administrations f\u00e9d\u00e9rales, cantonales et communales ainsi que les soci\u00e9t\u00e9s de transports publics. Les exploitations agricoles, les usines de jardin, les entreprises de p\u00eache ne sont \u00e9galement pas touch\u00e9es par cette loi (art. 2 LTr).<\/p>\n<h3><strong>Champ d\u2019application personnel<\/strong><\/h3>\n<p>Certains m\u00e9tiers ne sont pas touch\u00e9s par la LTr (art. 3 LTr). On peut citer par exemple le personnel enseignant, les pr\u00eatres ainsi que le personnel des administrations publiques.<\/p>\n<p>Les personnes qui occupent des postes cadres ne sont \u00e9galement pas concern\u00e9es par la LTr. Ce n\u2019est pas le titre (ex. vice-pr\u00e9sident) qui joue un r\u00f4le dans ce cas, mais bien la fonction et la position au sein d\u2019une entreprise. On doit en effet poss\u00e9der un certain pouvoir de d\u00e9cision qui peut influencer de mani\u00e8re \u00ab\u00a0consid\u00e9rable\u00a0\u00bb le d\u00e9veloppement de l\u2019entreprise.<\/p>\n<p>&nbsp;<\/p>\n<p><a class=\"postButton\" href=\"https:\/\/www.startups.ch\/fr\/blog\/category\/questions-juridiques\/\" target=\"_blank\">\u00bb Autres articles juridiques<\/a> <a class=\"postButton\" href=\" https:\/\/startups.ch\/fr\/preparer\/business-plan\/qui-besoin\/\" target=\"_blank\">\u00bb R\u00e9diger son Business plan<\/a><\/p>\n<p>&nbsp;<\/p>\n","protected":false},"excerpt":{"rendered":"<p>La loi sur le travail (LTr) r\u00e8gle le travail, le temps de repos et le travail de nuit. En plus, la LTr contient de nombreuses prescriptions relatives \u00e0 la protection de la sant\u00e9 ainsi qu\u2019\u00e0 la protection des jeunes et des femmes. Cependant cette loi ne vaut pas pour les cadres dirigeants.<\/p>\n","protected":false},"author":1,"featured_media":0,"comment_status":"open","ping_status":"open","sticky":false,"template":"","format":"standard","meta":{"content-type":"","jetpack_post_was_ever_published":false,"_jetpack_newsletter_access":"","_jetpack_dont_email_post_to_subs":false,"_jetpack_newsletter_tier_id":0,"footnotes":"","jetpack_publicize_message":"Qui est soumis \u00e0 la loi sur le travail ? Que contient-elle ?\r\n#startups #goodtoknow","jetpack_publicize_feature_enabled":true,"jetpack_social_post_already_shared":true,"jetpack_social_options":{"image_generator_settings":{"template":"highway","enabled":false}}},"categories":[9],"tags":[],"jetpack_publicize_connections":[],"aioseo_notices":[],"views":2634,"jetpack_featured_media_url":"","jetpack_sharing_enabled":true,"jetpack_shortlink":"https:\/\/wp.me\/p7y0qY-1cK","_links":{"self":[{"href":"https:\/\/blog.startups.ch\/fr\/wp-json\/wp\/v2\/posts\/4634"}],"collection":[{"href":"https:\/\/blog.startups.ch\/fr\/wp-json\/wp\/v2\/posts"}],"about":[{"href":"https:\/\/blog.startups.ch\/fr\/wp-json\/wp\/v2\/types\/post"}],"author":[{"embeddable":true,"href":"https:\/\/blog.startups.ch\/fr\/wp-json\/wp\/v2\/users\/1"}],"replies":[{"embeddable":true,"href":"https:\/\/blog.startups.ch\/fr\/wp-json\/wp\/v2\/comments?post=4634"}],"version-history":[{"count":1,"href":"https:\/\/blog.startups.ch\/fr\/wp-json\/wp\/v2\/posts\/4634\/revisions"}],"predecessor-version":[{"id":4637,"href":"https:\/\/blog.startups.ch\/fr\/wp-json\/wp\/v2\/posts\/4634\/revisions\/4637"}],"wp:attachment":[{"href":"https:\/\/blog.startups.ch\/fr\/wp-json\/wp\/v2\/media?parent=4634"}],"wp:term":[{"taxonomy":"category","embeddable":true,"href":"https:\/\/blog.startups.ch\/fr\/wp-json\/wp\/v2\/categories?post=4634"},{"taxonomy":"post_tag","embeddable":true,"href":"https:\/\/blog.startups.ch\/fr\/wp-json\/wp\/v2\/tags?post=4634"}],"curies":[{"name":"wp","href":"https:\/\/api.w.org\/{rel}","templated":true}]}}