{"id":4629,"date":"2016-11-28T15:23:08","date_gmt":"2016-11-28T14:23:08","guid":{"rendered":"https:\/\/www.startups.ch\/fr\/blog\/?p=4629"},"modified":"2016-11-28T15:23:08","modified_gmt":"2016-11-28T14:23:08","slug":"travail-noir","status":"publish","type":"post","link":"https:\/\/blog.startups.ch\/fr\/2016\/11\/28\/travail-noir\/","title":{"rendered":"Le travail au noir ! Qu\u2019est-ce que c\u2019est ? Est-ce autoris\u00e9 en Suisse ?"},"content":{"rendered":"<h2><strong>De mani\u00e8re g\u00e9n\u00e9rale, le travail au noir est interdit en Suisse. Les employ\u00e9s et employeurs qui ne respectent pas cette loi s\u2019exposent \u00e0 des sanctions ainsi qu\u2019\u00e0 des amendes.<\/strong><!--more--><\/h2>\n<p><img loading=\"lazy\" decoding=\"async\" class=\"alignnone size-full wp-image-4631\" src=\"https:\/\/i0.wp.com\/www.startups.ch\/fr\/blog\/wp-content\/uploads\/2016\/11\/Fotolia_49111783_S.jpg?resize=820%2C586&#038;ssl=1\" alt=\"Arbeitsrecht Tastatur Finger\" width=\"820\" height=\"586\" data-recalc-dims=\"1\" \/><\/p>\n<p>L\u2019\u00e9conomie dite \u00ab\u00a0parall\u00e8le\u00a0\u00bb repr\u00e9sente en Suisse que 7% de la totalit\u00e9 du rendement \u00e9conomique total. Malgr\u00e9 ce faible pourcentage, l\u2019argent qui \u00e9chappe \u00e0 l\u2019\u00e9tat se chiffre en milliard.<\/p>\n<p><strong>D\u00e9finition du travail au noir<\/strong><\/p>\n<p>Il n\u2019existe aucune d\u00e9finition juridique du travail au noir. En pratique, on qualifie de travail au noir toutes les activit\u00e9s exerc\u00e9es par un salari\u00e9 ou par un ind\u00e9pendant qui vont \u00e0 l\u2019encontre des dispositions l\u00e9gales.<\/p>\n<p>Concr\u00e8tement qui dit travail au noir dit \u00e9galement pas de cotisations sociales (ex. AVS), ni de permis de travail, ni de salaire. Pour contrer cela, une loi (LTN) fut vot\u00e9e en 2008.<\/p>\n<p><strong>Mesures de lutte contre le travail au noir<\/strong><\/p>\n<p>La loi LTN pr\u00e9voit des contr\u00f4les ainsi que des sanctions pour palier au probl\u00e8me que repr\u00e9sente le travail au noir. Les cantons contr\u00f4lent entre autres si les travailleurs \u00e9trangers poss\u00e8dent un permis de travail pour la suisse, ou aussi si les cotisations sociales ont \u00e9t\u00e9 vers\u00e9es dans les r\u00e8gles de l\u2019art.<\/p>\n<p>En plus de \u00e7a, les cantons peuvent introduire un proc\u00e9d\u00e9 simplifi\u00e9 de d\u00e9compte amenant des all\u00e8gements administratifs pour la d\u00e9claration d&#8217;activit\u00e9s salari\u00e9es mais \u00e9galement pour la perception de l&#8217;imp\u00f4t \u00e0 la source.<\/p>\n<p>&nbsp;<\/p>\n<p><a class=\"postButton\" href=\"https:\/\/www.startups.ch\/fr\/blog\/category\/questions-juridiques\/\" target=\"_blank\">\u00bb Autres articles juridiques<\/a> <a class=\"postButton\" href=\" https:\/\/startups.ch\/fr\/preparer\/business-plan\/qui-besoin\/\" target=\"_blank\">\u00bb R\u00e9diger son Business plan<\/a><\/p>\n<p>&nbsp;<\/p>\n<p>&nbsp;<\/p>\n","protected":false},"excerpt":{"rendered":"<p>De mani\u00e8re g\u00e9n\u00e9rale, le travail au noir est interdit en Suisse. Les employ\u00e9s et employeurs qui ne respectent pas cette loi s\u2019exposent \u00e0 des sanctions ainsi qu\u2019\u00e0 des amendes.<\/p>\n","protected":false},"author":1,"featured_media":0,"comment_status":"open","ping_status":"open","sticky":false,"template":"","format":"standard","meta":{"content-type":"","jetpack_post_was_ever_published":false,"_jetpack_newsletter_access":"","_jetpack_dont_email_post_to_subs":false,"_jetpack_newsletter_tier_id":0,"footnotes":"","jetpack_publicize_message":"Le travail au noir ! Qu\u2019est-ce que c\u2019est ? Est-ce autoris\u00e9 en Suisse ?\r\n#startups #goodtoknow #CestMonDroit","jetpack_publicize_feature_enabled":true,"jetpack_social_post_already_shared":true,"jetpack_social_options":{"image_generator_settings":{"template":"highway","enabled":false}}},"categories":[9],"tags":[],"jetpack_publicize_connections":[],"aioseo_notices":[],"views":2665,"jetpack_featured_media_url":"","jetpack_sharing_enabled":true,"jetpack_shortlink":"https:\/\/wp.me\/p7y0qY-1cF","_links":{"self":[{"href":"https:\/\/blog.startups.ch\/fr\/wp-json\/wp\/v2\/posts\/4629"}],"collection":[{"href":"https:\/\/blog.startups.ch\/fr\/wp-json\/wp\/v2\/posts"}],"about":[{"href":"https:\/\/blog.startups.ch\/fr\/wp-json\/wp\/v2\/types\/post"}],"author":[{"embeddable":true,"href":"https:\/\/blog.startups.ch\/fr\/wp-json\/wp\/v2\/users\/1"}],"replies":[{"embeddable":true,"href":"https:\/\/blog.startups.ch\/fr\/wp-json\/wp\/v2\/comments?post=4629"}],"version-history":[{"count":3,"href":"https:\/\/blog.startups.ch\/fr\/wp-json\/wp\/v2\/posts\/4629\/revisions"}],"predecessor-version":[{"id":4630,"href":"https:\/\/blog.startups.ch\/fr\/wp-json\/wp\/v2\/posts\/4629\/revisions\/4630"}],"wp:attachment":[{"href":"https:\/\/blog.startups.ch\/fr\/wp-json\/wp\/v2\/media?parent=4629"}],"wp:term":[{"taxonomy":"category","embeddable":true,"href":"https:\/\/blog.startups.ch\/fr\/wp-json\/wp\/v2\/categories?post=4629"},{"taxonomy":"post_tag","embeddable":true,"href":"https:\/\/blog.startups.ch\/fr\/wp-json\/wp\/v2\/tags?post=4629"}],"curies":[{"name":"wp","href":"https:\/\/api.w.org\/{rel}","templated":true}]}}