{"id":4471,"date":"2016-10-08T20:15:29","date_gmt":"2016-10-08T18:15:29","guid":{"rendered":"https:\/\/www.startups.ch\/fr\/blog\/?p=4471"},"modified":"2016-10-08T20:15:29","modified_gmt":"2016-10-08T18:15:29","slug":"rapport-sur-les-creations-dentreprises","status":"publish","type":"post","link":"https:\/\/blog.startups.ch\/fr\/2016\/10\/08\/rapport-sur-les-creations-dentreprises\/","title":{"rendered":"Rapport sur les cr\u00e9ations d\u2019entreprises pour septembre 2016 : hausse automnale !"},"content":{"rendered":"<h2>En septembre 2016, de nombreuses entreprises ont \u00e9t\u00e9 inscrites au registre du commerce suisse. En tout on compte 3&#8217;097 nouvelles inscriptions. Cependant ce chiffre est en dessous de celui de septembre 2015.<\/h2>\n<p><!--more--><\/p>\n<h3><img loading=\"lazy\" decoding=\"async\" class=\"alignnone size-full wp-image-4473\" src=\"https:\/\/i0.wp.com\/www.startups.ch\/fr\/blog\/wp-content\/uploads\/2016\/10\/2016-10-STARTUPS.CH-Inscriptions-dans-le-registre-du-commerce-statistic-suisse.png?resize=633%2C514&#038;ssl=1\" alt=\"2016-10-startups-ch-inscriptions-dans-le-registre-du-commerce-statistic-suisse\" width=\"633\" height=\"514\" data-recalc-dims=\"1\" \/><\/h3>\n<p>(Source: Schweizerisches Handelsamtsblatt, SHAB)<\/p>\n<h3>Un bon d\u00e9but automnal<\/h3>\n<p>Apr\u00e8s un mois d\u2019ao\u00fbt tr\u00e8s faible, l\u2019automne d\u00e9bute sur les chapeaux de roues. En effet, durant le mois de septembre, on a enregistr\u00e9 3&#8217;097 nouvelles inscriptions au registre du commerce. Cela \u00e9quivaut \u00e0 une hausse de 11,4% soit 316 cr\u00e9ations.<\/p>\n<p>Ce chiffre est cependant inf\u00e9rieur \u00e0 celui de septembre 2015. Cette baisse relative de 1,7% n\u2019est par ailleurs pas alarmante et r\u00e9sulte des habituelles fluctuations.<\/p>\n<h3>S\u00e0rl, la forme juridique pr\u00e9f\u00e9r\u00e9e<\/h3>\n<p>La forme juridique S\u00e0rl fut la plus choisie en septembre 2016. En tout on d\u00e9nombre 1&#8217;141 nouvelles inscriptions de S\u00e0rl au registre du commerce. Cela correspond \u00e0 36.84%. La forme S\u00e0rl devance ainsi l\u2019entreprise individuelle dont le pourcentage est \u00e0 pr\u00e9sent de 34.00%. La forme SA, quant \u00e0 elle, fut choisie dans 19.41% des cas.<\/p>\n<p>La forme S\u00e0rl est souvent tr\u00e8s appr\u00e9ci\u00e9e par les Start-Ups car les co\u00fbts de fondation sont relativement bas (CHF 20&#8217;000.-). En plus de \u00e7a, l\u2019exclusion de la responsabilit\u00e9 personnelle s\u00e9duit souvent les jeunes entrepreneurs. En effet, ce n\u2019est que l\u2019entreprise qui doit r\u00e9pondre des dettes contract\u00e9es et non pas les soci\u00e9taires.<\/p>\n<h3>La r\u00e9gion Mittelland en hausse<\/h3>\n<p>Si l\u2019on compare les diff\u00e9rentes r\u00e9gions de la Suisse, on peut remarquer que la r\u00e9gion Mittelland a enregistr\u00e9 une bonne hausse en septembre 2016. Le canton d\u2019Argovie a enregistr\u00e9 une hausse de 1,04%, Soleure 13.04% et Berne 3,78%. Les cantons romands n\u2019ont enregistr\u00e9 aucune hausse. Vaud affiche un recul de 1.67%, Neuch\u00e2tel et Gen\u00e8ve n\u2019ont pas boug\u00e9.<\/p>\n<p>&nbsp;<\/p>\n<p>Les taux de croissance d\u00e9taill\u00e9s dans les diff\u00e9rents cantons sont pr\u00e9sent\u00e9s dans le tableau suivant.<\/p>\n<p><img loading=\"lazy\" decoding=\"async\" class=\"alignnone size-full wp-image-4474\" src=\"https:\/\/i0.wp.com\/www.startups.ch\/fr\/blog\/wp-content\/uploads\/2016\/10\/2016-10-Comparaison-entre-les-cantons.png?resize=634%2C852&#038;ssl=1\" alt=\"2016-10-comparaison-entre-les-cantons\" width=\"634\" height=\"852\" data-recalc-dims=\"1\" \/><\/p>\n<p>(Source: Schweizerisches Handelsamtsblatt, SHAB)<\/p>\n<p>&nbsp;<\/p>\n<p><a class=\"postButton\" href=\"https:\/\/secure.startups.ch\/fr\/default\/index\/index\" target=\"_blank\">\u00bb Rapport semestriel 2016<\/a> <a class=\"postButton\" href=\" https:\/\/startups.ch\/fr\/preparer\/business-plan\/qui-besoin\/\" target=\"_blank\">\u00bb R\u00e9diger son Business plan<\/a><\/p>\n<p>&nbsp;<\/p>\n<p>&nbsp;<\/p>\n","protected":false},"excerpt":{"rendered":"<p>En septembre 2016, de nombreuses entreprises ont \u00e9t\u00e9 inscrites au registre du commerce suisse. En tout on compte 3&#8217;097 nouvelles inscriptions. Cependant ce chiffre est en dessous de celui de septembre 2015.<\/p>\n","protected":false},"author":1,"featured_media":0,"comment_status":"open","ping_status":"open","sticky":false,"template":"","format":"standard","meta":{"content-type":"","jetpack_post_was_ever_published":false,"_jetpack_newsletter_access":"","_jetpack_dont_email_post_to_subs":false,"_jetpack_newsletter_tier_id":0,"footnotes":"","jetpack_publicize_message":"Rapport sur les cr\u00e9ations d\u2019entreprises pour septembre 2016\r\n#startups #septembre #goodtoknow","jetpack_publicize_feature_enabled":true,"jetpack_social_post_already_shared":true,"jetpack_social_options":{"image_generator_settings":{"template":"highway","enabled":false}}},"categories":[1],"tags":[],"jetpack_publicize_connections":[],"aioseo_notices":[],"views":1306,"jetpack_featured_media_url":"","jetpack_sharing_enabled":true,"jetpack_shortlink":"https:\/\/wp.me\/p7y0qY-1a7","_links":{"self":[{"href":"https:\/\/blog.startups.ch\/fr\/wp-json\/wp\/v2\/posts\/4471"}],"collection":[{"href":"https:\/\/blog.startups.ch\/fr\/wp-json\/wp\/v2\/posts"}],"about":[{"href":"https:\/\/blog.startups.ch\/fr\/wp-json\/wp\/v2\/types\/post"}],"author":[{"embeddable":true,"href":"https:\/\/blog.startups.ch\/fr\/wp-json\/wp\/v2\/users\/1"}],"replies":[{"embeddable":true,"href":"https:\/\/blog.startups.ch\/fr\/wp-json\/wp\/v2\/comments?post=4471"}],"version-history":[{"count":2,"href":"https:\/\/blog.startups.ch\/fr\/wp-json\/wp\/v2\/posts\/4471\/revisions"}],"predecessor-version":[{"id":4476,"href":"https:\/\/blog.startups.ch\/fr\/wp-json\/wp\/v2\/posts\/4471\/revisions\/4476"}],"wp:attachment":[{"href":"https:\/\/blog.startups.ch\/fr\/wp-json\/wp\/v2\/media?parent=4471"}],"wp:term":[{"taxonomy":"category","embeddable":true,"href":"https:\/\/blog.startups.ch\/fr\/wp-json\/wp\/v2\/categories?post=4471"},{"taxonomy":"post_tag","embeddable":true,"href":"https:\/\/blog.startups.ch\/fr\/wp-json\/wp\/v2\/tags?post=4471"}],"curies":[{"name":"wp","href":"https:\/\/api.w.org\/{rel}","templated":true}]}}