{"id":4458,"date":"2016-10-06T11:09:18","date_gmt":"2016-10-06T09:09:18","guid":{"rendered":"https:\/\/www.startups.ch\/fr\/blog\/?p=4458"},"modified":"2016-10-06T11:09:18","modified_gmt":"2016-10-06T09:09:18","slug":"resiliation-du-contrat-de-travail-sans-preavis","status":"publish","type":"post","link":"https:\/\/blog.startups.ch\/fr\/2016\/10\/06\/resiliation-du-contrat-de-travail-sans-preavis\/","title":{"rendered":"R\u00e9siliation du contrat de travail sans pr\u00e9avis \u2013 \u00e0 quoi l\u2019employeur doit-il penser ?"},"content":{"rendered":"<h2><strong>La r\u00e9siliation sans pr\u00e9avis du contrat de travail est seulement possible en cas de raison importante. Si aucun juste motif n\u2019est donn\u00e9, l\u2019employeur peut \u00eatre oblig\u00e9 de verser \u00e0 l\u2019employ\u00e9 un d\u00e9dommagement allant jusqu\u2019\u00e0 6 mois de salaire. Ces raisons ne sont pas contenues dans la loi, elles sont issues de la jurisprudence. <\/strong><\/h2>\n<p><!--more--><\/p>\n<h3><img loading=\"lazy\" decoding=\"async\" class=\"alignnone wp-image-4219\" src=\"https:\/\/i0.wp.com\/www.startups.ch\/fr\/blog\/wp-content\/uploads\/2016\/07\/Tastatur-Recht_Gerd-Altmann_pixelio.de_-300x212.jpg?resize=888%2C628&#038;ssl=1\" alt=\"Tastatur Recht_Gerd Altmann_pixelio.de\" width=\"888\" height=\"628\" data-recalc-dims=\"1\" \/><\/h3>\n<h3><strong>Une r\u00e9siliation sans pr\u00e9avis est \u00e0 tout moment possible <\/strong><\/h3>\n<p>Si une importante raison est donn\u00e9e, le contrat de travail peut \u00eatre r\u00e9sili\u00e9 \u00e0 tout moment et avec effet imm\u00e9diat par l\u2019employeur ou par l\u2019employ\u00e9. \u00a0Sont notamment consid\u00e9r\u00e9es comme de justes motifs toutes les circonstances qui, selon les r\u00e8gles de la bonne foi, ne permettent pas d&#8217;exiger de celui qui a donn\u00e9 le cong\u00e9 la continuation des rapports de travail <a href=\"https:\/\/www.admin.ch\/opc\/fr\/classified-compilation\/19110009\/index.html\" target=\"_blank\">(art 337 CO)<\/a>. C\u2019est le juge qui d\u00e9cide au final si le motif est juste ou non. La jurisprudence a cependant d\u00e9velopp\u00e9 quelques principes g\u00e9n\u00e9raux.<\/p>\n<h3><strong>Les justes motifs dans la jurisprudence<\/strong><\/h3>\n<p>Un manquement grave de l\u2019employ\u00e9 est une raison suffisante pour une r\u00e9siliation sans pr\u00e9avis et cela m\u00eame sans sommation. Les points suivants sont des exemples de justes motifs:<\/p>\n<ul>\n<li>Infractions ou crimes comme par exemple le vol, l\u2019espionnage ou l\u2019abus de confiance<\/li>\n<li>Fausses donn\u00e9es lors de l\u2019entretien d\u2019embauche comme par exemple la remise de faux dipl\u00f4mes<\/li>\n<li>Manquement au devoir comme par exemple un refus de travail r\u00e9p\u00e9t\u00e9<\/li>\n<li>Menaces ou insultes \u00e0 r\u00e9p\u00e9tition<\/li>\n<\/ul>\n<p>Si les manquements ne sont pas si graves, l\u2019employ\u00e9 doit \u00eatre d\u2019abord averti<\/p>\n<p>En pr\u00e9sence de motifs graves, l\u2019employeur se doit de r\u00e9agir imm\u00e9diatement. Il doit en effet formuler la volont\u00e9 de r\u00e9silier le contrat de travail avec effet imm\u00e9diat dans les 3 jours ouvrables suivants sinon l\u2019employeur perd ce droit.<\/p>\n<p>Si l\u2019employeur n\u2019a que des soup\u00e7ons qu\u2019en \u00e0 la pr\u00e9sence de manquements graves (ex\u00a0: vol sur le lieu de travail), il peut d\u2019abord proc\u00e9der \u00e0 une enqu\u00eate.<\/p>\n<h3><strong>Cons\u00e9quences d\u2019une r\u00e9siliation injustifi\u00e9e <\/strong><\/h3>\n<p>Une r\u00e9siliation sans pr\u00e9avis <strong>justifi\u00e9e<\/strong> met un terme au contrat de travail de mani\u00e8re imm\u00e9diate. Dans ce cas, l\u2019employ\u00e9 n\u2019a pas de droits suppl\u00e9mentaires concernant le paiement d\u2019un salaire (art 337b CO)<\/p>\n<p>Une r\u00e9siliation sans pr\u00e9avis <strong>injustifi\u00e9e<\/strong> met \u00e9galement un terme au contrat de travail de mani\u00e8re imm\u00e9diate. Dans ce cas, l\u2019employ\u00e9 a cependant le droit au salaire qu\u2019il aurait re\u00e7u durant le d\u00e9lai de r\u00e9siliation ordinaire. En plus de \u00e7a, l\u2019employeur doit s\u2019acquitter d\u2019une indemnisation allant jusqu\u2019\u00e0 6 mois de salaire. La hauteur de ce montant est d\u00e9finie par le juge.<\/p>\n<p>&nbsp;<\/p>\n<p><a class=\"postButton\" href=\"https:\/\/www.startups.ch\/fr\/blog\/category\/questions-juridiques\/\" target=\"_blank\">\u00bb Questions juridiques<\/a> <a class=\"postButton\" href=\"https:\/\/secure.startups.ch\/fr\/default\/index\/index\" target=\"_blank\">\u00bb R\u00e9diger un contrat de travail en ligne<\/a><\/p>\n<p>&nbsp;<\/p>\n","protected":false},"excerpt":{"rendered":"<p>La r\u00e9siliation sans pr\u00e9avis du contrat de travail est seulement possible en cas de raison importante. Si aucun juste motif n\u2019est donn\u00e9, l\u2019employeur peut \u00eatre oblig\u00e9 de verser \u00e0 l\u2019employ\u00e9 un d\u00e9dommagement allant jusqu\u2019\u00e0 6 mois de salaire. Ces raisons ne sont pas contenues dans la loi, elles sont issues de la jurisprudence.<\/p>\n","protected":false},"author":1,"featured_media":0,"comment_status":"open","ping_status":"open","sticky":false,"template":"","format":"standard","meta":{"content-type":"","jetpack_post_was_ever_published":false,"_jetpack_newsletter_access":"","_jetpack_dont_email_post_to_subs":false,"_jetpack_newsletter_tier_id":0,"footnotes":"","jetpack_publicize_message":"R\u00e9siliation du contrat de travail sans pr\u00e9avis \u2013 ce qu'il faut savoir !\r\n#startups #CestMonDroit #goodtoknow","jetpack_publicize_feature_enabled":true,"jetpack_social_post_already_shared":true,"jetpack_social_options":{"image_generator_settings":{"template":"highway","enabled":false}}},"categories":[1],"tags":[],"jetpack_publicize_connections":[],"aioseo_notices":[],"views":4847,"jetpack_featured_media_url":"","jetpack_sharing_enabled":true,"jetpack_shortlink":"https:\/\/wp.me\/p7y0qY-19U","_links":{"self":[{"href":"https:\/\/blog.startups.ch\/fr\/wp-json\/wp\/v2\/posts\/4458"}],"collection":[{"href":"https:\/\/blog.startups.ch\/fr\/wp-json\/wp\/v2\/posts"}],"about":[{"href":"https:\/\/blog.startups.ch\/fr\/wp-json\/wp\/v2\/types\/post"}],"author":[{"embeddable":true,"href":"https:\/\/blog.startups.ch\/fr\/wp-json\/wp\/v2\/users\/1"}],"replies":[{"embeddable":true,"href":"https:\/\/blog.startups.ch\/fr\/wp-json\/wp\/v2\/comments?post=4458"}],"version-history":[{"count":2,"href":"https:\/\/blog.startups.ch\/fr\/wp-json\/wp\/v2\/posts\/4458\/revisions"}],"predecessor-version":[{"id":4461,"href":"https:\/\/blog.startups.ch\/fr\/wp-json\/wp\/v2\/posts\/4458\/revisions\/4461"}],"wp:attachment":[{"href":"https:\/\/blog.startups.ch\/fr\/wp-json\/wp\/v2\/media?parent=4458"}],"wp:term":[{"taxonomy":"category","embeddable":true,"href":"https:\/\/blog.startups.ch\/fr\/wp-json\/wp\/v2\/categories?post=4458"},{"taxonomy":"post_tag","embeddable":true,"href":"https:\/\/blog.startups.ch\/fr\/wp-json\/wp\/v2\/tags?post=4458"}],"curies":[{"name":"wp","href":"https:\/\/api.w.org\/{rel}","templated":true}]}}