{"id":4372,"date":"2016-09-05T13:32:40","date_gmt":"2016-09-05T11:32:40","guid":{"rendered":"https:\/\/www.startups.ch\/fr\/blog\/?p=4372"},"modified":"2016-09-05T13:32:40","modified_gmt":"2016-09-05T11:32:40","slug":"idiap-programme-valais-wallis-ambition","status":"publish","type":"post","link":"https:\/\/blog.startups.ch\/fr\/2016\/09\/05\/idiap-programme-valais-wallis-ambition\/","title":{"rendered":"L&#8217;Idiap f\u00eate son 25\u00e8me anniversaire en lan\u00e7ant le programme &#8220;Valais-Wallis Ambition&#8221;"},"content":{"rendered":"<h2>L\u2019Idiap qui f\u00eate cette ann\u00e9e son 25\u00e8me anniversaire, lance un nouveau programme : \u00ab Valais-Wallis Ambition \u00bb. Le but de cette d\u00e9marche est de faire revenir les \u00ab cerveaux \u00bb valaisans dans le canton en encourageant la formation postuniversitaire des jeunes valaisans\/valaisannes.<\/h2>\n<p><!--more--><\/p>\n<p><img loading=\"lazy\" decoding=\"async\" class=\"wp-image-4374\" src=\"https:\/\/i0.wp.com\/www.startups.ch\/fr\/blog\/wp-content\/uploads\/2016\/09\/idiap-building-1200x901.jpg?resize=836%2C628&#038;ssl=1\" alt=\"idiap-building\" width=\"836\" height=\"628\" data-recalc-dims=\"1\" \/><\/p>\n<p>(Source image: https:\/\/www.idiap.ch\/the-institute\/images\/idiap-building)<\/p>\n<h3>Institut de Recherche Idiap<\/h3>\n<p>L\u2019Idiap qui si\u00e8ge \u00e0 Martigny, a \u00e9t\u00e9 fond\u00e9 en 1991 par la ville de Martigny, l\u2019Etat du Valais, l\u2019Ecole polytechnique f\u00e9d\u00e9rale de Lausanne (EPFL), l\u2019Universit\u00e9 de Gen\u00e8ve et Swisscom. Il s\u2019agit d\u2019une fondation \u00e0 but non lucratif, financ\u00e9e \u00e0 50% par des fonds publics et sp\u00e9cialis\u00e9e dans la recherche et le d\u00e9veloppement dans le domaine de la gestion de l\u2019informatique multim\u00e9dia.<\/p>\n<p>Depuis 2008, l\u2019Idiap a resserr\u00e9 ses liens avec l\u2019EPFL gr\u00e2ce entre autres \u00e0 un plan de d\u00e9veloppement commun. Ceci permet par exemple \u00e0 certains chercheurs de l\u2019Idiap de b\u00e9n\u00e9ficier d\u2019un titre acad\u00e9mique EPFL ainsi que de donner des cours post-grades et du second cycle.<\/p>\n<h3>\u00a0\u00ab Valais-Wallis Ambition \u00bb<\/h3>\n<p>Avec son programme \u00ab Valais-Wallis Ambition \u00bb, l\u2019Institut de Recherche Idiap souhaite offrir des opportunit\u00e9s professionnelles aux jeunes valaisans\/valaisannes ayant fait leur scolarit\u00e9 obligatoire et secondaire dans le canton du Valais. En effet, les personnes remplissant les conditions requises et ayant pour ambition de participer \u00e0 un projet scientifique en ad\u00e9quation avec les domaines d\u2019int\u00e9r\u00eats de l\u2019Idiap se voient offrir, gr\u00e2ce \u00e0 ce projet, une chance de continuer une formation postuniversitaire en Valais.<\/p>\n<p>Pour pouvoir d\u00e9crocher une place pour ce programme, il faut, comme cit\u00e9 auparavant, avoir effectu\u00e9 sa scolarit\u00e9 primaire et secondaire en Valais et \u00e9galement souhaiter acqu\u00e9rir un doctorat ou un post-doctorat dans le m\u00eame canton. Les candidats doivent avoir excell\u00e9 durant leurs \u00e9tudes et montrer un fort int\u00e9r\u00eat pour la recherche et le d\u00e9veloppement du canton du Valais. En plus de ces conditions, la qualit\u00e9 scientifique de chaque candidat est un crit\u00e8re d\u00e9terminant lors de l\u2019analyse d\u2019une candidature. Les personnes souhaitant d\u00e9poser un dossier sont \u00e9galement encourag\u00e9es \u00e0 transmettre, en plus de l\u2019habituel CV, une lettre de motivation dans laquelle elles expliquent en quoi leur pr\u00e9sence au sein de l\u2019Idiap pourrait \u00eatre b\u00e9n\u00e9fique aux recherches et \u00e0 l\u2019\u00e9volution de l\u2019institut.<br \/>\nL\u2019Idiap souhaite \u00e9galement inciter les femmes \u00e0 plus oser tenter l\u2019aventure dans ce domaine qui est, il faut bien l\u2019avouer pour l\u2019instant, domin\u00e9 par la gente masculine.<\/p>\n<p>A travers ce projet, l\u2019Idiap souhaite donc d\u2019une part faire revenir les \u00ab cerveaux \u00bb valaisans dans leur canton d\u2019origine, et d\u2019autre part \u00e9galement rendre \u00e0 la ville de Martigny ainsi qu\u2019au Valais une part de ce que ceux-ci ont apport\u00e9 \u00e0 cet \u00e9tablissement depuis 25 ans. En effet, sans le soutien inconditionnel du canton et de la ville de Martigny, l\u2019Idiap n\u2019aurait sans doute jamais pu voir le jour, ni avoir une telle long\u00e9vit\u00e9.<\/p>\n<p>Depuis sa cr\u00e9ation, les programmes de l\u2019Idiap ont d\u00e9j\u00e0, \u00e0 de nombreuses reprises, port\u00e9 leurs fruits. Aujourd\u2019hui, plusieurs Valaisans ayant suivi un cursus dans cet institut, y occupent une place permanente. D\u2019autres anciens \u00ab \u00e9l\u00e8ves \u00bb participent amplement \u00e0 stimuler l\u2019\u00e9conomie locale, que ce soit en fondant leur propre soci\u00e9t\u00e9 ou en travaillant pour d\u2019importantes soci\u00e9t\u00e9s valaisannes.<\/p>\n<h3>Doctorat<\/h3>\n<p>La dur\u00e9e usuelle d\u2019un programme de doctorat est de 4 ans. Pour pouvoir s\u2019y inscrire il faut, en plus des conditions cit\u00e9es ci-dessus, avoir acquis un master en ing\u00e9nierie, en physique, en science informatique ou encore en math\u00e9matiques appliqu\u00e9es. Le candidat doit avoir \u00e9galement un fort int\u00e9r\u00eat pour le domaine de la recherche scientifique et poss\u00e9der d\u2019excellentes connaissances en statistiques, alg\u00e8bre lin\u00e9aire, \u00eatre familier \u00e0 la programmation C\/C++ et au langage crypt\u00e9 Perl et Python ainsi qu\u2019\u00e0 l\u2019environnement Linux.<\/p>\n<h3>Post-Doctorat<\/h3>\n<p>Pour un post-doctorat, il faut compter normalement 1 an. Les conditions d\u2019admission primaires sont les m\u00eames que pour un doctorat. La personne souhaitant cependant se voir offrir une place pour un post-doctorat doit avoir prouv\u00e9 d\u00e9tenir d\u2019excellentes capacit\u00e9s de recherche et avoir \u00e0 son actif un taux \u00e9lev\u00e9 de publications. En plus de cela, l\u2019Idiap attend du candidat une aptitude \u00e0 travailler de mani\u00e8re autonome et cr\u00e9ative dans ses recherches.<\/p>\n<p>&nbsp;<\/p>\n<p>Pour plus d\u2019informations cliquer ici : <a href=\"https:\/\/www.idiap.ch\/?set_language=fr\">https:\/\/www.idiap.ch\/?set_language=fr<\/a><\/p>\n<p>&nbsp;<\/p>\n<p><a class=\"postButton\" href=\"https:\/\/www.startups.ch\/fr\/blog\/\" target=\"_blank\">\u00bb D\u00e9couvrir d&#8217;autres articles<\/a> <a class=\"postButton\" href=\" https:\/\/startups.ch\/fr\/preparer\/business-plan\/qui-besoin\/\" target=\"_blank\">\u00bb R\u00e9diger son Business plan<\/a><\/p>\n<p>&nbsp;<\/p>\n<p>&nbsp;<\/p>\n<p>&nbsp;<\/p>\n","protected":false},"excerpt":{"rendered":"<p>L\u2019Idiap qui f\u00eate cette ann\u00e9e son 25\u00e8me anniversaire, lance un nouveau programme : \u00ab Valais-Wallis Ambition \u00bb. Le but de cette d\u00e9marche est de faire revenir les \u00ab cerveaux \u00bb valaisans dans le canton en encourageant la formation postuniversitaire des jeunes valaisans\/valaisannes.<\/p>\n","protected":false},"author":1,"featured_media":0,"comment_status":"open","ping_status":"open","sticky":false,"template":"","format":"standard","meta":{"content-type":"","jetpack_post_was_ever_published":false,"_jetpack_newsletter_access":"","_jetpack_dont_email_post_to_subs":false,"_jetpack_newsletter_tier_id":0,"footnotes":"","jetpack_publicize_message":"L'Idiap f\u00eate son 25\u00e8me anniversaire en lan\u00e7ant le programme \"Valais-Wallis Ambition\".\r\n#idiap #valais #wallis #startups","jetpack_publicize_feature_enabled":true,"jetpack_social_post_already_shared":true,"jetpack_social_options":{"image_generator_settings":{"template":"highway","enabled":false}}},"categories":[1],"tags":[],"jetpack_publicize_connections":[],"aioseo_notices":[],"views":2213,"jetpack_featured_media_url":"","jetpack_sharing_enabled":true,"jetpack_shortlink":"https:\/\/wp.me\/p7y0qY-18w","_links":{"self":[{"href":"https:\/\/blog.startups.ch\/fr\/wp-json\/wp\/v2\/posts\/4372"}],"collection":[{"href":"https:\/\/blog.startups.ch\/fr\/wp-json\/wp\/v2\/posts"}],"about":[{"href":"https:\/\/blog.startups.ch\/fr\/wp-json\/wp\/v2\/types\/post"}],"author":[{"embeddable":true,"href":"https:\/\/blog.startups.ch\/fr\/wp-json\/wp\/v2\/users\/1"}],"replies":[{"embeddable":true,"href":"https:\/\/blog.startups.ch\/fr\/wp-json\/wp\/v2\/comments?post=4372"}],"version-history":[{"count":2,"href":"https:\/\/blog.startups.ch\/fr\/wp-json\/wp\/v2\/posts\/4372\/revisions"}],"predecessor-version":[{"id":4376,"href":"https:\/\/blog.startups.ch\/fr\/wp-json\/wp\/v2\/posts\/4372\/revisions\/4376"}],"wp:attachment":[{"href":"https:\/\/blog.startups.ch\/fr\/wp-json\/wp\/v2\/media?parent=4372"}],"wp:term":[{"taxonomy":"category","embeddable":true,"href":"https:\/\/blog.startups.ch\/fr\/wp-json\/wp\/v2\/categories?post=4372"},{"taxonomy":"post_tag","embeddable":true,"href":"https:\/\/blog.startups.ch\/fr\/wp-json\/wp\/v2\/tags?post=4372"}],"curies":[{"name":"wp","href":"https:\/\/api.w.org\/{rel}","templated":true}]}}