{"id":3881,"date":"2016-01-14T08:30:33","date_gmt":"2016-01-14T07:30:33","guid":{"rendered":"http:\/\/blog.startups.ch\/fr\/?p=3881"},"modified":"2016-01-07T21:23:01","modified_gmt":"2016-01-07T20:23:01","slug":"taches-legales-dun-directeur-general-de-sarl","status":"publish","type":"post","link":"https:\/\/blog.startups.ch\/fr\/2016\/01\/14\/taches-legales-dun-directeur-general-de-sarl\/","title":{"rendered":"T\u00e2ches l\u00e9gales d&#8217;un directeur g\u00e9n\u00e9ral de SARL"},"content":{"rendered":"<p><strong>Les t\u00e2ches l\u00e9gales d&#8217;un directeur g\u00e9n\u00e9ral de SARL sont inali\u00e9nables et non cessibles. Les statuts de la SARL peuvent diverger de ce principe de mani\u00e8re limit\u00e9e. Il est important de mentionner que tous les associ\u00e9s constituent ensemble la direction (ce que l&#8217;on appelle l&#8217;autorepr\u00e9sentation) sauf disposition contraire dans les statuts.<\/strong><\/p>\n<p><!--more--><\/p>\n<p><img loading=\"lazy\" decoding=\"async\" class=\"alignnone size-full wp-image-3021\" src=\"https:\/\/i0.wp.com\/blog.startups.ch\/fr\/wp-content\/uploads\/2014\/02\/thumb5.wuala_.com_.jpg?resize=690%2C349\" alt=\"personnalit\u00e9 juridique\" width=\"690\" height=\"349\" srcset=\"https:\/\/i0.wp.com\/blog.startups.ch\/fr\/wp-content\/uploads\/2014\/02\/thumb5.wuala_.com_.jpg?w=690&amp;ssl=1 690w, https:\/\/i0.wp.com\/blog.startups.ch\/fr\/wp-content\/uploads\/2014\/02\/thumb5.wuala_.com_.jpg?resize=300%2C151&amp;ssl=1 300w\" sizes=\"(max-width: 690px) 100vw, 690px\" data-recalc-dims=\"1\" \/><\/p>\n<p><strong>T\u00e2ches l\u00e9gales (cf. 810 alin\u00e9a 2 CO):<\/strong><\/p>\n<ul>\n<li>haute direction de la soci\u00e9t\u00e9<\/li>\n<li>d\u00e9termination de l&#8217;organisation<\/li>\n<li>fixation des principes de comptabilit\u00e9<\/li>\n<li>surveillance sur les personnes charg\u00e9es de parties de la direction<\/li>\n<li>\u00e9tablissement du rapport de gestion (comptes annuels et rapport annuel)<\/li>\n<li>pr\u00e9paration de l\u2019assembl\u00e9e des associ\u00e9s<\/li>\n<li>ex\u00e9cution des d\u00e9cisions de l&#8217;assembl\u00e9e des associ\u00e9s<\/li>\n<li>informer le juge en cas de surendettement<\/li>\n<\/ul>\n<p>Le <strong>pr\u00e9sident <\/strong>de la direction ou <strong>le directeur g\u00e9n\u00e9ral unique<\/strong> poss\u00e8de en plus les t\u00e2ches l\u00e9gales suivantes (cf. art. 810 alin\u00e9a 3 CO) :<\/p>\n<ul>\n<li>convoquer et diriger l\u2019assembl\u00e9e des associ\u00e9s<\/li>\n<li>informer tous les autres associ\u00e9s<\/li>\n<li>D\u00e9clarer des modifications \u00e0 l\u2019office du registre du commerce<\/li>\n<\/ul>\n<p>Ces t\u00e2ches sont attribu\u00e9es par la loi \u00e0 la direction et sont inali\u00e9nables et intransmissibles (art. 810 alin\u00e9a 2 CO). Cela signifie que de telles d\u00e9cisions ne peuvent ni \u00eatre d\u00e9l\u00e9gu\u00e9es vers le bas (par ex. aux employ\u00e9s) ni vers le haut (par ex. \u00e0 l&#8217;assembl\u00e9e des associ\u00e9s). Les statuts peuvent diverger de mani\u00e8re limit\u00e9e de ce principe en prescrivant que certaines d\u00e9cisions des directeurs g\u00e9n\u00e9rales doivent \u00eatre pr\u00e9sent\u00e9es \u00e0 l&#8217;assembl\u00e9e des associ\u00e9s pour accord. Les statuts peuvent \u00e9galement d\u00e9finir que seul les questions individuelles doivent \u00eatre pr\u00e9sent\u00e9es \u00e0 l&#8217;assembl\u00e9e des associ\u00e9s.<\/p>\n<p>Vous trouverez de plus amples informations sur les t\u00e2ches d&#8217;un directeur g\u00e9n\u00e9ral en consultant notre <span style=\"color: #ff0000;\">article sur le blog.<\/span><\/p>\n<p><a class=\"postButton\" href=\" https:\/\/startups.ongedo.com\/fr\/default\/index\/index \">\u00bb Calculer un devis maintenant et cr\u00e9er sa succursale<\/a><\/p>\n","protected":false},"excerpt":{"rendered":"<p>Les t\u00e2ches l\u00e9gales d&#8217;un directeur g\u00e9n\u00e9ral de SARL sont inali\u00e9nables et non cessibles. Les statuts de la SARL peuvent diverger de ce principe de mani\u00e8re limit\u00e9e. Il est important de mentionner que tous les associ\u00e9s constituent ensemble la direction (ce que l&#8217;on appelle l&#8217;autorepr\u00e9sentation) sauf disposition contraire dans les statuts.<\/p>\n","protected":false},"author":1,"featured_media":0,"comment_status":"open","ping_status":"open","sticky":false,"template":"","format":"standard","meta":{"content-type":"","jetpack_post_was_ever_published":false,"_jetpack_newsletter_access":"","_jetpack_dont_email_post_to_subs":false,"_jetpack_newsletter_tier_id":0,"footnotes":"","jetpack_publicize_message":"","jetpack_publicize_feature_enabled":true,"jetpack_social_post_already_shared":true,"jetpack_social_options":{"image_generator_settings":{"template":"highway","enabled":false}}},"categories":[1,9,3],"tags":[352,353,355,354,403,356],"jetpack_publicize_connections":[],"aioseo_notices":[],"views":6735,"jetpack_featured_media_url":"","jetpack_sharing_enabled":true,"jetpack_shortlink":"https:\/\/wp.me\/p7y0qY-10B","_links":{"self":[{"href":"https:\/\/blog.startups.ch\/fr\/wp-json\/wp\/v2\/posts\/3881"}],"collection":[{"href":"https:\/\/blog.startups.ch\/fr\/wp-json\/wp\/v2\/posts"}],"about":[{"href":"https:\/\/blog.startups.ch\/fr\/wp-json\/wp\/v2\/types\/post"}],"author":[{"embeddable":true,"href":"https:\/\/blog.startups.ch\/fr\/wp-json\/wp\/v2\/users\/1"}],"replies":[{"embeddable":true,"href":"https:\/\/blog.startups.ch\/fr\/wp-json\/wp\/v2\/comments?post=3881"}],"version-history":[{"count":1,"href":"https:\/\/blog.startups.ch\/fr\/wp-json\/wp\/v2\/posts\/3881\/revisions"}],"predecessor-version":[{"id":3882,"href":"https:\/\/blog.startups.ch\/fr\/wp-json\/wp\/v2\/posts\/3881\/revisions\/3882"}],"wp:attachment":[{"href":"https:\/\/blog.startups.ch\/fr\/wp-json\/wp\/v2\/media?parent=3881"}],"wp:term":[{"taxonomy":"category","embeddable":true,"href":"https:\/\/blog.startups.ch\/fr\/wp-json\/wp\/v2\/categories?post=3881"},{"taxonomy":"post_tag","embeddable":true,"href":"https:\/\/blog.startups.ch\/fr\/wp-json\/wp\/v2\/tags?post=3881"}],"curies":[{"name":"wp","href":"https:\/\/api.w.org\/{rel}","templated":true}]}}