{"id":3837,"date":"2015-12-08T14:37:24","date_gmt":"2015-12-08T13:37:24","guid":{"rendered":"http:\/\/blog.startups.ch\/fr\/?p=3837"},"modified":"2015-12-08T14:37:24","modified_gmt":"2015-12-08T13:37:24","slug":"swiss-economic-award-2016","status":"publish","type":"post","link":"https:\/\/blog.startups.ch\/fr\/2015\/12\/08\/swiss-economic-award-2016\/","title":{"rendered":"Swiss Economic Award 2016"},"content":{"rendered":"<p><b>Les inscriptions pour le\u00a0<\/b><b>Swiss<\/b><b>\u00a0<\/b><b>Economic<\/b><b>\u00a0<\/b><b>Award<\/b><b>\u00a02016<\/b><b>,\u00a0<\/b><b>connu pour \u00eatre\u00a0<\/b><b>la plus haute distinction de suisse\u00a0<\/b><b>d\u00e9cern\u00e9e\u00a0<\/b><b>aux jeunes entrepreneurs dans les cat\u00e9gories\u00a0<\/b><b>s<\/b><b>ervices,\u00a0<\/b><b>h<\/b><b>autes technologie<\/b><b>s<\/b><b>\u2009&amp;\u2009<\/b><b>b<\/b><b>iotechnologie<\/b><b>s<\/b><b>\u00a0<\/b><b>a<\/b><b>insi que\u00a0<\/b><b>p<\/b><b>roduction &amp;\u00a0<\/b><b>i<\/b><b>ndustrie<\/b><b>,<\/b><b>\u00a0<\/b><b>sont ouvertes<\/b><b>.\u00a0<\/b><\/p>\n<p><!--more--><\/p>\n<p><img decoding=\"async\" src=\"https:\/\/i0.wp.com\/www.swisseconomic.ch\/photos\/0d\/i56hmltg2hzcf8wbzqkydl4eql80ea\/sef_15_34-720-1.33.jpg\" alt=\"sef_15_34.jpg\" data-recalc-dims=\"1\" \/><\/p>\n<p>Gagnants 2015<\/p>\n<p>Depuis 1999, le\u00a0Swiss\u00a0Economic\u00a0Award\u00a0r\u00e9compense chaque ann\u00e9e les performances exceptionnelles de jeunes entreprises,\u00a0il honore\u00a0l&#8217;esprit\u00a0entrepreneurial\u00a0et soutient les nouvelles entreprises charg\u00e9es d&#8217;assurer la rel\u00e8ve.<i>\u00a0<\/i>Un concept qui fonctionne\u00a0excellemment\u00a0bien,\u00a0puisque\u00a0le taux de r\u00e9ussite des entreprises r\u00e9compens\u00e9es est\u00a0\u00e9poustouflant<i>.<\/i><i>\u00a0<\/i><\/p>\n<p>Cette ann\u00e9e encore la remise des prix aura\u00a0lieu lors du\u00a0Swiss\u00a0Economic\u00a0Forum\u00a0(<a title=\"SEF\" href=\"http:\/\/www.swisseconomic.ch\/de\/sef-2016\" target=\"_blank\">SEF<\/a>)\u00a0en juin\u00a0\u00e0 Interlaken.<\/p>\n<p><b>Soutenir <\/b><b>les jeunes entrepreneurs et assurer la rel\u00e8ve<\/b><\/p>\n<p>Si\u00a0l&#8217;on en croit\u00a0le\u00a0<a href=\"http:\/\/reports.weforum.org\/global-competitiveness-report-2015-2016\/competitiveness-rankings\/\">World Economic Forum<\/a>, la\u00a0suisse est le pays le plus comp\u00e9titif au monde\u00a0et en ses temps de ralentissement \u00e9conomique, notre\u00a0\u00e9conomie reste florissante. L\u2019un\u00a0des facteur\u00a0de cette r\u00e9ussite est la pr\u00e9sence\u00a0sur le territoire\u00a0suisse\u00a0de nombreuses\u00a0entreprises prosp\u00e8res\u00a0qui fournissent\u00a0du\u00a0travail\u00a0\u00e0 la population, et\u00a0g\u00e9n\u00e8re\u00a0de la\u00a0valeur\u00a0ajout\u00e9e.<\/p>\n<p>Chaque jour\u00a0en suisse,\u00a0une trentaine d\u2019entreprises sont cr\u00e9es et\u00a0la\u00a0tendance\u00a0est\u00a0\u00e0 la hausse. Bien que ce\u00a0chiffre\u00a0soit\u00a0remarquables, le faible taux de\u00a0r\u00e9ussite\u00a0des\u00a0entreprises\u00a0et leur manque de durabilit\u00e9\u00a0font\u00a0de l\u2019ombre au tableau.\u00a0Apr\u00e8s\u00a0un an,\u00a0seul\u00a080% d\u2019entre elles\u00a0sont encore actives.\u00a05 ans apr\u00e8s la cr\u00e9ation,\u00a0ce chiffre chute \u00e0 50%. Un ph\u00e9nom\u00e8ne\u00a0qui illustre un probl\u00e8me quelque peu alarmant:\u00a0bien\u00a0que de nombreuses entreprises aient des\u00a0id\u00e9es\u00a0innovantes, une majorit\u00e9 d\u2019entre elles\u00a0ne dispose pas d&#8217;un business model\u00a0rentable sur le long terme et peine\u00a0\u00e0 se d\u00e9velopper.<\/p>\n<p>C\u2019est ici qu\u2019intervient le\u00a0Swiss\u00a0Economic\u00a0Forum. Ce dernier vise\u00a0tout d&#8217;abord \u00e0\u00a0favoriser\u00a0l&#8217;esprit\u00a0entrepreneurial\u00a0et \u00e0\u00a0assurer la rel\u00e8ve. Pour cela il encourage\u00a0les entreprises\u00a0suisse\u00a0\u00e0\u00a0planifier\u00a0leur r\u00e9ussite sur le long terme\u00a0en\u00a0r\u00e9compensant\u00a0les\u00a0entreprises cr\u00e9atives et\u00a0innovantes qui montrent l&#8217;exemple, c\u2019est-\u00e0-dire celles\u00a0dont les taux de croissances sont au dessus de la\u00a0moyenne\u00a0et qui pr\u00e9sentent un fort potentiel de d\u00e9veloppement sur le long terme.<\/p>\n<p><b>U<\/b><b>n gamme compl\u00e8te de prestations<\/b><\/p>\n<p>Le\u00a0Swiss\u00a0Economic\u00a0Forum reste consistent dans son but de favoriser les entreprises\u00a0qui optent pour un croissance p\u00e9renne en offrant une r\u00e9compense\u00a0qui ne se limite pas \u00e0 un\u00a0prix\u00a0dot\u00e9\u00a0de CHF 75 000 \u00e0 partager entre les laur\u00e9ats.\u00a0En effet,\u00a0les\u00a0gagnants\u00a0remportent un\u00a0paquet\u00a0complet de\u00a0prestations qui\u00a0offre\u00a0des\u00a0avantages\u00a0incomparables,\u00a0telles\u00a0que\u00a0l&#8217;obtention\u00a0d&#8217;un\u00a0feed-back\u00a0d\u2019une\u00a0\u00e9quipe d\u2019experts\u00a0interdisciplinaires\u00a0,\u00a0une\u00a0couverture\u00a0m\u00e9diatique\u00a0importante et\u00a0acc\u00e8s\u00a0au\u00a0r\u00e9seau\u00a0du SEF.\u00a0Les gagnants\u00a0sont principalement soutenus dans les domaines o\u00f9\u00a0les entreprises ont souvent de grandes\u00a0difficult\u00e9s, \u00e0 savoir le financement, le marketing, la distribution\u00a0et enfin le\u00a0d\u00e9veloppement d&#8217;un\u00a0r\u00e9seau.<\/p>\n<p><b>Un taux de r\u00e9ussite sans \u00e9quivoque\u00a0<\/b><\/p>\n<p>Et cette strat\u00e9gie\u00a0porte ses fruits puisque le taux de r\u00e9ussite des entreprises\u00a0r\u00e9compens\u00e9es\u00a0et soutenues\u00a0par le\u00a0Swiss\u00a0Economic\u00a0Forum d\u00e9passe largement les\u00a0statistiques\u00a0nationales. En effet,\u00a0les 38 entreprises laur\u00e9ates depuis la cr\u00e9ation du prix en 1999, atteignent le taux exceptionnel de 97% de r\u00e9ussite! Ces derni\u00e8res ont cr\u00e9\u00e9 pas moins de 2050 places de travail\u00a0au total et sont parvenus \u00e0 un chiffre d&#8217;affaires de 2 milliards de francs par ann\u00e9e. Une illustration suppl\u00e9mentaire de l&#8217;importance et de l&#8217;efficacit\u00e9\u00a0d&#8217;un Coaching des nouvelles entreprises devant assurer la rel\u00e8ve.<\/p>\n<p>&nbsp;<\/p>\n<p>Les inscriptions\u00a0pour le\u00a0Swiss\u00a0Economic\u00a0Award\u00a02016\u00a0sont ouvertes.\u00a0Vous pouvez d\u00e9poser votre candidature en ligne jusqu\u2019au 31 janvier 2016.<\/p>\n<p>Informations\u00a0suppl\u00e9mentaires\u00a0et\u00a0candidature\u00a0en\u00a0ligne\u00a0sur:\u00a0\u00a0<a href=\"http:\/\/www.swisseconomic.ch\/award\">www.swisseconomic.ch\/award<\/a>;\u00a0<a href=\"mailto:award@swisseconomic.ch\">award@swisseconomic.ch<\/a><\/p>\n<p>N&#8217;attendez plus, inscrivez-vous maintenant !<\/p>\n<p>&nbsp;<\/p>\n","protected":false},"excerpt":{"rendered":"<p>Les inscriptions pour le\u00a0Swiss\u00a0Economic\u00a0Award\u00a02016,\u00a0connu pour \u00eatre\u00a0la plus haute distinction de suisse\u00a0d\u00e9cern\u00e9e\u00a0aux jeunes entrepreneurs dans les cat\u00e9gories\u00a0services,\u00a0hautes technologies\u2009&amp;\u2009biotechnologies\u00a0ainsi que\u00a0production &amp;\u00a0industrie,\u00a0sont ouvertes.\u00a0<\/p>\n","protected":false},"author":1,"featured_media":0,"comment_status":"open","ping_status":"open","sticky":false,"template":"","format":"standard","meta":{"content-type":"","jetpack_post_was_ever_published":false,"_jetpack_newsletter_access":"","_jetpack_dont_email_post_to_subs":false,"_jetpack_newsletter_tier_id":0,"footnotes":"","jetpack_publicize_message":"","jetpack_publicize_feature_enabled":true,"jetpack_social_post_already_shared":true,"jetpack_social_options":{"image_generator_settings":{"template":"highway","enabled":false}}},"categories":[10,228],"tags":[17,269,331,332],"jetpack_publicize_connections":[],"aioseo_notices":[],"views":1499,"jetpack_featured_media_url":"","jetpack_sharing_enabled":true,"jetpack_shortlink":"https:\/\/wp.me\/p7y0qY-ZT","_links":{"self":[{"href":"https:\/\/blog.startups.ch\/fr\/wp-json\/wp\/v2\/posts\/3837"}],"collection":[{"href":"https:\/\/blog.startups.ch\/fr\/wp-json\/wp\/v2\/posts"}],"about":[{"href":"https:\/\/blog.startups.ch\/fr\/wp-json\/wp\/v2\/types\/post"}],"author":[{"embeddable":true,"href":"https:\/\/blog.startups.ch\/fr\/wp-json\/wp\/v2\/users\/1"}],"replies":[{"embeddable":true,"href":"https:\/\/blog.startups.ch\/fr\/wp-json\/wp\/v2\/comments?post=3837"}],"version-history":[{"count":3,"href":"https:\/\/blog.startups.ch\/fr\/wp-json\/wp\/v2\/posts\/3837\/revisions"}],"predecessor-version":[{"id":3840,"href":"https:\/\/blog.startups.ch\/fr\/wp-json\/wp\/v2\/posts\/3837\/revisions\/3840"}],"wp:attachment":[{"href":"https:\/\/blog.startups.ch\/fr\/wp-json\/wp\/v2\/media?parent=3837"}],"wp:term":[{"taxonomy":"category","embeddable":true,"href":"https:\/\/blog.startups.ch\/fr\/wp-json\/wp\/v2\/categories?post=3837"},{"taxonomy":"post_tag","embeddable":true,"href":"https:\/\/blog.startups.ch\/fr\/wp-json\/wp\/v2\/tags?post=3837"}],"curies":[{"name":"wp","href":"https:\/\/api.w.org\/{rel}","templated":true}]}}