{"id":3708,"date":"2015-08-07T08:04:30","date_gmt":"2015-08-07T06:04:30","guid":{"rendered":"http:\/\/blog.startups.ch\/fr\/?p=3708"},"modified":"2015-08-07T08:04:30","modified_gmt":"2015-08-07T06:04:30","slug":"nouvelles-inscriptions-au-registre-du-commerce-en-juillet-2015-le-zenith-a-t-il-deja-ete-atteint","status":"publish","type":"post","link":"https:\/\/blog.startups.ch\/fr\/2015\/08\/07\/nouvelles-inscriptions-au-registre-du-commerce-en-juillet-2015-le-zenith-a-t-il-deja-ete-atteint\/","title":{"rendered":"Nouvelles inscriptions au registre du commerce en juillet 2015: le z\u00e9nith a-t-il d\u00e9j\u00e0 \u00e9t\u00e9 atteint?"},"content":{"rendered":"<h3><strong>Le nombre des cr\u00e9ations d\u2019entreprises en juillet 2015 est l\u00e9g\u00e8rement en recul par rapport \u00e0 celui de juillet 2014. Cela n\u2019est pas \u00e9tonnant puisque l\u2019apog\u00e9e des cr\u00e9ations a d\u00e9j\u00e0 \u00e9t\u00e9 atteint en juin avec un nombre de fondations exceptionnellement \u00e9lev\u00e9. Il fallait donc s\u2019attendre \u00e0 une l\u00e9g\u00e8re diminution des cr\u00e9ations de soci\u00e9t\u00e9s.<\/strong><\/h3>\n<p><!--more--><\/p>\n<p><a href=\"https:\/\/startups.ch\/fr\/contact-service\/qui-sommes-nous\/presence-dans-les-medias\/rapport-de-fondation\/\" target=\"_blank\"><img loading=\"lazy\" decoding=\"async\" class=\"alignnone size-full wp-image-3709\" src=\"https:\/\/i0.wp.com\/blog.startups.ch\/fr\/wp-content\/uploads\/2015\/08\/Suisse-Juillet-2015-inforgr.am_.png?resize=690%2C593\" alt=\"Suisse Juillet 2015 inforgr.am\" width=\"690\" height=\"593\" srcset=\"https:\/\/i0.wp.com\/blog.startups.ch\/fr\/wp-content\/uploads\/2015\/08\/Suisse-Juillet-2015-inforgr.am_.png?w=690&amp;ssl=1 690w, https:\/\/i0.wp.com\/blog.startups.ch\/fr\/wp-content\/uploads\/2015\/08\/Suisse-Juillet-2015-inforgr.am_.png?resize=300%2C257&amp;ssl=1 300w\" sizes=\"(max-width: 690px) 100vw, 690px\" data-recalc-dims=\"1\" \/><\/a><\/p>\n<p>&nbsp;<\/p>\n<h3>Diminution du nombre de cr\u00e9ations en juillet<\/h3>\n<p>Par rapport \u00e0 juillet 2014, le nombre des nouvelles inscriptions au registre du commerce a diminu\u00e9 en juillet 2015. Au total, une baisse des nouvelles inscriptions d\u2019environ 2,5 % a \u00e9t\u00e9 enregistr\u00e9e ce qui repr\u00e9sente en chiffres absolus 93\u00a0cr\u00e9ations d\u2019entreprises en moins par rapport \u00e0 l\u2019ann\u00e9e derni\u00e8re. Cela n\u2019est toutefois gu\u00e8re surprenant en raison des tr\u00e8s nombreuses cr\u00e9ations ayant \u00e9t\u00e9 consign\u00e9es en juin de cette ann\u00e9e. Pour le moment, le point culminant des cr\u00e9ations a donc d\u00e9j\u00e0 \u00e9t\u00e9 atteint en juin ce qui justifie la faible baisse enregistr\u00e9e en juillet. Il est actuellement tr\u00e8s difficile de pr\u00e9dire une tendance puisque les diff\u00e9rents mois pr\u00e9sentent de tr\u00e8s importantes variations par rapport \u00e0 l\u2019ann\u00e9e derni\u00e8re.<\/p>\n<p>Du point de vue des r\u00e9gions linguistiques, on peut constater que seule la Suisse romande conna\u00eet une faible augmentation de 1,1 %. La Suisse al\u00e9manique et le Tessin enregistrent tous deux une diminution des nouvelles cr\u00e9ations d\u2019entreprises.<\/p>\n<h3>\u00c9volution positive dans les cantons de Suisse romande<\/h3>\n<p>Il existe de tr\u00e8s grandes diff\u00e9rences concernant l\u2019\u00e9volution dans les diff\u00e9rents cantons. En effet, quelques rares cantons ont pu enregistrer une augmentation par rapport aux chiffres de juillet\u00a02014. Le nombre des nouvelles inscriptions au registre du commerce a ainsi par exemple augment\u00e9 dans les cantons de Suisse romande du Vaud (+10,15%), de Fribourg (+7 %) et du Jura (+13,3 %). De nombreux cantons de Suisse al\u00e9manique enregistrent une diminution. Parmi les heureuses exceptions, on compte entre autres les cantons de\u00a0Soleure (+18,9 %),\u00a0Grisons (+12,2 %) et Zurich (+2,3 %). L\u2019\u00e9volution constat\u00e9e dans les autres cantons est pr\u00e9cis\u00e9e dans le tableau ci-dessous.<\/p>\n<p><a href=\"https:\/\/startups.ch\/fr\/contact-service\/qui-sommes-nous\/presence-dans-les-medias\/rapport-de-fondation\/\" target=\"_blank\"><img loading=\"lazy\" decoding=\"async\" class=\"alignnone size-full wp-image-3711\" src=\"https:\/\/i0.wp.com\/blog.startups.ch\/fr\/wp-content\/uploads\/2015\/08\/Cantons-Juillet-2015.png?resize=452%2C655\" alt=\"Cantons Juillet 2015\" width=\"452\" height=\"655\" srcset=\"https:\/\/i0.wp.com\/blog.startups.ch\/fr\/wp-content\/uploads\/2015\/08\/Cantons-Juillet-2015.png?w=452&amp;ssl=1 452w, https:\/\/i0.wp.com\/blog.startups.ch\/fr\/wp-content\/uploads\/2015\/08\/Cantons-Juillet-2015.png?resize=207%2C300&amp;ssl=1 207w\" sizes=\"(max-width: 452px) 100vw, 452px\" data-recalc-dims=\"1\" \/><\/a><\/p>\n","protected":false},"excerpt":{"rendered":"<p>Le nombre des cr\u00e9ations d\u2019entreprises en juillet 2015 est l\u00e9g\u00e8rement en recul par rapport \u00e0 celui de juillet 2014. Cela n\u2019est pas \u00e9tonnant puisque l\u2019apog\u00e9e des cr\u00e9ations a d\u00e9j\u00e0 \u00e9t\u00e9 atteint en juin avec un nombre de fondations exceptionnellement \u00e9lev\u00e9. Il fallait donc s\u2019attendre \u00e0 une l\u00e9g\u00e8re diminution des cr\u00e9ations de soci\u00e9t\u00e9s.<\/p>\n","protected":false},"author":1,"featured_media":0,"comment_status":"open","ping_status":"open","sticky":false,"template":"","format":"standard","meta":{"content-type":"","jetpack_post_was_ever_published":false,"_jetpack_newsletter_access":"","_jetpack_dont_email_post_to_subs":false,"_jetpack_newsletter_tier_id":0,"footnotes":"","jetpack_publicize_message":"","jetpack_publicize_feature_enabled":true,"jetpack_social_post_already_shared":true,"jetpack_social_options":{"image_generator_settings":{"template":"highway","enabled":false}}},"categories":[1],"tags":[291,292,293,71,119],"jetpack_publicize_connections":[],"aioseo_notices":[],"views":1355,"jetpack_featured_media_url":"","jetpack_sharing_enabled":true,"jetpack_shortlink":"https:\/\/wp.me\/p7y0qY-XO","_links":{"self":[{"href":"https:\/\/blog.startups.ch\/fr\/wp-json\/wp\/v2\/posts\/3708"}],"collection":[{"href":"https:\/\/blog.startups.ch\/fr\/wp-json\/wp\/v2\/posts"}],"about":[{"href":"https:\/\/blog.startups.ch\/fr\/wp-json\/wp\/v2\/types\/post"}],"author":[{"embeddable":true,"href":"https:\/\/blog.startups.ch\/fr\/wp-json\/wp\/v2\/users\/1"}],"replies":[{"embeddable":true,"href":"https:\/\/blog.startups.ch\/fr\/wp-json\/wp\/v2\/comments?post=3708"}],"version-history":[{"count":2,"href":"https:\/\/blog.startups.ch\/fr\/wp-json\/wp\/v2\/posts\/3708\/revisions"}],"predecessor-version":[{"id":3713,"href":"https:\/\/blog.startups.ch\/fr\/wp-json\/wp\/v2\/posts\/3708\/revisions\/3713"}],"wp:attachment":[{"href":"https:\/\/blog.startups.ch\/fr\/wp-json\/wp\/v2\/media?parent=3708"}],"wp:term":[{"taxonomy":"category","embeddable":true,"href":"https:\/\/blog.startups.ch\/fr\/wp-json\/wp\/v2\/categories?post=3708"},{"taxonomy":"post_tag","embeddable":true,"href":"https:\/\/blog.startups.ch\/fr\/wp-json\/wp\/v2\/tags?post=3708"}],"curies":[{"name":"wp","href":"https:\/\/api.w.org\/{rel}","templated":true}]}}