{"id":3688,"date":"2015-07-10T14:22:24","date_gmt":"2015-07-10T12:22:24","guid":{"rendered":"http:\/\/blog.startups.ch\/fr\/?p=3688"},"modified":"2015-07-14T14:24:41","modified_gmt":"2015-07-14T12:24:41","slug":"responsabilite-pour-les-dettes-de-lassociation","status":"publish","type":"post","link":"https:\/\/blog.startups.ch\/fr\/2015\/07\/10\/responsabilite-pour-les-dettes-de-lassociation\/","title":{"rendered":"Responsabilit\u00e9 pour les dettes de l\u2019association"},"content":{"rendered":"<p><strong>La responsabilit\u00e9 pour les dettes de l\u2019association est limit\u00e9e au patrimoine de l\u2019association. En principe, les membres ne portent pas la responsabilit\u00e9 pour les dettes de l\u2019association. Le patrimoine de l\u2019association est aussi responsable pour les organes statutaires (responsabilit\u00e9 des organes).<\/strong><!--more--><\/p>\n<p><a href=\"https:\/\/i0.wp.com\/blog.startups.ch\/fr\/wp-content\/uploads\/2015\/07\/Tastatur-mit-Paragraph.jpg\"><img loading=\"lazy\" decoding=\"async\" class=\"alignnone size-full wp-image-3689\" src=\"https:\/\/i0.wp.com\/blog.startups.ch\/fr\/wp-content\/uploads\/2015\/07\/Tastatur-mit-Paragraph.jpg?resize=690%2C330\" alt=\"\u00a7 paragraph zeichen\" width=\"690\" height=\"330\" data-recalc-dims=\"1\" \/><\/a><\/p>\n<p><strong>Responsabilit\u00e9 pour les dettes de l\u2019association<\/strong><\/p>\n<p>Les dettes de l\u2019association sont port\u00e9es par le patrimoine de l\u2019association, sauf si les statuts pr\u00e9voient une responsabilit\u00e9 personnelle ou une obligation de financement suppl\u00e9mentaire (ART. 75a CC). Tant que les statuts ne d\u00e9terminent pas autre chose, aucun membre ne peut \u00eatre appel\u00e9 \u00e0 devoir r\u00e9pondre\u00a0des dettes de l\u2019association. Les membres ne r\u00e9pondent que des cotisations de membres pr\u00e9vues par les statuts.<\/p>\n<p><strong>Responsabilit\u00e9 pour les actions des organes<\/strong><\/p>\n<p>L\u2019association r\u00e9pond des actions de ses organes (art. 55 al. 2 CC). Cela pr\u00e9vaut en particulier pour les actions du conseil d\u2019administration \u00e9lu. De plus, il y a les organes \u00ab\u00a0de faits\u00bb, qui ne font pas officiellement partie du conseil d\u2019administration mais qui jouent tout de m\u00eame un r\u00f4le important dans la direction de l\u2019association. L\u2019association r\u00e9pond \u00e9galement de leurs actions.<\/p>\n<p>L\u2019association r\u00e9pond de toutes les affaires juridiques avec son patrimoine, d\u00e9termin\u00e9 par les organes et inscrit dans le but de l\u2019association. Si le vice-pr\u00e9sident par exemple, donne CHF 1&#8217;000.- de plus que pr\u00e9vu pour un \u00e9v\u00e9nement de l\u2019association, cette facture doit \u00eatre pay\u00e9e par l\u2019association et non le vice-pr\u00e9sident.<\/p>\n<p>L\u2019association peut cependant exercer un recours contre le conseil d\u2019administration lorsque celui-ci se rend coupable d\u2019enfreindre les r\u00e8gles de gestion correcte. Dans ce cas, l\u2019association (ou seulement un membre) peut exiger des indemnit\u00e9s de la part du conseil d\u2019administration responsable.<\/p>\n<p>Si les dommages sont caus\u00e9s par les travailleurs ou autres auxiliaires, l\u2019association ne r\u00e9pond que si elle ne peut prouver qu\u2019elle a pris tous les soins command\u00e9s par les circonstances pour d\u00e9tourner un dommage (art.55 al.1 CO).<\/p>\n<p>Les organes de l\u2019association se rassemblent lors de l\u2019Assembl\u00e9e G\u00e9n\u00e9rale et font compte-rendu de leurs activit\u00e9s ainsi que de la direction g\u00e9n\u00e9rale. C\u2019est l\u00e0 que le conseil d\u2019administration pr\u00e9sente les comptes annuels et le rapport annuel et demande le consentement de la d\u00e9charge \u00e0 l\u2019Assembl\u00e9e G\u00e9n\u00e9rale. Cette d\u00e9charge permet au conseil d\u2019administration de ne plus r\u00e9pondre personnellement pour les affaires de l\u2019ann\u00e9e \u00e9coul\u00e9e.<\/p>\n","protected":false},"excerpt":{"rendered":"<p>La responsabilit\u00e9 pour les dettes de l\u2019association est limit\u00e9e au patrimoine de l\u2019association. En principe, les membres ne portent pas la responsabilit\u00e9 pour les dettes de l\u2019association. Le patrimoine de l\u2019association est aussi responsable pour les organes statutaires (responsabilit\u00e9 des organes).<\/p>\n","protected":false},"author":1,"featured_media":0,"comment_status":"open","ping_status":"open","sticky":false,"template":"","format":"standard","meta":{"content-type":"","jetpack_post_was_ever_published":false,"_jetpack_newsletter_access":"","_jetpack_dont_email_post_to_subs":false,"_jetpack_newsletter_tier_id":0,"footnotes":"","jetpack_publicize_message":"","jetpack_publicize_feature_enabled":true,"jetpack_social_post_already_shared":true,"jetpack_social_options":{"image_generator_settings":{"template":"highway","enabled":false}}},"categories":[1],"tags":[99,278,277],"jetpack_publicize_connections":[],"aioseo_notices":[],"views":6331,"jetpack_featured_media_url":"","jetpack_sharing_enabled":true,"jetpack_shortlink":"https:\/\/wp.me\/p7y0qY-Xu","_links":{"self":[{"href":"https:\/\/blog.startups.ch\/fr\/wp-json\/wp\/v2\/posts\/3688"}],"collection":[{"href":"https:\/\/blog.startups.ch\/fr\/wp-json\/wp\/v2\/posts"}],"about":[{"href":"https:\/\/blog.startups.ch\/fr\/wp-json\/wp\/v2\/types\/post"}],"author":[{"embeddable":true,"href":"https:\/\/blog.startups.ch\/fr\/wp-json\/wp\/v2\/users\/1"}],"replies":[{"embeddable":true,"href":"https:\/\/blog.startups.ch\/fr\/wp-json\/wp\/v2\/comments?post=3688"}],"version-history":[{"count":1,"href":"https:\/\/blog.startups.ch\/fr\/wp-json\/wp\/v2\/posts\/3688\/revisions"}],"predecessor-version":[{"id":3690,"href":"https:\/\/blog.startups.ch\/fr\/wp-json\/wp\/v2\/posts\/3688\/revisions\/3690"}],"wp:attachment":[{"href":"https:\/\/blog.startups.ch\/fr\/wp-json\/wp\/v2\/media?parent=3688"}],"wp:term":[{"taxonomy":"category","embeddable":true,"href":"https:\/\/blog.startups.ch\/fr\/wp-json\/wp\/v2\/categories?post=3688"},{"taxonomy":"post_tag","embeddable":true,"href":"https:\/\/blog.startups.ch\/fr\/wp-json\/wp\/v2\/tags?post=3688"}],"curies":[{"name":"wp","href":"https:\/\/api.w.org\/{rel}","templated":true}]}}