{"id":3678,"date":"2015-06-26T14:25:48","date_gmt":"2015-06-26T12:25:48","guid":{"rendered":"http:\/\/blog.startups.ch\/fr\/?p=3678"},"modified":"2015-07-14T11:48:00","modified_gmt":"2015-07-14T09:48:00","slug":"droit-a-lassurance-chomage-et-entrepreneurs-partie-2-distinction-entre-travailleurs-independants-et-dirigeants","status":"publish","type":"post","link":"https:\/\/blog.startups.ch\/fr\/2015\/06\/26\/droit-a-lassurance-chomage-et-entrepreneurs-partie-2-distinction-entre-travailleurs-independants-et-dirigeants\/","title":{"rendered":"Droit \u00e0 l\u2019assurance ch\u00f4mage et entrepreneurs (partie 2) : distinction entre travailleurs, ind\u00e9pendants et dirigeants"},"content":{"rendered":"<p>La question de la gestion des liquidit\u00e9s et d\u2019un niveau suffisant de ces derni\u00e8res est essentielle, tant au niveau d\u2019une entreprise que d\u2019un particulier.<\/p>\n<p>Comme mentionn\u00e9 dans un pr\u00e9c\u00e9dent article, une des questions qui peuvent pr\u00e9occuper de futurs entrepreneurs est d\u00e8s lors la suivante :<br \/>\n\u00ab Est-ce que je pourrai toucher des indemnit\u00e9s ch\u00f4mage si mon entreprise ne fonctionne pas comme je le d\u00e9sire et donc que je souffre d\u2019une diminution (ou d\u2019une perte) de mon revenu ? \u00bb<!--more--><\/p>\n<p><a href=\"https:\/\/i0.wp.com\/blog.startups.ch\/fr\/wp-content\/uploads\/2011\/08\/Fotolia_Mann-mit-Schirm-und-Pflanze.jpg\"><img loading=\"lazy\" decoding=\"async\" class=\"alignnone size-full wp-image-1945\" src=\"https:\/\/i0.wp.com\/blog.startups.ch\/fr\/wp-content\/uploads\/2011\/08\/Fotolia_Mann-mit-Schirm-und-Pflanze.jpg?resize=688%2C348\" alt=\"entreprise\" width=\"688\" height=\"348\" srcset=\"https:\/\/i0.wp.com\/blog.startups.ch\/fr\/wp-content\/uploads\/2011\/08\/Fotolia_Mann-mit-Schirm-und-Pflanze.jpg?w=688&amp;ssl=1 688w, https:\/\/i0.wp.com\/blog.startups.ch\/fr\/wp-content\/uploads\/2011\/08\/Fotolia_Mann-mit-Schirm-und-Pflanze.jpg?resize=300%2C151&amp;ssl=1 300w\" sizes=\"(max-width: 688px) 100vw, 688px\" data-recalc-dims=\"1\" \/><\/a><br \/>\nLa r\u00e9ponse \u00e0 cette question n\u2019est pas simple et d\u00e9pend de plusieurs facteurs.<br \/>\nIl convient tout d\u2019abord de savoir si l\u2019entrepreneur exerce son activit\u00e9 en tant qu\u2019ind\u00e9pendant ou s\u2019il est engag\u00e9 par sa soci\u00e9t\u00e9.<br \/>\nDans le premier cas (activit\u00e9 en tant qu\u2019ind\u00e9pendant), l\u2019entrepreneur ne cotise pas \u00e0 l\u2019assurance ch\u00f4mage. Il n\u2019a ainsi en principe aucun droit \u00e0 recevoir des indemnit\u00e9s ch\u00f4mage si ses revenus diminuent ou cessent (voir Bulletin LACI IC \/ B13 : \u00ab Les personnes ayant la qualit\u00e9 d\u2019ind\u00e9pendant au sens de la LAVS (p. ex. propri\u00e9taire d\u2019une entreprise individuelle) ne sont pas assujetties aux cotisations et n\u2019ont partant pas droit aux prestations de l\u2019assurance-ch\u00f4mage \u00bb).<br \/>\nDans le second cas \u2013 c\u2019est-\u00e0-dire celui o\u00f9 il travaille pour sa soci\u00e9t\u00e9 &#8211; l\u2019entrepreneur n\u2019a pas forc\u00e9ment droit \u00e0 des indemnit\u00e9s de la part du ch\u00f4mage non plus. Cela peut \u00e9tonner dans la mesure o\u00f9 (i) il a la qualit\u00e9 de travailleur et (ii) il paie des cotisations \u00e0 l\u2019assurance ch\u00f4mage.<br \/>\nEn effet, m\u00eame si le principe est que les employ\u00e9s cotisants ont droit \u00e0 des indemnit\u00e9s ch\u00f4mage, la Loi sur l\u2019assurance ch\u00f4mage pr\u00e9voit quelques exceptions. Une de ces exceptions concerne, selon l\u2019art. 31 al. 3 let. c LACI, \u00ables personnes qui fixent les d\u00e9cisions que prend l&#8217;employeur &#8211; ou peuvent les influencer consid\u00e9rablement &#8211; en qualit\u00e9 d&#8217;associ\u00e9, de membre d&#8217;un organe dirigeant de l&#8217;entreprise ou encore de d\u00e9tenteur d&#8217;une participation financi\u00e8re \u00e0 l&#8217;entreprise; il en va de m\u00eame des conjoints de ces personnes, qui sont occup\u00e9s dans l&#8217;entreprise \u00bb.<br \/>\nLa raison d\u2019\u00eatre de cette exception est que l\u2019assurance ch\u00f4mage est destin\u00e9e \u00e0 prot\u00e9ger les travailleurs qui n\u2019ont pas d\u2019influence d\u00e9cisive sur la perte de leur emploi. Or un entrepreneur aura en g\u00e9n\u00e9ral un contr\u00f4le sur les d\u00e9cisions prises par son entreprise et donc sur son destin \u00e9conomique. Il b\u00e9n\u00e9ficiera en d\u2019autres termes d\u2019une position assimilable \u00e0 celle d\u2019un employeur. Par cons\u00e9quent, en vertu de l\u2019article susmentionn\u00e9, il ne pourra en g\u00e9n\u00e9ral r\u00e9clamer des indemnit\u00e9s (selon la loi sur l\u2019assurance ch\u00f4mage) suite \u00e0 la diminution ou la perte de ses revenus.<br \/>\nIl convient n\u00e9anmoins de nuancer ce propos en analysant les crit\u00e8res en application desquels les autorit\u00e9s examinent si un entrepreneur a effectivement (ou non) une position assimilable \u00e0 celle d\u2019un employeur. Ce sera l\u2019objet de la 3\u00e8me partie de cette s\u00e9rie d\u2019article intitul\u00e9e \u00ab Droit \u00e0 l\u2019assurance ch\u00f4mage et entrepreneurs \u00bb<\/p>\n<p>Paul Duvoisin<\/p>\n","protected":false},"excerpt":{"rendered":"<p>La question de la gestion des liquidit\u00e9s et d\u2019un niveau suffisant de ces derni\u00e8res est essentielle, tant au niveau d\u2019une entreprise que d\u2019un particulier. Comme mentionn\u00e9 dans un pr\u00e9c\u00e9dent article, une des questions qui peuvent pr\u00e9occuper de futurs entrepreneurs est d\u00e8s lors la suivante : \u00ab Est-ce que je pourrai toucher des indemnit\u00e9s ch\u00f4mage si [&hellip;]<\/p>\n","protected":false},"author":1,"featured_media":0,"comment_status":"open","ping_status":"open","sticky":false,"template":"","format":"standard","meta":{"content-type":"","jetpack_post_was_ever_published":false,"_jetpack_newsletter_access":"","_jetpack_dont_email_post_to_subs":false,"_jetpack_newsletter_tier_id":0,"footnotes":"","jetpack_publicize_message":"","jetpack_publicize_feature_enabled":true,"jetpack_social_post_already_shared":true,"jetpack_social_options":{"image_generator_settings":{"template":"highway","enabled":false}}},"categories":[13,10,247,12,9],"tags":[270,143,273,269,272,271],"jetpack_publicize_connections":[],"aioseo_notices":[],"views":3221,"jetpack_featured_media_url":"","jetpack_sharing_enabled":true,"jetpack_shortlink":"https:\/\/wp.me\/p7y0qY-Xk","_links":{"self":[{"href":"https:\/\/blog.startups.ch\/fr\/wp-json\/wp\/v2\/posts\/3678"}],"collection":[{"href":"https:\/\/blog.startups.ch\/fr\/wp-json\/wp\/v2\/posts"}],"about":[{"href":"https:\/\/blog.startups.ch\/fr\/wp-json\/wp\/v2\/types\/post"}],"author":[{"embeddable":true,"href":"https:\/\/blog.startups.ch\/fr\/wp-json\/wp\/v2\/users\/1"}],"replies":[{"embeddable":true,"href":"https:\/\/blog.startups.ch\/fr\/wp-json\/wp\/v2\/comments?post=3678"}],"version-history":[{"count":3,"href":"https:\/\/blog.startups.ch\/fr\/wp-json\/wp\/v2\/posts\/3678\/revisions"}],"predecessor-version":[{"id":3682,"href":"https:\/\/blog.startups.ch\/fr\/wp-json\/wp\/v2\/posts\/3678\/revisions\/3682"}],"wp:attachment":[{"href":"https:\/\/blog.startups.ch\/fr\/wp-json\/wp\/v2\/media?parent=3678"}],"wp:term":[{"taxonomy":"category","embeddable":true,"href":"https:\/\/blog.startups.ch\/fr\/wp-json\/wp\/v2\/categories?post=3678"},{"taxonomy":"post_tag","embeddable":true,"href":"https:\/\/blog.startups.ch\/fr\/wp-json\/wp\/v2\/tags?post=3678"}],"curies":[{"name":"wp","href":"https:\/\/api.w.org\/{rel}","templated":true}]}}