{"id":3676,"date":"2015-06-26T11:20:03","date_gmt":"2015-06-26T09:20:03","guid":{"rendered":"http:\/\/blog.startups.ch\/fr\/?p=3676"},"modified":"2015-07-14T11:49:17","modified_gmt":"2015-07-14T09:49:17","slug":"droit-a-lassurance-chomage-et-entrepreneurs-partie-1-puis-je-toucher-une-indemnite-chomage","status":"publish","type":"post","link":"https:\/\/blog.startups.ch\/fr\/2015\/06\/26\/droit-a-lassurance-chomage-et-entrepreneurs-partie-1-puis-je-toucher-une-indemnite-chomage\/","title":{"rendered":"Droit \u00e0 l\u2019assurance ch\u00f4mage et entrepreneurs (partie 1) : puis-je toucher une indemnit\u00e9 ch\u00f4mage ?"},"content":{"rendered":"<p>Une question que se posent de nombreux entrepreneurs est la suivante\u00a0: aurai-je droit \u00e0 des indemnit\u00e9s ch\u00f4mages si je quitte mon emploi et cr\u00e9e mon entreprise?<!--more--><\/p>\n<p><a href=\"https:\/\/i0.wp.com\/blog.startups.ch\/fr\/wp-content\/uploads\/2012\/08\/AWARD-gross.jpg\"><img loading=\"lazy\" decoding=\"async\" class=\"alignnone size-full wp-image-1227\" src=\"https:\/\/i0.wp.com\/blog.startups.ch\/fr\/wp-content\/uploads\/2012\/08\/AWARD-gross.jpg?resize=690%2C348\" alt=\"STARTUPS.CH Awards Suisse romande\" width=\"690\" height=\"348\" srcset=\"https:\/\/i0.wp.com\/blog.startups.ch\/fr\/wp-content\/uploads\/2012\/08\/AWARD-gross.jpg?w=690&amp;ssl=1 690w, https:\/\/i0.wp.com\/blog.startups.ch\/fr\/wp-content\/uploads\/2012\/08\/AWARD-gross.jpg?resize=300%2C151&amp;ssl=1 300w\" sizes=\"(max-width: 690px) 100vw, 690px\" data-recalc-dims=\"1\" \/><\/a><\/p>\n<p>Formul\u00e9e de cette fa\u00e7on, cette question peut en fait viser deux situations distinctes, voire successives. Les deux questions que peuvent se poser les futurs entrepreneurs sont d\u00e8s lors les suivantes\u00a0:<\/p>\n<ul>\n<li>Est-ce que je peux toucher des indemnit\u00e9s ch\u00f4mage en vue de la cr\u00e9ation de mon entreprise?<\/li>\n<\/ul>\n<ul>\n<li>Est-ce que je pourrai toucher des indemnit\u00e9s ch\u00f4mage si mon entreprise ne fonctionne pas comme je le d\u00e9sire et donc que je souffre d\u2019une diminution de mon revenu ?<\/li>\n<\/ul>\n<p>S\u2019agissant de la premi\u00e8re question, la r\u00e9ponse est pour l\u2019essentiel affirmative. La loi sur l\u2019assurance ch\u00f4mage (LACI) comporte en effet des dispositions qui, \u00e0 certaines conditions, favorisent la cr\u00e9ation d\u2019une entreprise par des personnes qui \u00e9taient pr\u00e9c\u00e9demment salari\u00e9es. Il en va ainsi de l\u2019art. 71<em>a<\/em> al. 1 LACI selon lequel <em>\u00ab\u00a0L&#8217;assurance peut soutenir l&#8217;assur\u00e9 qui projette d&#8217;entreprendre une activit\u00e9 ind\u00e9pendante durable par le versement de 90 indemnit\u00e9s journali\u00e8res au plus durant la phase d&#8217;\u00e9laboration du projet\u00a0\u00bb.<\/em><\/p>\n<p>En plus de ces premi\u00e8res indemnit\u00e9s, la personne qui entreprend effectivement son activit\u00e9 ind\u00e9pendante peut se voir octroyer des indemnit\u00e9s additionnelles (mais dans les limites de ce qui est usuellement accord\u00e9 aux travailleurs. Pour davantage de d\u00e9tails \u00e0 cet \u00e9gard, voir notamment l\u2019art. 27 al. 2 LACI).<\/p>\n<p>On pr\u00e9cisera enfin que pour b\u00e9n\u00e9ficier d\u2019un tel soutien par le biais de l\u2019assurance ch\u00f4mage, le futur entrepreneur doit non seulement avoir cotis\u00e9 \u00e0 l\u2019assurance ch\u00f4mage conform\u00e9ment aux prescriptions ordinaires \u00e0 cet \u00e9gard, mais \u00e9galement qu\u2019il doit remplir 3 conditions additionnelles (pr\u00e9vues \u00e0 l\u2019art. 71<em>b<\/em> al. 1 LACI)\u00a0: (a) se trouver au ch\u00f4mage sans faute de sa part\u00a0; (b) \u00eatre \u00e2g\u00e9 de 20 ans au moins\u00a0; (c) pr\u00e9senter une esquisse de projet d\u2019activit\u00e9 ind\u00e9pendante \u00e9conomiquement viable.<\/p>\n<p>S\u2019agissant de la seconde question que nous avons pos\u00e9e ci-dessus, la r\u00e9ponse est plus d\u00e9licate. Nous la traiterons sp\u00e9cifiquement dans un autre article.<\/p>\n<p>Paul Duvoisin<\/p>\n<table class=\"mcnButtonBlock\" style=\"border-collapse: collapse; height: 71px;\" border=\"0\" width=\"100%\" cellspacing=\"0\" cellpadding=\"0\">\n<tbody class=\"mcnButtonBlockOuter\">\n<tr>\n<td class=\"mcnButtonBlockInner\" style=\"mso-table-lspace: 0pt; mso-table-rspace: 0pt; -ms-text-size-adjust: 100%; -webkit-text-size-adjust: 100%; padding: 0 10px 0 0; width: 50%;\" align=\"center\" valign=\"top\"><a class=\"mcnButton \" style=\"letter-spacing: normal; line-height: 100%; text-align: center; text-decoration: none; color: #ffffff; -ms-text-size-adjust: 100%; -webkit-text-size-adjust: 100%; display: block;\" title=\"Droit \u00e0 l\u2019assurance ch\u00f4mage et entrepreneurs (partie 2) : distinction entre travailleurs, ind\u00e9pendants et dirigeants\" href=\"http:\/\/blog.startups.ch\/fr\/2015\/06\/26\/droit-a-lassurance-chomage-et-entrepreneurs-partie-2-distinction-entre-travailleurs-independants-et-dirigeants\/\" target=\"_blank\"><br \/>\n<\/a><\/p>\n<div style=\"border-collapse: separate !important; border: 2px solid #228B22; border-radius: 5px; background-color: #228b22; mso-table-lspace: 0pt; mso-table-rspace: 0pt; -ms-text-size-adjust: 100%; -webkit-text-size-adjust: 100%;\">\n<div class=\"mcnButtonContent\" style=\"font-family: Arial; font-size: 14px; padding: 16px; mso-table-lspace: 0pt; mso-table-rspace: 0pt; -ms-text-size-adjust: 100%; -webkit-text-size-adjust: 100%;\" align=\"center\"><span style=\"color: #ffffff;\">Droit \u00e0 l\u2019assurance ch\u00f4mage et entrepreneurs (partie 2) : distinction entre travailleurs, ind\u00e9pendants et dirigeants<\/span><\/div>\n<\/div>\n<\/td>\n<td class=\"mcnButtonBlockInner\" style=\"mso-table-lspace: 0pt; mso-table-rspace: 0pt; -ms-text-size-adjust: 100%; -webkit-text-size-adjust: 100%; padding: 0 0 0 10px;\" align=\"center\" valign=\"top\"><a class=\"mcnButton \" style=\"letter-spacing: normal; line-height: 100%; text-align: center; text-decoration: none; color: #ffffff; -ms-text-size-adjust: 100%; -webkit-text-size-adjust: 100%; display: block;\" title=\"Plus d'informations sur STARTUPS.CH\" href=\"https:\/\/startups.ch\/fr\/\" target=\"_blank\"><br \/>\n<\/a><\/p>\n<div class=\"mcnButtonContentContainer\" style=\"border-collapse: separate !important; border: 2px solid #228B22; border-radius: 5px; background-color: #228b22; mso-table-lspace: 0pt; mso-table-rspace: 0pt; -ms-text-size-adjust: 100%; -webkit-text-size-adjust: 100%;\">\n<div class=\"mcnButtonContent\" style=\"font-family: Arial; font-size: 14px; padding: 16px; mso-table-lspace: 0pt; mso-table-rspace: 0pt; -ms-text-size-adjust: 100%; -webkit-text-size-adjust: 100%;\" align=\"center\"><span style=\"color: #ffffff;\">Plus d&#8217;informations sur STARTUPS.CH<\/span><\/div>\n<\/div>\n<\/td>\n<\/tr>\n<\/tbody>\n<\/table>\n","protected":false},"excerpt":{"rendered":"<p>Une question que se posent de nombreux entrepreneurs est la suivante\u00a0: aurai-je droit \u00e0 des indemnit\u00e9s ch\u00f4mages si je quitte mon emploi et cr\u00e9e mon entreprise?<\/p>\n","protected":false},"author":1,"featured_media":0,"comment_status":"open","ping_status":"open","sticky":false,"template":"","format":"standard","meta":{"content-type":"","jetpack_post_was_ever_published":false,"_jetpack_newsletter_access":"","_jetpack_dont_email_post_to_subs":false,"_jetpack_newsletter_tier_id":0,"footnotes":"","jetpack_publicize_message":"","jetpack_publicize_feature_enabled":true,"jetpack_social_post_already_shared":true,"jetpack_social_options":{"image_generator_settings":{"template":"highway","enabled":false}}},"categories":[247,12,9],"tags":[143,269,274,44],"jetpack_publicize_connections":[],"aioseo_notices":[],"views":3455,"jetpack_featured_media_url":"","jetpack_sharing_enabled":true,"jetpack_shortlink":"https:\/\/wp.me\/p7y0qY-Xi","_links":{"self":[{"href":"https:\/\/blog.startups.ch\/fr\/wp-json\/wp\/v2\/posts\/3676"}],"collection":[{"href":"https:\/\/blog.startups.ch\/fr\/wp-json\/wp\/v2\/posts"}],"about":[{"href":"https:\/\/blog.startups.ch\/fr\/wp-json\/wp\/v2\/types\/post"}],"author":[{"embeddable":true,"href":"https:\/\/blog.startups.ch\/fr\/wp-json\/wp\/v2\/users\/1"}],"replies":[{"embeddable":true,"href":"https:\/\/blog.startups.ch\/fr\/wp-json\/wp\/v2\/comments?post=3676"}],"version-history":[{"count":4,"href":"https:\/\/blog.startups.ch\/fr\/wp-json\/wp\/v2\/posts\/3676\/revisions"}],"predecessor-version":[{"id":3684,"href":"https:\/\/blog.startups.ch\/fr\/wp-json\/wp\/v2\/posts\/3676\/revisions\/3684"}],"wp:attachment":[{"href":"https:\/\/blog.startups.ch\/fr\/wp-json\/wp\/v2\/media?parent=3676"}],"wp:term":[{"taxonomy":"category","embeddable":true,"href":"https:\/\/blog.startups.ch\/fr\/wp-json\/wp\/v2\/categories?post=3676"},{"taxonomy":"post_tag","embeddable":true,"href":"https:\/\/blog.startups.ch\/fr\/wp-json\/wp\/v2\/tags?post=3676"}],"curies":[{"name":"wp","href":"https:\/\/api.w.org\/{rel}","templated":true}]}}