{"id":3668,"date":"2015-06-16T14:12:20","date_gmt":"2015-06-16T12:12:20","guid":{"rendered":"http:\/\/blog.startups.ch\/fr\/?p=3668"},"modified":"2015-06-30T15:17:41","modified_gmt":"2015-06-30T13:17:41","slug":"inscriptions-au-registre-du-commerce-en-mai-2015-sur-la-meme-faible-lancee-que-le-mois-precedent","status":"publish","type":"post","link":"https:\/\/blog.startups.ch\/fr\/2015\/06\/16\/inscriptions-au-registre-du-commerce-en-mai-2015-sur-la-meme-faible-lancee-que-le-mois-precedent\/","title":{"rendered":"Inscriptions au registre du commerce en mai 2015: sur la m\u00eame faible lanc\u00e9e que le mois pr\u00e9c\u00e9dent"},"content":{"rendered":"<p><strong>A l&#8217;\u00e9chelle de toute la Suisse, le mois de mai 2015 a vu 12.83% de cr\u00e9ations d&#8217;entreprises en moins que le mois pr\u00e9c\u00e9dent. Cela repr\u00e9sente un recul important apr\u00e8s un\u00a0mois de mars florissant et un mois d&#8217;avril d\u00e9j\u00e0 affaibli.<\/strong><!--more--><\/p>\n<p><a href=\"https:\/\/i0.wp.com\/blog.startups.ch\/fr\/wp-content\/uploads\/2015\/06\/Suisse-Mai-2015.png\"><img loading=\"lazy\" decoding=\"async\" class=\"alignnone size-full wp-image-3669\" src=\"https:\/\/i0.wp.com\/blog.startups.ch\/fr\/wp-content\/uploads\/2015\/06\/Suisse-Mai-2015.png?resize=481%2C283\" alt=\"Suisse Mai 2015\" width=\"481\" height=\"283\" srcset=\"https:\/\/i0.wp.com\/blog.startups.ch\/fr\/wp-content\/uploads\/2015\/06\/Suisse-Mai-2015.png?w=481&amp;ssl=1 481w, https:\/\/i0.wp.com\/blog.startups.ch\/fr\/wp-content\/uploads\/2015\/06\/Suisse-Mai-2015.png?resize=300%2C176&amp;ssl=1 300w\" sizes=\"(max-width: 481px) 100vw, 481px\" data-recalc-dims=\"1\" \/><\/a><\/p>\n<p>Concernant le nombre de cr\u00e9ations d&#8217;entreprises, le recul observ\u00e9 au mois de mai repr\u00e9sente le deuxi\u00e8me mois \u00e0 la suite qui montre des chiffres n\u00e9gatifs.\u00a0Le nombre d&#8217;inscriptions au registre du commerce en mai 2015 (3023) ne repr\u00e9sente pas seulement un recul par rapport au mois pr\u00e9c\u00e9dent, mais \u00e9galement par rapport au mois de mai de l&#8217;ann\u00e9e pr\u00e9c\u00e9dente (3468), ce qui repr\u00e9sente en termes absolus 445 inscriptions, ou 12.8% en termes relatifs. Il faut \u00e9galement prendre en compte le fait que le mois de mars \u00e9tait sp\u00e9cialement fort en terme de cr\u00e9ations d&#8217;entreprises, ce qui a plac\u00e9 la barre tr\u00e8s haut pour les mois suivants.<\/p>\n<p><strong>Recul dans les r\u00e9gions linguistiques\u00a0<\/strong><\/p>\n<p>Selon une perspective cantonale ou linguistique, chaque r\u00e9gion linguistique a subi un recul. En chiffres absolus, cela repr\u00e9sente un recul tr\u00e8s fort pour la Suisse al\u00e9manique (-281 ou -12.60%) et la Suisse romande (-103 ou -10.82%). Les trois r\u00e9gions r\u00e9unies montrent un recul total de -445 ou -12.83%.<\/p>\n<p>Le r\u00e9sultat n\u00e9gatif du mois de mai en Suisse romande\u00a0est principalement caract\u00e9ris\u00e9 par le canton\u00a0de Vaud\u00a0(-58 ou -17.37%), suivi de Neuch\u00e2tel (-20 ou -27.03%) et Gen\u00e8ve (-17 ou -6.23%).<\/p>\n<p><strong>Les petits cantons misent sur la SA<\/strong><\/p>\n<p>Dans toute la Suisse, on observe que la S\u00e0rl est la forme juridique pr\u00e9f\u00e9r\u00e9e des cr\u00e9ateurs d&#8217;entreprises. 37.18% d&#8217;entre eux ont choisi la S\u00e0rl, suivi de la raison individuelle (33.28%). Il est int\u00e9ressant d&#8217;observer que les petits cantons choisissent de plus en plus la SA.<\/p>\n<p><a href=\"https:\/\/i0.wp.com\/blog.startups.ch\/fr\/wp-content\/uploads\/2015\/06\/Cantons-Mai-2015.png\"><img loading=\"lazy\" decoding=\"async\" class=\"alignnone size-full wp-image-3670\" src=\"https:\/\/i0.wp.com\/blog.startups.ch\/fr\/wp-content\/uploads\/2015\/06\/Cantons-Mai-2015.png?resize=452%2C675\" alt=\"Cantons Mai 2015\" width=\"452\" height=\"675\" srcset=\"https:\/\/i0.wp.com\/blog.startups.ch\/fr\/wp-content\/uploads\/2015\/06\/Cantons-Mai-2015.png?w=452&amp;ssl=1 452w, https:\/\/i0.wp.com\/blog.startups.ch\/fr\/wp-content\/uploads\/2015\/06\/Cantons-Mai-2015.png?resize=200%2C300&amp;ssl=1 200w\" sizes=\"(max-width: 452px) 100vw, 452px\" data-recalc-dims=\"1\" \/><\/a><\/p>\n","protected":false},"excerpt":{"rendered":"<p>A l&#8217;\u00e9chelle de toute la Suisse, le mois de mai 2015 a vu 12.83% de cr\u00e9ations d&#8217;entreprises en moins que le mois pr\u00e9c\u00e9dent. Cela repr\u00e9sente un recul important apr\u00e8s un\u00a0mois de mars florissant et un mois d&#8217;avril d\u00e9j\u00e0 affaibli.<\/p>\n","protected":false},"author":1,"featured_media":0,"comment_status":"open","ping_status":"open","sticky":false,"template":"","format":"standard","meta":{"content-type":"","jetpack_post_was_ever_published":false,"_jetpack_newsletter_access":"","_jetpack_dont_email_post_to_subs":false,"_jetpack_newsletter_tier_id":0,"footnotes":"","jetpack_publicize_message":"","jetpack_publicize_feature_enabled":true,"jetpack_social_post_already_shared":true,"jetpack_social_options":{"image_generator_settings":{"template":"highway","enabled":false}}},"categories":[1,7],"tags":[265,264,266],"jetpack_publicize_connections":[],"aioseo_notices":[],"views":1548,"jetpack_featured_media_url":"","jetpack_sharing_enabled":true,"jetpack_shortlink":"https:\/\/wp.me\/p7y0qY-Xa","_links":{"self":[{"href":"https:\/\/blog.startups.ch\/fr\/wp-json\/wp\/v2\/posts\/3668"}],"collection":[{"href":"https:\/\/blog.startups.ch\/fr\/wp-json\/wp\/v2\/posts"}],"about":[{"href":"https:\/\/blog.startups.ch\/fr\/wp-json\/wp\/v2\/types\/post"}],"author":[{"embeddable":true,"href":"https:\/\/blog.startups.ch\/fr\/wp-json\/wp\/v2\/users\/1"}],"replies":[{"embeddable":true,"href":"https:\/\/blog.startups.ch\/fr\/wp-json\/wp\/v2\/comments?post=3668"}],"version-history":[{"count":1,"href":"https:\/\/blog.startups.ch\/fr\/wp-json\/wp\/v2\/posts\/3668\/revisions"}],"predecessor-version":[{"id":3671,"href":"https:\/\/blog.startups.ch\/fr\/wp-json\/wp\/v2\/posts\/3668\/revisions\/3671"}],"wp:attachment":[{"href":"https:\/\/blog.startups.ch\/fr\/wp-json\/wp\/v2\/media?parent=3668"}],"wp:term":[{"taxonomy":"category","embeddable":true,"href":"https:\/\/blog.startups.ch\/fr\/wp-json\/wp\/v2\/categories?post=3668"},{"taxonomy":"post_tag","embeddable":true,"href":"https:\/\/blog.startups.ch\/fr\/wp-json\/wp\/v2\/tags?post=3668"}],"curies":[{"name":"wp","href":"https:\/\/api.w.org\/{rel}","templated":true}]}}