{"id":3601,"date":"2015-03-10T02:12:33","date_gmt":"2015-03-10T00:12:33","guid":{"rendered":"http:\/\/blog.startups.ch\/fr\/?p=3601"},"modified":"2015-03-10T02:12:33","modified_gmt":"2015-03-10T00:12:33","slug":"inscriptions-au-registre-du-commerce-au-mois-fevrier-creations-quen-janvier","status":"publish","type":"post","link":"https:\/\/blog.startups.ch\/fr\/2015\/03\/10\/inscriptions-au-registre-du-commerce-au-mois-fevrier-creations-quen-janvier\/","title":{"rendered":"Inscriptions au registre du commerce au mois de f\u00e9vrier : plus de cr\u00e9ations qu\u2019en janvier"},"content":{"rendered":"<p><strong>Le nombre d\u2019inscriptions au registre du commerce du mois de f\u00e9vrier 2015 a surpass\u00e9 celui le janvier. En comparaison \u00e0 f\u00e9vrier 2014, on compte cependant moins de cr\u00e9ations d\u2019entreprises.<\/strong><\/p>\n<p><!--more--><\/p>\n<p><a href=\"https:\/\/i0.wp.com\/blog.startups.ch\/fr\/wp-content\/uploads\/2015\/03\/Suisse-Fevrier.png\"><img loading=\"lazy\" decoding=\"async\" class=\"alignnone size-full wp-image-3602\" src=\"https:\/\/i0.wp.com\/blog.startups.ch\/fr\/wp-content\/uploads\/2015\/03\/Suisse-Fevrier.png?resize=481%2C286\" alt=\"Suisse Fevrier\" width=\"481\" height=\"286\" srcset=\"https:\/\/i0.wp.com\/blog.startups.ch\/fr\/wp-content\/uploads\/2015\/03\/Suisse-Fevrier.png?w=481&amp;ssl=1 481w, https:\/\/i0.wp.com\/blog.startups.ch\/fr\/wp-content\/uploads\/2015\/03\/Suisse-Fevrier.png?resize=300%2C178&amp;ssl=1 300w\" sizes=\"(max-width: 481px) 100vw, 481px\" data-recalc-dims=\"1\" \/><\/a><\/p>\n<h2><strong>Un nombre croissant d\u2019inscriptions au registre du commerce <\/strong><\/h2>\n<p>Dans toute la Suisse, un total de 3279 nouvelles entreprises ont \u00e9t\u00e9 recens\u00e9es en f\u00e9vrier 2015. Cela repr\u00e9sente une augmentation de +1,64% en comparaison \u00e0 janvier 2015. Les ann\u00e9es record 2013 et 2014 n\u2019ont pas encore pu \u00eatre d\u00e9pass\u00e9es. Le mois de d\u00e9cembre 2014 a \u00e9galement \u00e9t\u00e9 un mois record pour les cr\u00e9ations d\u2019entreprises, c\u2019est pourquoi il n\u2019est pas \u00e9tonnant de constater une baisse de r\u00e9gime en d\u00e9but d\u2019ann\u00e9e. Les trois r\u00e9gions linguistiques de la Suisse montrent tout de m\u00eame des chiffres plus petits qu\u2019en f\u00e9vrier 2014. Le recul de -19,34% au Tessin en est l\u2019exemple le plus frappant.<\/p>\n<p>Compte tenu du d\u00e9veloppement de 2015, on peut en conclure que le nombre de cr\u00e9ations d\u2019entreprises va soit rester stable, soit augmenter. Une tendance positive est \u00e0 pr\u00e9voir car plusieurs cantons ont pr\u00e9vu de lancer des campagnes de soutiens aux start-ups. A St Gall, les start-ups peuvent obtenir des microcr\u00e9dits et \u00e0 Gen\u00e8ve, de nouvelles directives ont \u00e9t\u00e9 cr\u00e9\u00e9es pour les start-ups, contenant des informations essentielles pour les entrepreneurs.<\/p>\n<h2><strong>Les cantons pleins d\u2019entrepreneurs montrent un recul<\/strong><\/h2>\n<p>Plusieurs cantons normalement actifs dans le domaine de l\u2019entrepreneuriat montrent des r\u00e9sultats mois bons que d\u2019habitude. Le canton de Zurich a recul\u00e9 de -8,33% en comparaison \u00e0 f\u00e9vrier 2014. L\u2019arc l\u00e9manique, traditionnellement fort en cr\u00e9ations d\u2019entreprises, surtout dans les cantons de Vaud et Gen\u00e8ve, montre de moins bons r\u00e9sultats. Quelques cantons de Suisse centrale peuvent ainsi prendre de l\u2019importance. Ainsi, Nidwald a augment\u00e9 de 42,86%. Les r\u00e9sultats d\u2019Obwald et Uri sont \u00e9galement importants. Les chiffres exacts se trouvent dans la table ci-dessous.<\/p>\n<p><a href=\"https:\/\/i0.wp.com\/blog.startups.ch\/fr\/wp-content\/uploads\/2015\/03\/Cantons-Fevrier.png\"><img loading=\"lazy\" decoding=\"async\" class=\"alignnone size-full wp-image-3603\" src=\"https:\/\/i0.wp.com\/blog.startups.ch\/fr\/wp-content\/uploads\/2015\/03\/Cantons-Fevrier.png?resize=452%2C655\" alt=\"Cantons Fevrier\" width=\"452\" height=\"655\" srcset=\"https:\/\/i0.wp.com\/blog.startups.ch\/fr\/wp-content\/uploads\/2015\/03\/Cantons-Fevrier.png?w=452&amp;ssl=1 452w, https:\/\/i0.wp.com\/blog.startups.ch\/fr\/wp-content\/uploads\/2015\/03\/Cantons-Fevrier.png?resize=207%2C300&amp;ssl=1 207w\" sizes=\"(max-width: 452px) 100vw, 452px\" data-recalc-dims=\"1\" \/><\/a><\/p>\n","protected":false},"excerpt":{"rendered":"<p>Le nombre d\u2019inscriptions au registre du commerce du mois de f\u00e9vrier 2015 a surpass\u00e9 celui le janvier. En comparaison \u00e0 f\u00e9vrier 2014, on compte cependant moins de cr\u00e9ations d\u2019entreprises.<\/p>\n","protected":false},"author":1,"featured_media":0,"comment_status":"open","ping_status":"open","sticky":false,"template":"","format":"standard","meta":{"content-type":"","jetpack_post_was_ever_published":false,"_jetpack_newsletter_access":"","_jetpack_dont_email_post_to_subs":false,"_jetpack_newsletter_tier_id":0,"footnotes":"","jetpack_publicize_message":"","jetpack_publicize_feature_enabled":true,"jetpack_social_post_already_shared":true,"jetpack_social_options":{"image_generator_settings":{"template":"highway","enabled":false}}},"categories":[1],"tags":[],"jetpack_publicize_connections":[],"aioseo_notices":[],"views":1511,"jetpack_featured_media_url":"","jetpack_sharing_enabled":true,"jetpack_shortlink":"https:\/\/wp.me\/p7y0qY-W5","_links":{"self":[{"href":"https:\/\/blog.startups.ch\/fr\/wp-json\/wp\/v2\/posts\/3601"}],"collection":[{"href":"https:\/\/blog.startups.ch\/fr\/wp-json\/wp\/v2\/posts"}],"about":[{"href":"https:\/\/blog.startups.ch\/fr\/wp-json\/wp\/v2\/types\/post"}],"author":[{"embeddable":true,"href":"https:\/\/blog.startups.ch\/fr\/wp-json\/wp\/v2\/users\/1"}],"replies":[{"embeddable":true,"href":"https:\/\/blog.startups.ch\/fr\/wp-json\/wp\/v2\/comments?post=3601"}],"version-history":[{"count":1,"href":"https:\/\/blog.startups.ch\/fr\/wp-json\/wp\/v2\/posts\/3601\/revisions"}],"predecessor-version":[{"id":3604,"href":"https:\/\/blog.startups.ch\/fr\/wp-json\/wp\/v2\/posts\/3601\/revisions\/3604"}],"wp:attachment":[{"href":"https:\/\/blog.startups.ch\/fr\/wp-json\/wp\/v2\/media?parent=3601"}],"wp:term":[{"taxonomy":"category","embeddable":true,"href":"https:\/\/blog.startups.ch\/fr\/wp-json\/wp\/v2\/categories?post=3601"},{"taxonomy":"post_tag","embeddable":true,"href":"https:\/\/blog.startups.ch\/fr\/wp-json\/wp\/v2\/tags?post=3601"}],"curies":[{"name":"wp","href":"https:\/\/api.w.org\/{rel}","templated":true}]}}