{"id":3595,"date":"2015-02-25T16:32:38","date_gmt":"2015-02-25T14:32:38","guid":{"rendered":"http:\/\/blog.startups.ch\/fr\/?p=3595"},"modified":"2015-02-25T16:32:38","modified_gmt":"2015-02-25T14:32:38","slug":"swiss-economic-forum-se-restructure","status":"publish","type":"post","link":"https:\/\/blog.startups.ch\/fr\/2015\/02\/25\/swiss-economic-forum-se-restructure\/","title":{"rendered":"Le Swiss Economic Forum se restructure"},"content":{"rendered":"<p><strong>Les deux fondateurs Peter St\u00e4hli et Stefan Linder passent le flambeau de la direction op\u00e9rationnelle du Swiss Economic Forum \u00e0 Dominic Isler. Les fondateurs se concentreront \u00e0 l\u2019avenir sur l\u2019orientation strat\u00e9gique et le d\u00e9veloppement du Forum.<\/strong><!--more--><\/p>\n<p><a href=\"https:\/\/i0.wp.com\/blog.startups.ch\/fr\/wp-content\/uploads\/2015\/02\/Fotolia_52979842_S.jpg\"><img loading=\"lazy\" decoding=\"async\" class=\"alignnone size-full wp-image-3596\" src=\"https:\/\/i0.wp.com\/blog.startups.ch\/fr\/wp-content\/uploads\/2015\/02\/Fotolia_52979842_S.jpg?resize=690%2C321\" alt=\"Swiss Economic Forum\" width=\"690\" height=\"321\" srcset=\"https:\/\/i0.wp.com\/blog.startups.ch\/fr\/wp-content\/uploads\/2015\/02\/Fotolia_52979842_S.jpg?w=690&amp;ssl=1 690w, https:\/\/i0.wp.com\/blog.startups.ch\/fr\/wp-content\/uploads\/2015\/02\/Fotolia_52979842_S.jpg?resize=300%2C139&amp;ssl=1 300w\" sizes=\"(max-width: 690px) 100vw, 690px\" data-recalc-dims=\"1\" \/><\/a><\/p>\n<p>Le Swiss Economic Forum a \u00e9t\u00e9 cr\u00e9\u00e9 en 1998 par les entrepreneurs Stefan Linder et Peter St\u00e4hli. Le Forum a rapidement \u00e9volu\u00e9 en plateforme principale pour l\u2019entrepreneuriat et l\u2019innovation \u00e0 caract\u00e8re international. Afin de continuer \u00e0 grandir, l\u2019organisation interne a \u00e9t\u00e9 restructur\u00e9e et une nouvelle structure de direction a \u00e9t\u00e9 \u00e9tablie. Les fondateurs confient la direction op\u00e9rationnelle \u00e0 Dominic Isler le 1<sup>er<\/sup> juillet 2015 et se concentrent d\u00e9sormais sur l\u2019orientation strat\u00e9gique et le d\u00e9veloppement du Swiss Economic Forum.<\/p>\n<h2><strong>Une nouvelle direction<\/strong><\/h2>\n<p>Le nouveau CEO, Dominic Isler, auparavant directeur du d\u00e9levoppement d\u2019entreprise chez Swiss Economic Forum SA, est la personne de confiance en ce qui concerne les processus internes. Il a \u00e9tudi\u00e9 les sciences \u00e9conomiques et politiques aux universit\u00e9s de Zurich et St Gall. En outre, la direction op\u00e9rationnelle va \u00eatre \u00e9largie \u00e0 deux nouvelles fonctions\u00a0: celle de directeur g\u00e9n\u00e9ral (Chief Operating Officer \u2013 COO) et de directeur marketing (Chief Marketing Officer \u2013 CMO). Florian Wassmer va occuper le poste de COO. Il est le directeur de projets aupr\u00e8s du Swiss Economic Forum SA depuis 2008. Pour ce qui est du poste de CMO, une personne externe \u00e0 l\u2019organisation va \u00eatre choisie.<\/p>\n<p>Les fondateurs Peter St\u00e4hli et Stefan Linder sont a pr\u00e9sent les repr\u00e9sentants du conseil d\u2019administration. Au sein de cette fonction, ils s\u2019occuperont de l\u2019orientation strat\u00e9gique et du d\u00e9veloppement de l\u2019entreprise ainsi que des partenaires et de leur r\u00e9seau, afin que la \u00ab\u00a0haute qualit\u00e9 et l\u2019orientation clients soit assur\u00e9e sur le long-terme\u00a0; il s\u2019agit d\u2019une professionnalisation de notre structure et c\u2019est une facteur de r\u00e9ussite d\u00e9terminant\u00a0\u00bb.<\/p>\n<p>Le prochain <a href=\"http:\/\/www.swisseconomic.ch\/fr\/sef-2015\" target=\"_blank\">Swiss Economic Forum<\/a> aura lieu les 4 et 5 juin 2015 \u00e0 Interlaken.<\/p>\n","protected":false},"excerpt":{"rendered":"<p>Les deux fondateurs Peter St\u00e4hli et Stefan Linder passent le flambeau de la direction op\u00e9rationnelle du Swiss Economic Forum \u00e0 Dominic Isler. Les fondateurs se concentreront \u00e0 l\u2019avenir sur l\u2019orientation strat\u00e9gique et le d\u00e9veloppement du Forum.<\/p>\n","protected":false},"author":1,"featured_media":0,"comment_status":"open","ping_status":"open","sticky":false,"template":"","format":"standard","meta":{"content-type":"","jetpack_post_was_ever_published":false,"_jetpack_newsletter_access":"","_jetpack_dont_email_post_to_subs":false,"_jetpack_newsletter_tier_id":0,"footnotes":"","jetpack_publicize_message":"","jetpack_publicize_feature_enabled":true,"jetpack_social_post_already_shared":true,"jetpack_social_options":{"image_generator_settings":{"template":"highway","enabled":false}}},"categories":[1],"tags":[],"jetpack_publicize_connections":[],"aioseo_notices":[],"views":1590,"jetpack_featured_media_url":"","jetpack_sharing_enabled":true,"jetpack_shortlink":"https:\/\/wp.me\/p7y0qY-VZ","_links":{"self":[{"href":"https:\/\/blog.startups.ch\/fr\/wp-json\/wp\/v2\/posts\/3595"}],"collection":[{"href":"https:\/\/blog.startups.ch\/fr\/wp-json\/wp\/v2\/posts"}],"about":[{"href":"https:\/\/blog.startups.ch\/fr\/wp-json\/wp\/v2\/types\/post"}],"author":[{"embeddable":true,"href":"https:\/\/blog.startups.ch\/fr\/wp-json\/wp\/v2\/users\/1"}],"replies":[{"embeddable":true,"href":"https:\/\/blog.startups.ch\/fr\/wp-json\/wp\/v2\/comments?post=3595"}],"version-history":[{"count":1,"href":"https:\/\/blog.startups.ch\/fr\/wp-json\/wp\/v2\/posts\/3595\/revisions"}],"predecessor-version":[{"id":3597,"href":"https:\/\/blog.startups.ch\/fr\/wp-json\/wp\/v2\/posts\/3595\/revisions\/3597"}],"wp:attachment":[{"href":"https:\/\/blog.startups.ch\/fr\/wp-json\/wp\/v2\/media?parent=3595"}],"wp:term":[{"taxonomy":"category","embeddable":true,"href":"https:\/\/blog.startups.ch\/fr\/wp-json\/wp\/v2\/categories?post=3595"},{"taxonomy":"post_tag","embeddable":true,"href":"https:\/\/blog.startups.ch\/fr\/wp-json\/wp\/v2\/tags?post=3595"}],"curies":[{"name":"wp","href":"https:\/\/api.w.org\/{rel}","templated":true}]}}