{"id":3589,"date":"2015-02-11T16:58:54","date_gmt":"2015-02-11T14:58:54","guid":{"rendered":"http:\/\/blog.startups.ch\/fr\/?p=3589"},"modified":"2015-02-11T16:58:54","modified_gmt":"2015-02-11T14:58:54","slug":"inscriptions-au-registre-du-commerce-en-janvier-2015-faible-elan-nouvelle-annee","status":"publish","type":"post","link":"https:\/\/blog.startups.ch\/fr\/2015\/02\/11\/inscriptions-au-registre-du-commerce-en-janvier-2015-faible-elan-nouvelle-annee\/","title":{"rendered":"Inscriptions au registre du commerce en janvier 2015 : un faible \u00e9lan pour la nouvelle ann\u00e9e"},"content":{"rendered":"<p><strong>On compte moins de cr\u00e9ations d\u2019entreprises en janvier 2014 qu\u2019en janvier 2015. Ce faible d\u00e9but d\u2019ann\u00e9e suit une fin d\u2019ann\u00e9e 2014 tr\u00e8s forte.<\/strong><!--more--><\/p>\n<p><a href=\"https:\/\/i0.wp.com\/blog.startups.ch\/fr\/wp-content\/uploads\/2015\/02\/Suisse-Janvier.png\"><img loading=\"lazy\" decoding=\"async\" class=\"alignnone size-full wp-image-3590\" src=\"https:\/\/i0.wp.com\/blog.startups.ch\/fr\/wp-content\/uploads\/2015\/02\/Suisse-Janvier.png?resize=481%2C286\" alt=\"Suisse Janvier\" width=\"481\" height=\"286\" srcset=\"https:\/\/i0.wp.com\/blog.startups.ch\/fr\/wp-content\/uploads\/2015\/02\/Suisse-Janvier.png?w=481&amp;ssl=1 481w, https:\/\/i0.wp.com\/blog.startups.ch\/fr\/wp-content\/uploads\/2015\/02\/Suisse-Janvier.png?resize=300%2C178&amp;ssl=1 300w\" sizes=\"(max-width: 481px) 100vw, 481px\" data-recalc-dims=\"1\" \/><\/a><\/p>\n<h2><strong>Nouvelles inscriptions au registre du commerce en janvier 2015<\/strong><\/h2>\n<p>En janvier 2015, on compte 3226 nouvelles entreprises inscrites au registre du commerce en Suisse. Cela signifie un recul de 6% en comparaison \u00e0 janvier 2014. Ce recul ne doit pas \u00eatre vu de mani\u00e8re n\u00e9gative, \u00e9tant donn\u00e9 que le mois de d\u00e9cembre 2014 a compt\u00e9 un nombre sp\u00e9cialement \u00e9lev\u00e9 de cr\u00e9ations d\u2019entreprises. Il \u00e9tait donc attendu que le mois suivant soit plus faible. Si on observe chaque r\u00e9gion s\u00e9par\u00e9ment, on voit que la Romandie montre un accroissement de 5,81% par rapport \u00e0 janvier 2014.<\/p>\n<h2><strong>S\u00e0rl reste la forme juridique pr\u00e9f\u00e9r\u00e9e <\/strong><\/h2>\n<p>La forme juridique pr\u00e9f\u00e9r\u00e9e pour la cr\u00e9ation de nouvelles entreprises reste incontestablement la S\u00e0rl. En janvier, cette forme repr\u00e9sente 35,15% de toutes les cr\u00e9ations. En parall\u00e8le, la SA repr\u00e9sente 19,13% des cr\u00e9ations totales. En chiffres absolus, cela repr\u00e9sente 1134 S\u00e0rl pour le mois de janvier, repr\u00e9sentant ainsi le double de SA. Il est \u00e9galement attendu que la S\u00e0rl soit souvent consid\u00e9r\u00e9e comme la forme juridique pr\u00e9f\u00e9r\u00e9e \u00e0 l\u2019avenir.<\/p>\n<p>Lors d\u2019une comparaison cantonale, on observe que les cantons \u00e0 l\u2019ouest de la Suisse pr\u00e9sentent des taux de croissance positifs en comparaison \u00e0 l\u2019ann\u00e9e pr\u00e9c\u00e9dente. Une croissance a marqu\u00e9e est \u00e0 observer en Valais (+19,01%) et Neuch\u00e2tel (+18,33%). La majorit\u00e9 des cantons suisse allemands a montr\u00e9 un recul. Le canton du Tessin a \u00e9galement recul\u00e9 (-9,96%).<\/p>\n<p><a href=\"https:\/\/i0.wp.com\/blog.startups.ch\/fr\/wp-content\/uploads\/2015\/02\/Cantons-Janvier.png\"><img loading=\"lazy\" decoding=\"async\" class=\"alignnone size-full wp-image-3591\" src=\"https:\/\/i0.wp.com\/blog.startups.ch\/fr\/wp-content\/uploads\/2015\/02\/Cantons-Janvier.png?resize=452%2C635\" alt=\"Cantons Janvier\" width=\"452\" height=\"635\" srcset=\"https:\/\/i0.wp.com\/blog.startups.ch\/fr\/wp-content\/uploads\/2015\/02\/Cantons-Janvier.png?w=452&amp;ssl=1 452w, https:\/\/i0.wp.com\/blog.startups.ch\/fr\/wp-content\/uploads\/2015\/02\/Cantons-Janvier.png?resize=213%2C300&amp;ssl=1 213w\" sizes=\"(max-width: 452px) 100vw, 452px\" data-recalc-dims=\"1\" \/><\/a><\/p>\n","protected":false},"excerpt":{"rendered":"<p>On compte moins de cr\u00e9ations d\u2019entreprises en janvier 2014 qu\u2019en janvier 2015. Ce faible d\u00e9but d\u2019ann\u00e9e suit une fin d\u2019ann\u00e9e 2014 tr\u00e8s forte.<\/p>\n","protected":false},"author":1,"featured_media":0,"comment_status":"open","ping_status":"open","sticky":false,"template":"","format":"standard","meta":{"content-type":"","jetpack_post_was_ever_published":false,"_jetpack_newsletter_access":"","_jetpack_dont_email_post_to_subs":false,"_jetpack_newsletter_tier_id":0,"footnotes":"","jetpack_publicize_message":"","jetpack_publicize_feature_enabled":true,"jetpack_social_post_already_shared":true,"jetpack_social_options":{"image_generator_settings":{"template":"highway","enabled":false}}},"categories":[1],"tags":[],"jetpack_publicize_connections":[],"aioseo_notices":[],"views":1528,"jetpack_featured_media_url":"","jetpack_sharing_enabled":true,"jetpack_shortlink":"https:\/\/wp.me\/p7y0qY-VT","_links":{"self":[{"href":"https:\/\/blog.startups.ch\/fr\/wp-json\/wp\/v2\/posts\/3589"}],"collection":[{"href":"https:\/\/blog.startups.ch\/fr\/wp-json\/wp\/v2\/posts"}],"about":[{"href":"https:\/\/blog.startups.ch\/fr\/wp-json\/wp\/v2\/types\/post"}],"author":[{"embeddable":true,"href":"https:\/\/blog.startups.ch\/fr\/wp-json\/wp\/v2\/users\/1"}],"replies":[{"embeddable":true,"href":"https:\/\/blog.startups.ch\/fr\/wp-json\/wp\/v2\/comments?post=3589"}],"version-history":[{"count":1,"href":"https:\/\/blog.startups.ch\/fr\/wp-json\/wp\/v2\/posts\/3589\/revisions"}],"predecessor-version":[{"id":3592,"href":"https:\/\/blog.startups.ch\/fr\/wp-json\/wp\/v2\/posts\/3589\/revisions\/3592"}],"wp:attachment":[{"href":"https:\/\/blog.startups.ch\/fr\/wp-json\/wp\/v2\/media?parent=3589"}],"wp:term":[{"taxonomy":"category","embeddable":true,"href":"https:\/\/blog.startups.ch\/fr\/wp-json\/wp\/v2\/categories?post=3589"},{"taxonomy":"post_tag","embeddable":true,"href":"https:\/\/blog.startups.ch\/fr\/wp-json\/wp\/v2\/tags?post=3589"}],"curies":[{"name":"wp","href":"https:\/\/api.w.org\/{rel}","templated":true}]}}