{"id":3541,"date":"2014-10-17T13:43:34","date_gmt":"2014-10-17T11:43:34","guid":{"rendered":"http:\/\/blog.startups.ch\/fr\/?p=3541"},"modified":"2014-10-17T13:43:34","modified_gmt":"2014-10-17T11:43:34","slug":"suisse-continue-dattirer-les-entreprises-etrangeres","status":"publish","type":"post","link":"https:\/\/blog.startups.ch\/fr\/2014\/10\/17\/suisse-continue-dattirer-les-entreprises-etrangeres\/","title":{"rendered":"La Suisse continue d\u2019attirer les entreprises \u00e9trang\u00e8res"},"content":{"rendered":"<p><strong>Avec plus de 80 entreprises qui se sont \u00e9tablies en Suisse en 2014,\u00a0 la tendance est clairement \u00e0 la hausse par rapport aux ann\u00e9es pr\u00e9c\u00e9dentes.<\/strong><\/p>\n<p><a href=\"https:\/\/i0.wp.com\/blog.startups.ch\/fr\/wp-content\/uploads\/2014\/05\/Investieren.jpg\"><img loading=\"lazy\" decoding=\"async\" class=\"alignnone size-full wp-image-3289\" src=\"https:\/\/i0.wp.com\/blog.startups.ch\/fr\/wp-content\/uploads\/2014\/05\/Investieren.jpg?resize=690%2C269\" alt=\"transmissibilit\u00e9 des actions\" width=\"690\" height=\"269\" srcset=\"https:\/\/i0.wp.com\/blog.startups.ch\/fr\/wp-content\/uploads\/2014\/05\/Investieren.jpg?w=690&amp;ssl=1 690w, https:\/\/i0.wp.com\/blog.startups.ch\/fr\/wp-content\/uploads\/2014\/05\/Investieren.jpg?resize=300%2C116&amp;ssl=1 300w\" sizes=\"(max-width: 690px) 100vw, 690px\" data-recalc-dims=\"1\" \/><\/a><\/p>\n<h2><strong>Record d\u2019implantions d\u2019entreprises \u00e9trang\u00e8res en Suisse romande<\/strong><\/h2>\n<p>Malgr\u00e9 la crainte d\u2019une baisse de l\u2019attractivit\u00e9 \u00e9conomique apr\u00e8s les votations du 9 f\u00e9vrier dernier, ndlr. \u00ab\u00a0L\u2019initiative contre l\u2019immigration de masse\u00a0\u00bb, plus de 80 entreprises \u00e9trang\u00e8res se sont implant\u00e9es en Suisse depuis le d\u00e9but de l\u2019ann\u00e9e 2014, ce qui repr\u00e9sente un chiffre record. Cela repr\u00e9sente plus de 300 nouveaux emplois, et 30 entreprises de plus qu\u2019en 2013.<\/p>\n<h2><strong>Peu d\u2019impact du 9 f\u00e9vrier<\/strong><\/h2>\n<p>L&#8217; initiative\u00a0de l&#8217;UDC du 9 f\u00e9vrier dernier, visant \u00e0 limiter l&#8217;immigration de masse a augment\u00e9 les craintes quant \u00e0 l&#8217;attractivit\u00e9 \u00e9conomique de la Suisse. Mais il n&#8217;en est rien. On compte pour cette ann\u00e9e plus de 80 entreprises \u00e9trang\u00e8res \u00e9tablies en Suisse, ce qui repr\u00e9senterait 300 emplois sur un an et plus de 800 sur trois ans en Suisse romande.<\/p>\n<p>Retrouvez plus d\u2019informations <a title=\"record d'implantations d'entreprises \u00e9trang\u00e8res en Suisse\" href=\"http:\/\/www.rts.ch\/info\/suisse\/6202689-record-d-implantations-d-entreprises-etrangeres-en-suisse-romande.html\" target=\"_blank\">ici<\/a>.<\/p>\n","protected":false},"excerpt":{"rendered":"<p>Avec plus de 80 entreprises qui se sont \u00e9tablies en Suisse en 2014,\u00a0 la tendance est clairement \u00e0 la hausse par rapport aux ann\u00e9es pr\u00e9c\u00e9dentes. Record d\u2019implantions d\u2019entreprises \u00e9trang\u00e8res en Suisse romande Malgr\u00e9 la crainte d\u2019une baisse de l\u2019attractivit\u00e9 \u00e9conomique apr\u00e8s les votations du 9 f\u00e9vrier dernier, ndlr. \u00ab\u00a0L\u2019initiative contre l\u2019immigration de masse\u00a0\u00bb, plus de [&hellip;]<\/p>\n","protected":false},"author":1,"featured_media":0,"comment_status":"open","ping_status":"open","sticky":false,"template":"","format":"standard","meta":{"content-type":"","jetpack_post_was_ever_published":false,"_jetpack_newsletter_access":"","_jetpack_dont_email_post_to_subs":false,"_jetpack_newsletter_tier_id":0,"footnotes":"","jetpack_publicize_message":"","jetpack_publicize_feature_enabled":true,"jetpack_social_post_already_shared":true,"jetpack_social_options":{"image_generator_settings":{"template":"highway","enabled":false}}},"categories":[1],"tags":[],"jetpack_publicize_connections":[],"aioseo_notices":[],"views":1605,"jetpack_featured_media_url":"","jetpack_sharing_enabled":true,"jetpack_shortlink":"https:\/\/wp.me\/p7y0qY-V7","_links":{"self":[{"href":"https:\/\/blog.startups.ch\/fr\/wp-json\/wp\/v2\/posts\/3541"}],"collection":[{"href":"https:\/\/blog.startups.ch\/fr\/wp-json\/wp\/v2\/posts"}],"about":[{"href":"https:\/\/blog.startups.ch\/fr\/wp-json\/wp\/v2\/types\/post"}],"author":[{"embeddable":true,"href":"https:\/\/blog.startups.ch\/fr\/wp-json\/wp\/v2\/users\/1"}],"replies":[{"embeddable":true,"href":"https:\/\/blog.startups.ch\/fr\/wp-json\/wp\/v2\/comments?post=3541"}],"version-history":[{"count":1,"href":"https:\/\/blog.startups.ch\/fr\/wp-json\/wp\/v2\/posts\/3541\/revisions"}],"predecessor-version":[{"id":3542,"href":"https:\/\/blog.startups.ch\/fr\/wp-json\/wp\/v2\/posts\/3541\/revisions\/3542"}],"wp:attachment":[{"href":"https:\/\/blog.startups.ch\/fr\/wp-json\/wp\/v2\/media?parent=3541"}],"wp:term":[{"taxonomy":"category","embeddable":true,"href":"https:\/\/blog.startups.ch\/fr\/wp-json\/wp\/v2\/categories?post=3541"},{"taxonomy":"post_tag","embeddable":true,"href":"https:\/\/blog.startups.ch\/fr\/wp-json\/wp\/v2\/tags?post=3541"}],"curies":[{"name":"wp","href":"https:\/\/api.w.org\/{rel}","templated":true}]}}