{"id":3518,"date":"2014-08-27T09:41:05","date_gmt":"2014-08-27T07:41:05","guid":{"rendered":"http:\/\/blog.startups.ch\/fr\/?p=3518"},"modified":"2014-08-27T09:41:05","modified_gmt":"2014-08-27T07:41:05","slug":"rendez-au-carrefour-createurs-19-septembre-2014","status":"publish","type":"post","link":"https:\/\/blog.startups.ch\/fr\/2014\/08\/27\/rendez-au-carrefour-createurs-19-septembre-2014\/","title":{"rendered":"Rendez-vous au Carrefour des Cr\u00e9ateurs le 19 septembre 2014"},"content":{"rendered":"<p><strong>Organis\u00e9 pour la 7<sup>\u00e8me<\/sup> fois par GENILEM et le Centre Patronal, le Carrefour des Cr\u00e9ateurs est l\u2019occasion pour les jeunes et futurs entrepreneurs de participer \u00e0 des conf\u00e9rences, \u00e9largir leur r\u00e9seau et profiter des conseils et de l\u2019exp\u00e9rience de professionnels pr\u00e9sents lors de cette journ\u00e9e.<\/strong><\/p>\n<p><a href=\"https:\/\/i0.wp.com\/blog.startups.ch\/fr\/wp-content\/uploads\/2014\/08\/Carrefour-des-cr\u00e9ateurs-image.png\"><img loading=\"lazy\" decoding=\"async\" class=\"alignnone size-full wp-image-3519\" src=\"https:\/\/i0.wp.com\/blog.startups.ch\/fr\/wp-content\/uploads\/2014\/08\/Carrefour-des-cr\u00e9ateurs-image.png?resize=680%2C690\" alt=\"Carrefour des cr\u00e9ateurs-image\" width=\"680\" height=\"690\" srcset=\"https:\/\/i0.wp.com\/blog.startups.ch\/fr\/wp-content\/uploads\/2014\/08\/Carrefour-des-cr\u00e9ateurs-image.png?w=680&amp;ssl=1 680w, https:\/\/i0.wp.com\/blog.startups.ch\/fr\/wp-content\/uploads\/2014\/08\/Carrefour-des-cr\u00e9ateurs-image.png?resize=295%2C300&amp;ssl=1 295w\" sizes=\"(max-width: 680px) 100vw, 680px\" data-recalc-dims=\"1\" \/><\/a><\/p>\n<p>Le Carrefour des Cr\u00e9ateurs a pour objectif de cr\u00e9er une plateforme d\u2019\u00e9changes et de favoriser les \u00e9changes d\u2019informations utiles aux entrepreneurs. Des th\u00e8mes br\u00fblants d\u2019actualit\u00e9 seront abord\u00e9s pour aider les visiteurs \u00e0 optimiser leur compr\u00e9hension du monde entrepreneurial et ainsi \u00e0 augmenter leurs chances de r\u00e9ussite. Des rendez-vous avec des experts sous forme de \u00ab\u00a0speed-meeting\u00bb seront possibles lors de cette journ\u00e9e, afin de r\u00e9pondre \u00e0 vos questions dans diff\u00e9rents domaines d\u2019expertise. En tant qu\u2019exposant, vous aurez l\u2019opportunit\u00e9 de pr\u00e9senter vos services et prestations \u00e0 un large public passionn\u00e9 par le monde de l\u2019entrepreneuriat.<\/p>\n<p>STARTUPS.CH sera pr\u00e9sent \u00e0 cet \u00e9v\u00e9nement pour donner des conseils, aiguiller et mettre en lumi\u00e8re des th\u00e8mes importants pour les entrepreneurs.<\/p>\n<p>Venez nombreux participer au Carrefour des Cr\u00e9ateurs, le salon ax\u00e9 sur l\u2019entreprenariat, le vendredi 19 septembre prochain au Swisstech Convention Center de l\u2019EPFL.<\/p>\n<p>Plus d&#8217;informations sur\u00a0<a href=\"http:\/\/www.carrefour-createurs.ch\">http:\/\/www.carrefour-createurs.ch<\/a><\/p>\n","protected":false},"excerpt":{"rendered":"<p>Organis\u00e9 pour la 7\u00e8me fois par GENILEM et le Centre Patronal, le Carrefour des Cr\u00e9ateurs est l\u2019occasion pour les jeunes et futurs entrepreneurs de participer \u00e0 des conf\u00e9rences, \u00e9largir leur r\u00e9seau et profiter des conseils et de l\u2019exp\u00e9rience de professionnels pr\u00e9sents lors de cette journ\u00e9e. Le Carrefour des Cr\u00e9ateurs a pour objectif de cr\u00e9er une [&hellip;]<\/p>\n","protected":false},"author":1,"featured_media":0,"comment_status":"open","ping_status":"open","sticky":false,"template":"","format":"standard","meta":{"content-type":"","jetpack_post_was_ever_published":false,"_jetpack_newsletter_access":"","_jetpack_dont_email_post_to_subs":false,"_jetpack_newsletter_tier_id":0,"footnotes":"","jetpack_publicize_message":"","jetpack_publicize_feature_enabled":true,"jetpack_social_post_already_shared":false,"jetpack_social_options":{"image_generator_settings":{"template":"highway","enabled":false}}},"categories":[1],"tags":[],"jetpack_publicize_connections":[],"aioseo_notices":[],"views":1679,"jetpack_featured_media_url":"","jetpack_sharing_enabled":true,"jetpack_shortlink":"https:\/\/wp.me\/p7y0qY-UK","_links":{"self":[{"href":"https:\/\/blog.startups.ch\/fr\/wp-json\/wp\/v2\/posts\/3518"}],"collection":[{"href":"https:\/\/blog.startups.ch\/fr\/wp-json\/wp\/v2\/posts"}],"about":[{"href":"https:\/\/blog.startups.ch\/fr\/wp-json\/wp\/v2\/types\/post"}],"author":[{"embeddable":true,"href":"https:\/\/blog.startups.ch\/fr\/wp-json\/wp\/v2\/users\/1"}],"replies":[{"embeddable":true,"href":"https:\/\/blog.startups.ch\/fr\/wp-json\/wp\/v2\/comments?post=3518"}],"version-history":[{"count":1,"href":"https:\/\/blog.startups.ch\/fr\/wp-json\/wp\/v2\/posts\/3518\/revisions"}],"predecessor-version":[{"id":3520,"href":"https:\/\/blog.startups.ch\/fr\/wp-json\/wp\/v2\/posts\/3518\/revisions\/3520"}],"wp:attachment":[{"href":"https:\/\/blog.startups.ch\/fr\/wp-json\/wp\/v2\/media?parent=3518"}],"wp:term":[{"taxonomy":"category","embeddable":true,"href":"https:\/\/blog.startups.ch\/fr\/wp-json\/wp\/v2\/categories?post=3518"},{"taxonomy":"post_tag","embeddable":true,"href":"https:\/\/blog.startups.ch\/fr\/wp-json\/wp\/v2\/tags?post=3518"}],"curies":[{"name":"wp","href":"https:\/\/api.w.org\/{rel}","templated":true}]}}