{"id":3507,"date":"2014-08-19T15:43:17","date_gmt":"2014-08-19T13:43:17","guid":{"rendered":"http:\/\/blog.startups.ch\/fr\/?p=3507"},"modified":"2014-08-20T18:12:02","modified_gmt":"2014-08-20T16:12:02","slug":"interview-francois-egger-moderateur-les-swiss-startups-awards","status":"publish","type":"post","link":"https:\/\/blog.startups.ch\/fr\/2014\/08\/19\/interview-francois-egger-moderateur-les-swiss-startups-awards\/","title":{"rendered":"Interview de Fran\u00e7ois Egger, mod\u00e9rateur pour la s\u00e9lection officielle du STARTUPS.CH Award"},"content":{"rendered":"<p>Journaliste-pr\u00e9sentateur \u00e0 la RTS depuis 2008, Fran\u00e7ois Egger anime l\u2019\u00e9mission <em>Couleurs Locales <\/em>avec passion et humour, pour le plus grand bonheur des t\u00e9l\u00e9spectateurs. Il nous fera l&#8217;honneur d&#8217;animer la soir\u00e9e de la s\u00e9lection officielle du\u00a0STARTUPS.CH Award\u00a0\u00e0 Lausanne le 11 septembre prochain, o\u00f9 les business plans romands s\u00e9lectionn\u00e9s s&#8217;affronteront avant la grande finale. Il r\u00e9pond ici en exclusivit\u00e9 \u00e0 nos questions d\u2019interview.<\/p>\n<p><!--more--><\/p>\n<p><a href=\"https:\/\/i0.wp.com\/blog.startups.ch\/fr\/wp-content\/uploads\/2014\/08\/Fran\u00e7ois_Egger.jpg\"><img loading=\"lazy\" decoding=\"async\" class=\"alignnone size-full wp-image-3508\" src=\"https:\/\/i0.wp.com\/blog.startups.ch\/fr\/wp-content\/uploads\/2014\/08\/Fran\u00e7ois_Egger.jpg?resize=500%2C333\" alt=\"2013. Couleurs locales: au fil de l'eau\" width=\"500\" height=\"333\" srcset=\"https:\/\/i0.wp.com\/blog.startups.ch\/fr\/wp-content\/uploads\/2014\/08\/Fran\u00e7ois_Egger.jpg?w=500&amp;ssl=1 500w, https:\/\/i0.wp.com\/blog.startups.ch\/fr\/wp-content\/uploads\/2014\/08\/Fran\u00e7ois_Egger.jpg?resize=300%2C199&amp;ssl=1 300w\" sizes=\"(max-width: 500px) 100vw, 500px\" data-recalc-dims=\"1\" \/><\/a><\/p>\n<p><strong>O\u00f9 trouvez-vous l\u2019inspiration pour pr\u00e9senter une telle vari\u00e9t\u00e9 de sujets \u00e0 Couleurs Locales\u00a0?<\/strong><\/p>\n<p>Je ne suis heureusement pas le seul \u00e0 trouver de l\u2019inspiration au quotidien. Cela est un vrai travail d\u2019\u00e9quipe entre la production de l\u2019\u00e9mission et les bureaux r\u00e9gionaux qui jouent un r\u00f4le primordial dans le d\u00e9cryptage de l\u2019actualit\u00e9 romande. Il faut aussi dire que le Suisse romande est riche en vari\u00e9t\u00e9s et bouillonnante d\u2019actualit\u00e9.<\/p>\n<p><strong>Quel est le plus grand d\u00e9fi rencontr\u00e9 en tant que pr\u00e9sentateur?<\/strong><\/p>\n<p>G\u00e9rer des situations sensibles avec un ton juste et une information pr\u00e9cise, comme l\u2019accident de car \u00e0 Sierre.<\/p>\n<p><strong>Vous semblez avoir beaucoup d\u2019imagination et de cr\u00e9ativit\u00e9. Avez-vous des conseils \u00e0 donner \u00e0 nos jeunes entrepreneurs pour qu\u2019ils d\u00e9veloppent leur cot\u00e9 cr\u00e9atif\u00a0?<\/strong><\/p>\n<p>Croire en ce que l\u2019on fait, se laisser aller et ne pas se mettre des limites inutiles.<\/p>\n<p><strong>Comment avez-vous fait pour donner \u00e0 Couleurs Locales ce nouveau dynamisme\u00a0?<\/strong><\/p>\n<p>Il suffit d\u2019avoir un esprit jeune et dynamique. Le reste suit naturellement.<\/p>\n<p><strong>Selon vous, quels sont les d\u00e9tails auxquels il faut faire attention lorsque l\u2019on pr\u00e9sente un projet, que ce soit une \u00e9mission t\u00e9l\u00e9 ou le business plan de nos entrepreneurs\u00a0?<\/strong><\/p>\n<p>Le souci de la rigueur, ne RIEN laisser au hasard, savoir \u00eatre r\u00e9aliste, pousser \u00a0\u00e0 l\u2019extr\u00eame l\u2019importance du d\u00e9tail.<\/p>\n","protected":false},"excerpt":{"rendered":"<p>Journaliste-pr\u00e9sentateur \u00e0 la RTS depuis 2008, Fran\u00e7ois Egger anime l\u2019\u00e9mission Couleurs Locales avec passion et humour, pour le plus grand bonheur des t\u00e9l\u00e9spectateurs. Il nous fera l&#8217;honneur d&#8217;animer la soir\u00e9e de la s\u00e9lection officielle du\u00a0STARTUPS.CH Award\u00a0\u00e0 Lausanne le 11 septembre prochain, o\u00f9 les business plans romands s\u00e9lectionn\u00e9s s&#8217;affronteront avant la grande finale. Il r\u00e9pond ici [&hellip;]<\/p>\n","protected":false},"author":1,"featured_media":0,"comment_status":"open","ping_status":"open","sticky":false,"template":"","format":"standard","meta":{"content-type":"","jetpack_post_was_ever_published":false,"_jetpack_newsletter_access":"","_jetpack_dont_email_post_to_subs":false,"_jetpack_newsletter_tier_id":0,"footnotes":"","jetpack_publicize_message":"","jetpack_publicize_feature_enabled":true,"jetpack_social_post_already_shared":false,"jetpack_social_options":{"image_generator_settings":{"template":"highway","enabled":false}}},"categories":[1],"tags":[],"jetpack_publicize_connections":[],"aioseo_notices":[],"views":2988,"jetpack_featured_media_url":"","jetpack_sharing_enabled":true,"jetpack_shortlink":"https:\/\/wp.me\/p7y0qY-Uz","_links":{"self":[{"href":"https:\/\/blog.startups.ch\/fr\/wp-json\/wp\/v2\/posts\/3507"}],"collection":[{"href":"https:\/\/blog.startups.ch\/fr\/wp-json\/wp\/v2\/posts"}],"about":[{"href":"https:\/\/blog.startups.ch\/fr\/wp-json\/wp\/v2\/types\/post"}],"author":[{"embeddable":true,"href":"https:\/\/blog.startups.ch\/fr\/wp-json\/wp\/v2\/users\/1"}],"replies":[{"embeddable":true,"href":"https:\/\/blog.startups.ch\/fr\/wp-json\/wp\/v2\/comments?post=3507"}],"version-history":[{"count":3,"href":"https:\/\/blog.startups.ch\/fr\/wp-json\/wp\/v2\/posts\/3507\/revisions"}],"predecessor-version":[{"id":3512,"href":"https:\/\/blog.startups.ch\/fr\/wp-json\/wp\/v2\/posts\/3507\/revisions\/3512"}],"wp:attachment":[{"href":"https:\/\/blog.startups.ch\/fr\/wp-json\/wp\/v2\/media?parent=3507"}],"wp:term":[{"taxonomy":"category","embeddable":true,"href":"https:\/\/blog.startups.ch\/fr\/wp-json\/wp\/v2\/categories?post=3507"},{"taxonomy":"post_tag","embeddable":true,"href":"https:\/\/blog.startups.ch\/fr\/wp-json\/wp\/v2\/tags?post=3507"}],"curies":[{"name":"wp","href":"https:\/\/api.w.org\/{rel}","templated":true}]}}