{"id":3475,"date":"2014-07-04T01:11:13","date_gmt":"2014-07-03T23:11:13","guid":{"rendered":"http:\/\/blog.startups.ch\/fr\/?p=3475"},"modified":"2014-07-04T01:11:13","modified_gmt":"2014-07-03T23:11:13","slug":"inscriptions-au-registre-du-commerce-du-mois-juin-bilan-positif-premiere-moitie-lannee","status":"publish","type":"post","link":"https:\/\/blog.startups.ch\/fr\/2014\/07\/04\/inscriptions-au-registre-du-commerce-du-mois-juin-bilan-positif-premiere-moitie-lannee\/","title":{"rendered":"Inscriptions au registre du commerce du mois de juin : bilan positif pour la premi\u00e8re moiti\u00e9 de l\u2019ann\u00e9e"},"content":{"rendered":"<p><strong>En comparaison \u00e0 mai 2014 ou juin 2013, le nombre d\u2019entreprises inscrites au registre du commerce a augment\u00e9 en juin 2014. Le bilan pour ce milieu d\u2019ann\u00e9e est positif.<\/strong><!--more--><\/p>\n<p><a href=\"https:\/\/i0.wp.com\/blog.startups.ch\/fr\/wp-content\/uploads\/2014\/07\/Gr\u00fcndungen-Juni-2014.png\"><img loading=\"lazy\" decoding=\"async\" class=\"alignnone size-full wp-image-3477\" src=\"https:\/\/i0.wp.com\/blog.startups.ch\/fr\/wp-content\/uploads\/2014\/07\/Gr\u00fcndungen-Juni-2014.png?resize=690%2C409\" alt=\"Gr\u00fcndungen Juni 2014\" width=\"690\" height=\"409\" srcset=\"https:\/\/i0.wp.com\/blog.startups.ch\/fr\/wp-content\/uploads\/2014\/07\/Gr\u00fcndungen-Juni-2014.png?w=690&amp;ssl=1 690w, https:\/\/i0.wp.com\/blog.startups.ch\/fr\/wp-content\/uploads\/2014\/07\/Gr\u00fcndungen-Juni-2014.png?resize=300%2C177&amp;ssl=1 300w\" sizes=\"(max-width: 690px) 100vw, 690px\" data-recalc-dims=\"1\" \/><\/a><\/p>\n<p><strong>Augmentation dans toute la Suisse<\/strong><\/p>\n<p>Dans toute la Suisse, les inscriptions au registre du commerce ont augment\u00e9 en comparaison au mois de juin de l\u2019an dernier. L&#8217;accroissement le plus flagrant s\u2019est produit en Suisse romande, m\u00eame si nous pouvons \u00e9galement noter une \u00e9volution en Suisse al\u00e9manique et au Tessin. En Suisse romande, il y a eu 7% d\u2019inscriptions en plus que l\u2019ann\u00e9e pass\u00e9e. Les diff\u00e9rences entre les cantons sont, comme \u00e0 leur habitude, consid\u00e9rables. La mont\u00e9e la plus frappante est celle du canton de Vaud, et les \u00ab\u00a0perdants\u00a0\u00bb sont ce mois-ci les plus petits cantons.<\/p>\n<p><strong>La premi\u00e8re moiti\u00e9 de l\u2019ann\u00e9e montre des r\u00e9sultats prometteurs<\/strong><\/p>\n<p>La premi\u00e8re moiti\u00e9 de l\u2019ann\u00e9e 2014 a \u00e9t\u00e9 de nouveau marqu\u00e9e par un nombre croissant d\u2019entreprises inscrites au registre du commerce. Les bons chiffres de l\u2019ann\u00e9e pr\u00e9c\u00e9dente se voient \u00eatre d\u00e9pass\u00e9s. La situation \u00e9conomique actuelle semble motiver bon nombre de jeunes entrepreneurs, qui se d\u00e9cident \u00e0 franchir le cap et devenir ind\u00e9pendants. En somme, pr\u00e8s de 21&#8217;235 inscriptions au registre du commerce ont \u00e9t\u00e9 recens\u00e9es pour la premi\u00e8re moiti\u00e9 de l\u2019ann\u00e9e. Si cette \u00e9volution reste constante pour la deuxi\u00e8me moiti\u00e9 de l\u2019ann\u00e9e, il se pourrait que l\u2019ann\u00e9e record 2013, avec plus de 40&#8217;000 inscriptions, se fasse d\u00e9passer.<\/p>\n<p><a href=\"https:\/\/i0.wp.com\/blog.startups.ch\/fr\/wp-content\/uploads\/2014\/07\/Juni-2014.png\"><img loading=\"lazy\" decoding=\"async\" class=\"alignnone size-full wp-image-3476\" src=\"https:\/\/i0.wp.com\/blog.startups.ch\/fr\/wp-content\/uploads\/2014\/07\/Juni-2014.png?resize=299%2C602\" alt=\"Juni 2014\" width=\"299\" height=\"602\" srcset=\"https:\/\/i0.wp.com\/blog.startups.ch\/fr\/wp-content\/uploads\/2014\/07\/Juni-2014.png?w=299&amp;ssl=1 299w, https:\/\/i0.wp.com\/blog.startups.ch\/fr\/wp-content\/uploads\/2014\/07\/Juni-2014.png?resize=149%2C300&amp;ssl=1 149w\" sizes=\"(max-width: 299px) 100vw, 299px\" data-recalc-dims=\"1\" \/><\/a><\/p>\n","protected":false},"excerpt":{"rendered":"<p>En comparaison \u00e0 mai 2014 ou juin 2013, le nombre d\u2019entreprises inscrites au registre du commerce a augment\u00e9 en juin 2014. Le bilan pour ce milieu d\u2019ann\u00e9e est positif.<\/p>\n","protected":false},"author":1,"featured_media":0,"comment_status":"open","ping_status":"open","sticky":false,"template":"","format":"standard","meta":{"content-type":"","jetpack_post_was_ever_published":false,"_jetpack_newsletter_access":"","_jetpack_dont_email_post_to_subs":false,"_jetpack_newsletter_tier_id":0,"footnotes":"","jetpack_publicize_message":"","jetpack_publicize_feature_enabled":true,"jetpack_social_post_already_shared":false,"jetpack_social_options":{"image_generator_settings":{"template":"highway","enabled":false}}},"categories":[1],"tags":[],"jetpack_publicize_connections":[],"aioseo_notices":[],"views":1460,"jetpack_featured_media_url":"","jetpack_sharing_enabled":true,"jetpack_shortlink":"https:\/\/wp.me\/p7y0qY-U3","_links":{"self":[{"href":"https:\/\/blog.startups.ch\/fr\/wp-json\/wp\/v2\/posts\/3475"}],"collection":[{"href":"https:\/\/blog.startups.ch\/fr\/wp-json\/wp\/v2\/posts"}],"about":[{"href":"https:\/\/blog.startups.ch\/fr\/wp-json\/wp\/v2\/types\/post"}],"author":[{"embeddable":true,"href":"https:\/\/blog.startups.ch\/fr\/wp-json\/wp\/v2\/users\/1"}],"replies":[{"embeddable":true,"href":"https:\/\/blog.startups.ch\/fr\/wp-json\/wp\/v2\/comments?post=3475"}],"version-history":[{"count":1,"href":"https:\/\/blog.startups.ch\/fr\/wp-json\/wp\/v2\/posts\/3475\/revisions"}],"predecessor-version":[{"id":3478,"href":"https:\/\/blog.startups.ch\/fr\/wp-json\/wp\/v2\/posts\/3475\/revisions\/3478"}],"wp:attachment":[{"href":"https:\/\/blog.startups.ch\/fr\/wp-json\/wp\/v2\/media?parent=3475"}],"wp:term":[{"taxonomy":"category","embeddable":true,"href":"https:\/\/blog.startups.ch\/fr\/wp-json\/wp\/v2\/categories?post=3475"},{"taxonomy":"post_tag","embeddable":true,"href":"https:\/\/blog.startups.ch\/fr\/wp-json\/wp\/v2\/tags?post=3475"}],"curies":[{"name":"wp","href":"https:\/\/api.w.org\/{rel}","templated":true}]}}