{"id":3268,"date":"2014-04-15T17:22:52","date_gmt":"2014-04-15T15:22:52","guid":{"rendered":"http:\/\/blog.startups.ch\/fr\/?p=3268"},"modified":"2014-04-15T17:23:58","modified_gmt":"2014-04-15T15:23:58","slug":"quel-est-le-meilleur-moment-pour-une-transformation-de-raison-individuelle","status":"publish","type":"post","link":"https:\/\/blog.startups.ch\/fr\/2014\/04\/15\/quel-est-le-meilleur-moment-pour-une-transformation-de-raison-individuelle\/","title":{"rendered":"Quel est le meilleur moment pour une transformation de raison individuelle ?"},"content":{"rendered":"<h2><b>Le d\u00e9but de l\u2019ann\u00e9e est en g\u00e9n\u00e9ral le moment id\u00e9al pour transformer sa raison individuelle en S\u00e0rl ou en SA. Quels sont les autres moments qui se pr\u00eatent \u00e0 ce changement\u00a0? Apprenez-en plus dans cet article. <!--more--><\/b><\/h2>\n<h4><a href=\"https:\/\/i0.wp.com\/blog.startups.ch\/fr\/wp-content\/uploads\/2014\/04\/Fotolia_52979842_S.jpg\"><img loading=\"lazy\" decoding=\"async\" class=\"aligncenter size-full wp-image-3270\" alt=\"transformation\" src=\"https:\/\/i0.wp.com\/blog.startups.ch\/fr\/wp-content\/uploads\/2014\/04\/Fotolia_52979842_S.jpg?resize=690%2C321\" width=\"690\" height=\"321\" srcset=\"https:\/\/i0.wp.com\/blog.startups.ch\/fr\/wp-content\/uploads\/2014\/04\/Fotolia_52979842_S.jpg?w=690&amp;ssl=1 690w, https:\/\/i0.wp.com\/blog.startups.ch\/fr\/wp-content\/uploads\/2014\/04\/Fotolia_52979842_S.jpg?resize=300%2C139&amp;ssl=1 300w\" sizes=\"(max-width: 690px) 100vw, 690px\" data-recalc-dims=\"1\" \/><\/a><\/h4>\n<h4><b>Le moment id\u00e9al pour une transformation<\/b><\/h4>\n<p>Le d\u00e9but de l\u2019ann\u00e9e est le moment id\u00e9al pour transformer une raison individuelle en SA ou S\u00e0rl. En effet, la cl\u00f4ture des comptes, qui est faite de toute fa\u00e7on \u00e0 ce moment-l\u00e0, permet de rassembler les documents n\u00e9cessaires \u00e0 la transformation. On \u00e9vite ainsi des co\u00fbts suppl\u00e9mentaires pour une transformation au cours de l\u2019ann\u00e9e. On gagne aussi du temps par rapport au temps de traitement de la comptabilit\u00e9. Au d\u00e9but de l\u2019ann\u00e9e, il y a moins d\u2019\u00e9critures comptables qui doivent \u00eatre transf\u00e9r\u00e9es \u00e0 la SA ou S\u00e0rl nouvellement cr\u00e9\u00e9e. D\u2019un point de vue fiscal, transformer sa raison individuelle au d\u00e9but de l\u2019ann\u00e9e permet aussi de gagner du temps par rapport \u00e0 sa d\u00e9claration d\u2019imp\u00f4ts.<\/p>\n<h4><b>Quand la transformation est-elle possible exactement?<\/b><\/h4>\n<p>Il existe trois moments pour effectuer la transformation. Elle peut tout d\u2019abord avoir lieu pour le 1<sup>er<\/sup> janvier. Dans ce cas, c\u2019est les actifs et les passifs au 31.12 au moment de la cl\u00f4ture des comptes qui sont repris. Elle peut aussi avoir lieu entre le d\u00e9but de l\u2019ann\u00e9e jusqu\u2019\u00e0 fin juin au plus tard. A cette p\u00e9riode, le moment officiel de la transformation est fix\u00e9 r\u00e9troactivement au d\u00e9but de l\u2019ann\u00e9e en cours. Le chiffre d\u2019affaire effectu\u00e9 depuis le d\u00e9but de l\u2019ann\u00e9e peut ainsi \u00eatre directement comptabilis\u00e9 pour la SA ou S\u00e0rl nouvellement cr\u00e9\u00e9e. La nouvelle soci\u00e9t\u00e9 peut prendre en compte de mani\u00e8re r\u00e9troactive toutes les transactions comptables qui ont eu lieu depuis le 1<sup>er<\/sup> janvier. La raison individuelle est dispens\u00e9e de tenir ses comptes de son c\u00f4t\u00e9.<br \/>\nSi la transformation a lieu pendant la deuxi\u00e8me partie de l\u2019ann\u00e9e, le processus demande beaucoup plus de travail. Les actifs et les passifs de l\u2019ann\u00e9e en cours peuvent \u00e9galement \u00eatre transf\u00e9r\u00e9s \u00e0 la nouvelle soci\u00e9t\u00e9. En revanche, le chiffre d\u2019affaires depuis le d\u00e9but de l\u2019ann\u00e9e jusqu\u2019au moment de la transformation doit \u00eatre comptabilis\u00e9 par la raison individuelle. Celle-ci doit donc dresser son propre bilan provisoire interm\u00e9diaire.<\/p>\n","protected":false},"excerpt":{"rendered":"<p>Le d\u00e9but de l\u2019ann\u00e9e est en g\u00e9n\u00e9ral le moment id\u00e9al pour transformer sa raison individuelle en S\u00e0rl ou en SA. Quels sont les autres moments qui se pr\u00eatent \u00e0 ce changement\u00a0? Apprenez-en plus dans cet article.<\/p>\n","protected":false},"author":1,"featured_media":0,"comment_status":"open","ping_status":"open","sticky":false,"template":"","format":"standard","meta":{"content-type":"","jetpack_post_was_ever_published":false,"_jetpack_newsletter_access":"","_jetpack_dont_email_post_to_subs":false,"_jetpack_newsletter_tier_id":0,"footnotes":"","jetpack_publicize_message":"","jetpack_publicize_feature_enabled":true,"jetpack_social_post_already_shared":false,"jetpack_social_options":{"image_generator_settings":{"template":"highway","enabled":false}}},"categories":[9,5],"tags":[],"jetpack_publicize_connections":[],"aioseo_notices":[],"views":4382,"jetpack_featured_media_url":"","jetpack_sharing_enabled":true,"jetpack_shortlink":"https:\/\/wp.me\/p7y0qY-QI","_links":{"self":[{"href":"https:\/\/blog.startups.ch\/fr\/wp-json\/wp\/v2\/posts\/3268"}],"collection":[{"href":"https:\/\/blog.startups.ch\/fr\/wp-json\/wp\/v2\/posts"}],"about":[{"href":"https:\/\/blog.startups.ch\/fr\/wp-json\/wp\/v2\/types\/post"}],"author":[{"embeddable":true,"href":"https:\/\/blog.startups.ch\/fr\/wp-json\/wp\/v2\/users\/1"}],"replies":[{"embeddable":true,"href":"https:\/\/blog.startups.ch\/fr\/wp-json\/wp\/v2\/comments?post=3268"}],"version-history":[{"count":4,"href":"https:\/\/blog.startups.ch\/fr\/wp-json\/wp\/v2\/posts\/3268\/revisions"}],"predecessor-version":[{"id":3273,"href":"https:\/\/blog.startups.ch\/fr\/wp-json\/wp\/v2\/posts\/3268\/revisions\/3273"}],"wp:attachment":[{"href":"https:\/\/blog.startups.ch\/fr\/wp-json\/wp\/v2\/media?parent=3268"}],"wp:term":[{"taxonomy":"category","embeddable":true,"href":"https:\/\/blog.startups.ch\/fr\/wp-json\/wp\/v2\/categories?post=3268"},{"taxonomy":"post_tag","embeddable":true,"href":"https:\/\/blog.startups.ch\/fr\/wp-json\/wp\/v2\/tags?post=3268"}],"curies":[{"name":"wp","href":"https:\/\/api.w.org\/{rel}","templated":true}]}}