{"id":3257,"date":"2014-04-07T10:35:23","date_gmt":"2014-04-07T08:35:23","guid":{"rendered":"http:\/\/blog.startups.ch\/fr\/?p=3257"},"modified":"2014-04-09T10:37:15","modified_gmt":"2014-04-09T08:37:15","slug":"inscriptions-au-registre-du-commerce-du-premier-trimestre-2014-une-hausse-rejouissante","status":"publish","type":"post","link":"https:\/\/blog.startups.ch\/fr\/2014\/04\/07\/inscriptions-au-registre-du-commerce-du-premier-trimestre-2014-une-hausse-rejouissante\/","title":{"rendered":"Inscriptions au registre du commerce du premier trimestre 2014 : une hausse r\u00e9jouissante"},"content":{"rendered":"<h2><b>Le premier trimestre 2014 subit une hausse des inscriptions au registre du commerce de pr\u00e8s de 5% en comparaison au m\u00eame trimestre de l\u2019ann\u00e9e pr\u00e9c\u00e9dente. Des diff\u00e9rences cantonales sont \u00e0 observer. Apprenez-en plus dans notre article.<!--more--><\/b><\/h2>\n<h4><b><a href=\"https:\/\/i0.wp.com\/blog.startups.ch\/fr\/wp-content\/uploads\/2014\/04\/Gru\u0308ndungen-Ma\u0308rz-2014.png\"><img loading=\"lazy\" decoding=\"async\" class=\"aligncenter size-full wp-image-3259\" alt=\"registre du commerce\" src=\"https:\/\/i0.wp.com\/blog.startups.ch\/fr\/wp-content\/uploads\/2014\/04\/Gru\u0308ndungen-Ma\u0308rz-2014.png?resize=673%2C399\" width=\"673\" height=\"399\" srcset=\"https:\/\/i0.wp.com\/blog.startups.ch\/fr\/wp-content\/uploads\/2014\/04\/Gru\u0308ndungen-Ma\u0308rz-2014.png?w=752&amp;ssl=1 752w, https:\/\/i0.wp.com\/blog.startups.ch\/fr\/wp-content\/uploads\/2014\/04\/Gru\u0308ndungen-Ma\u0308rz-2014.png?resize=300%2C177&amp;ssl=1 300w, https:\/\/i0.wp.com\/blog.startups.ch\/fr\/wp-content\/uploads\/2014\/04\/Gru\u0308ndungen-Ma\u0308rz-2014.png?resize=690%2C409&amp;ssl=1 690w\" sizes=\"(max-width: 673px) 100vw, 673px\" data-recalc-dims=\"1\" \/><\/a><\/b><\/h4>\n<h4><b>Forte croissance au Tessin et \u00e0 Zurich<\/b><\/h4>\n<p>Le registre du commerce suisse enregistre au premier trimestre de cette ann\u00e9e 10\u2019584 nouvelles inscriptions, ce qui repr\u00e9sente une augmentation de 4.7% par rapport au premier trimestre 2013 et une baisse de 2% par rapport aux trois derniers mois de 2013. Les fins d\u2019ann\u00e9es sont en g\u00e9n\u00e9ral particuli\u00e8rement intenses pour les cr\u00e9ations d\u2019entreprises, ce qui explique ce l\u00e9ger recul.<\/p>\n<p>Au Tessin, la hausse repr\u00e9sente 9.8% d\u2019inscriptions en plus. Le canton de Zurich aussi subit une forte hausse de 11.8% (environ 1900 inscriptions en tout) et participe ainsi fortement aux chiffres suisses de ce premier trimestre.<\/p>\n<h4><b>Des chiffres diff\u00e9rents de canton \u00e0 canton<\/b><\/h4>\n<p>A part Zurich et le Tessin, d\u2019autres cantons ont enregistr\u00e9 une hausse\u00a0: Appenzell Rhodes-Int\u00e9rieures par exemple (+31.8%), Glaris (+45.5%) ou le Jura (+16.7%). Le nombre d\u2019inscriptions dans ces cantons en chiffres absolus est bas, ce qui explique qu\u2019une l\u00e9g\u00e8re hausse produise un changement en pourcent plut\u00f4t spectaculaire. A Lucerne, la hausse est plus pertinente. Le canton observe 21% d\u2019inscriptions en plus. Sa situation fiscale attrayante convainc de nombreux cr\u00e9ateurs d\u2019entreprise de venir y implanter leur soci\u00e9t\u00e9.<\/p>\n<p>Ci-dessous les chiffres du mois de mars 2014 (et non du trimestre entier).<\/p>\n<p><a href=\"https:\/\/i0.wp.com\/blog.startups.ch\/fr\/wp-content\/uploads\/2014\/04\/Ma\u0308rz-2014-Graphik-Korrektur.png\"><img loading=\"lazy\" decoding=\"async\" class=\"aligncenter size-full wp-image-3266\" alt=\"registre du commerce\" src=\"https:\/\/i0.wp.com\/blog.startups.ch\/fr\/wp-content\/uploads\/2014\/04\/Ma\u0308rz-2014-Graphik-Korrektur.png?resize=294%2C600\" width=\"294\" height=\"600\" srcset=\"https:\/\/i0.wp.com\/blog.startups.ch\/fr\/wp-content\/uploads\/2014\/04\/Ma\u0308rz-2014-Graphik-Korrektur.png?w=294&amp;ssl=1 294w, https:\/\/i0.wp.com\/blog.startups.ch\/fr\/wp-content\/uploads\/2014\/04\/Ma\u0308rz-2014-Graphik-Korrektur.png?resize=147%2C300&amp;ssl=1 147w\" sizes=\"(max-width: 294px) 100vw, 294px\" data-recalc-dims=\"1\" \/><\/a><\/p>\n","protected":false},"excerpt":{"rendered":"<p>Le premier trimestre 2014 subit une hausse des inscriptions au registre du commerce de pr\u00e8s de 5% en comparaison au m\u00eame trimestre de l\u2019ann\u00e9e pr\u00e9c\u00e9dente. Des diff\u00e9rences cantonales sont \u00e0 observer. Apprenez-en plus dans notre article.<\/p>\n","protected":false},"author":1,"featured_media":0,"comment_status":"open","ping_status":"open","sticky":false,"template":"","format":"standard","meta":{"content-type":"","jetpack_post_was_ever_published":false,"_jetpack_newsletter_access":"","_jetpack_dont_email_post_to_subs":false,"_jetpack_newsletter_tier_id":0,"footnotes":"","jetpack_publicize_message":"","jetpack_publicize_feature_enabled":true,"jetpack_social_post_already_shared":false,"jetpack_social_options":{"image_generator_settings":{"template":"highway","enabled":false}}},"categories":[228],"tags":[],"jetpack_publicize_connections":[],"aioseo_notices":[],"views":4322,"jetpack_featured_media_url":"","jetpack_sharing_enabled":true,"jetpack_shortlink":"https:\/\/wp.me\/p7y0qY-Qx","_links":{"self":[{"href":"https:\/\/blog.startups.ch\/fr\/wp-json\/wp\/v2\/posts\/3257"}],"collection":[{"href":"https:\/\/blog.startups.ch\/fr\/wp-json\/wp\/v2\/posts"}],"about":[{"href":"https:\/\/blog.startups.ch\/fr\/wp-json\/wp\/v2\/types\/post"}],"author":[{"embeddable":true,"href":"https:\/\/blog.startups.ch\/fr\/wp-json\/wp\/v2\/users\/1"}],"replies":[{"embeddable":true,"href":"https:\/\/blog.startups.ch\/fr\/wp-json\/wp\/v2\/comments?post=3257"}],"version-history":[{"count":6,"href":"https:\/\/blog.startups.ch\/fr\/wp-json\/wp\/v2\/posts\/3257\/revisions"}],"predecessor-version":[{"id":3267,"href":"https:\/\/blog.startups.ch\/fr\/wp-json\/wp\/v2\/posts\/3257\/revisions\/3267"}],"wp:attachment":[{"href":"https:\/\/blog.startups.ch\/fr\/wp-json\/wp\/v2\/media?parent=3257"}],"wp:term":[{"taxonomy":"category","embeddable":true,"href":"https:\/\/blog.startups.ch\/fr\/wp-json\/wp\/v2\/categories?post=3257"},{"taxonomy":"post_tag","embeddable":true,"href":"https:\/\/blog.startups.ch\/fr\/wp-json\/wp\/v2\/tags?post=3257"}],"curies":[{"name":"wp","href":"https:\/\/api.w.org\/{rel}","templated":true}]}}