{"id":311,"date":"2010-08-31T11:10:02","date_gmt":"2010-08-31T09:10:02","guid":{"rendered":"http:\/\/blog.startups.ch\/fr\/?p=311"},"modified":"2014-03-18T16:32:32","modified_gmt":"2014-03-18T14:32:32","slug":"assurances-sociales-raison-individuelle","status":"publish","type":"post","link":"https:\/\/blog.startups.ch\/fr\/2010\/08\/31\/assurances-sociales-raison-individuelle\/","title":{"rendered":"Assurances sociales (AVS\/AI\/APG\/AC\/Accident) pour une raison individuelle (entrepreneur, ind\u00e9pendant,\u2026)"},"content":{"rendered":"<h2>Les assurances sociales sont un sujet particuli\u00e8rement important pour un ind\u00e9pendant d\u00e9j\u00e0 lors de la fondation. C\u2019est la raison pour laquelle nous souhaitions vous donner dans cet article une petite vue d\u2019ensemble des points les plus importants.<!--more--><a href=\"https:\/\/i0.wp.com\/blog.startups.ch\/fr\/wp-content\/uploads\/2014\/02\/thumb6.wuala_.com_.jpg\"><img loading=\"lazy\" decoding=\"async\" class=\"aligncenter size-full wp-image-3013\" alt=\"assurances sociales\" src=\"https:\/\/i0.wp.com\/blog.startups.ch\/fr\/wp-content\/uploads\/2014\/02\/thumb6.wuala_.com_.jpg?resize=690%2C321\" width=\"690\" height=\"321\" srcset=\"https:\/\/i0.wp.com\/blog.startups.ch\/fr\/wp-content\/uploads\/2014\/02\/thumb6.wuala_.com_.jpg?w=690&amp;ssl=1 690w, https:\/\/i0.wp.com\/blog.startups.ch\/fr\/wp-content\/uploads\/2014\/02\/thumb6.wuala_.com_.jpg?resize=300%2C139&amp;ssl=1 300w\" sizes=\"(max-width: 690px) 100vw, 690px\" data-recalc-dims=\"1\" \/><\/a><\/h2>\n<p>AVS\/AI\/APG\u00a0: pour un employ\u00e9, c\u2019est l\u2019employeur qui s\u2019occupe des assurances sociales. Un ind\u00e9pendant cependant doit s\u2019annoncer lui-m\u00eame <a href=\"http:\/\/www.ahv-iv.info\/andere\/00150\/00151\/index.html?lang=fr\" target=\"_self\">aupr\u00e8s des caisses AVS<\/a> s\u2019il a un revenu sup\u00e9rieur \u00e0 CHF 2&#8217;200.- par ann\u00e9e (art. 19 r\u00e8glements sur l\u2019AVS). Afin de savoir si l\u2019on est reconnu comme ind\u00e9pendant par les assurances sociales, il existe un m\u00e9mento avec les diff\u00e9rents crit\u00e8res.<\/p>\n<p>\u00c9tant donn\u00e9 que pour un ind\u00e9pendant, le revenu de l\u2019entreprise correspond \u00e9galement \u00e0 son salaire, il paye ses cotisations AVS sur tout le revenu de la raison individuelle (ce qui n\u2019est pas le cas, par exemple, d\u2019une S\u00e0rl qui doit payer les cotisations uniquement sur les salaires et non pas sur les parts au b\u00e9n\u00e9fice des associ\u00e9s). Le taux pour l\u2019AVS, l\u2019AI et l\u2019APG est de 9.5% hors frais administratifs. Pour un revenu inf\u00e9rieur \u00e0 CHF 54&#8217;000.-, le taux est inf\u00e9rieur.<\/p>\n<p><strong>Pr\u00e9voyance vieillesse: <\/strong>Aussi bien pour le 2<sup>\u00e8me<\/sup> pilier (LPP) que pour le 3<sup>\u00e8me<\/sup> pilier (3a\/3b), l\u2019entrepreneur est libre de choisir la solution qu\u2019il pr\u00e9f\u00e8re voir m\u00eame de renoncer \u00e0 une assurance. Il est m\u00eame possible de se verser l\u2019avoir de la caisse lors d\u2019une fondation. N\u00e9anmoins, il n\u2019est pas conseill\u00e9 de renoncer compl\u00e8tement \u00e0 toutes ces solutions d\u2019assurance sociale.<\/p>\n<p><strong>Assurance ch\u00f4mage (AC): <\/strong>Les ind\u00e9pendants peuvent \u00e9galement renoncer volontairement \u00e0 payer des primes d\u2019assurance ch\u00f4mage.<\/p>\n<p>Autres assurances sociales\u00a0: toutes autres assurances sociales ne sont pas obligatoires pour les ind\u00e9pendants. Un ind\u00e9pendant peut conclure une assurance accident (aupr\u00e8s de la SUVA ou aupr\u00e8s de priv\u00e9s) et une assurance indemnit\u00e9s journali\u00e8res. Cette solution est g\u00e9n\u00e9ralement hautement conseill\u00e9e \u00e9tant donn\u00e9 qu\u2019un entrepreneur qui a un accident ne peut g\u00e9n\u00e9ralement plus avoir de salaire et subvenir \u00e0 ses besoins.<\/p>\n<p>\u00c0 cela, d\u2019autres assurances priv\u00e9es peuvent \u00eatre \u00e0 conseiller suivant l\u2019activit\u00e9 commerciale.<\/p>\n","protected":false},"excerpt":{"rendered":"<p>Les assurances sociales sont un sujet particuli\u00e8rement important pour un ind\u00e9pendant d\u00e9j\u00e0 lors de la fondation. C\u2019est la raison pour laquelle nous souhaitions vous donner dans cet article une petite vue d\u2019ensemble des points les plus importants.<\/p>\n","protected":false},"author":7,"featured_media":0,"comment_status":"closed","ping_status":"closed","sticky":false,"template":"","format":"standard","meta":{"content-type":"","jetpack_post_was_ever_published":false,"_jetpack_newsletter_access":"","_jetpack_dont_email_post_to_subs":false,"_jetpack_newsletter_tier_id":0,"footnotes":"","jetpack_publicize_message":"","jetpack_publicize_feature_enabled":true,"jetpack_social_post_already_shared":false,"jetpack_social_options":{"image_generator_settings":{"template":"highway","enabled":false}}},"categories":[13,12,5],"tags":[134,132,133,135,130,131,136,405],"jetpack_publicize_connections":[],"aioseo_notices":[],"views":14648,"jetpack_featured_media_url":"","jetpack_sharing_enabled":true,"jetpack_shortlink":"https:\/\/wp.me\/p7y0qY-51","_links":{"self":[{"href":"https:\/\/blog.startups.ch\/fr\/wp-json\/wp\/v2\/posts\/311"}],"collection":[{"href":"https:\/\/blog.startups.ch\/fr\/wp-json\/wp\/v2\/posts"}],"about":[{"href":"https:\/\/blog.startups.ch\/fr\/wp-json\/wp\/v2\/types\/post"}],"author":[{"embeddable":true,"href":"https:\/\/blog.startups.ch\/fr\/wp-json\/wp\/v2\/users\/7"}],"replies":[{"embeddable":true,"href":"https:\/\/blog.startups.ch\/fr\/wp-json\/wp\/v2\/comments?post=311"}],"version-history":[{"count":9,"href":"https:\/\/blog.startups.ch\/fr\/wp-json\/wp\/v2\/posts\/311\/revisions"}],"predecessor-version":[{"id":3138,"href":"https:\/\/blog.startups.ch\/fr\/wp-json\/wp\/v2\/posts\/311\/revisions\/3138"}],"wp:attachment":[{"href":"https:\/\/blog.startups.ch\/fr\/wp-json\/wp\/v2\/media?parent=311"}],"wp:term":[{"taxonomy":"category","embeddable":true,"href":"https:\/\/blog.startups.ch\/fr\/wp-json\/wp\/v2\/categories?post=311"},{"taxonomy":"post_tag","embeddable":true,"href":"https:\/\/blog.startups.ch\/fr\/wp-json\/wp\/v2\/tags?post=311"}],"curies":[{"name":"wp","href":"https:\/\/api.w.org\/{rel}","templated":true}]}}