{"id":303,"date":"2010-08-09T11:20:06","date_gmt":"2010-08-09T09:20:06","guid":{"rendered":"http:\/\/blog.startups.ch\/fr\/?p=303"},"modified":"2022-05-24T18:06:08","modified_gmt":"2022-05-24T16:06:08","slug":"a-partir-de-quand-une-societe-a-t-elle-sa-propre-personnalite-juridique","status":"publish","type":"post","link":"https:\/\/blog.startups.ch\/fr\/2010\/08\/09\/a-partir-de-quand-une-societe-a-t-elle-sa-propre-personnalite-juridique\/","title":{"rendered":"Quand une soci\u00e9t\u00e9 obtient-elle sa propre personnalit\u00e9 juridique ?"},"content":{"rendered":"\n<h3 class=\"has-medium-font-size wp-block-heading\"><strong>Souvent, les fondateurs se demandent \u00e0 partir de quand leur soci\u00e9t\u00e9 jouit d\u2019une propre personnalit\u00e9 juridique. Cette question est particuli\u00e8rement importante, notamment en terme de responsabilit\u00e9. <\/strong><\/h3>\n\n\n\n<p class=\"has-small-font-size\">Actualis\u00e9 le 24 mai 2022<\/p>\n\n\n\n<h3 class=\"has-medium-font-size wp-block-heading\"><a href=\"https:\/\/i0.wp.com\/blog.startups.ch\/fr\/wp-content\/uploads\/2014\/02\/thumb5.wuala_.com_.jpg\"><img loading=\"lazy\" decoding=\"async\" width=\"690\" height=\"349\" class=\"aligncenter size-full wp-image-3021\" src=\"https:\/\/i0.wp.com\/blog.startups.ch\/fr\/wp-content\/uploads\/2014\/02\/thumb5.wuala_.com_.jpg?resize=690%2C349\" alt=\"personnalit\u00e9 juridique\" srcset=\"https:\/\/i0.wp.com\/blog.startups.ch\/fr\/wp-content\/uploads\/2014\/02\/thumb5.wuala_.com_.jpg?w=690&amp;ssl=1 690w, https:\/\/i0.wp.com\/blog.startups.ch\/fr\/wp-content\/uploads\/2014\/02\/thumb5.wuala_.com_.jpg?resize=300%2C151&amp;ssl=1 300w\" sizes=\"(max-width: 690px) 100vw, 690px\" data-recalc-dims=\"1\" \/><\/a><\/h3>\n\n\n\n<!--more-->\n\n\n\n<h4 class=\"wp-block-heading\"><strong>Raison individuelle (RI)<\/strong><\/h4>\n\n\n\n<p class=\"has-text-align-justify\">L&#8217;entreprise individuelle existe imm\u00e9diatement avec le d\u00e9but de l\u2019activit\u00e9 commerciale et ne dispose pas de personnalit\u00e9 juridique propre. En effet, seul son titulaire dispose d\u2019une personnalit\u00e9 juridique. C&#8217;est uniquement par le biais de l&#8217;entrepreneur que l&#8217;entreprise pourra valablement s&#8217;engager. L&#8217;entreprise ne pourra pas \u00eatre directement responsable et c&#8217;est directement le titulaire de la RI qui r\u00e9pondra des actes et des dettes de l&#8217;entreprise.<\/p>\n\n\n\n<p>Le fait d\u2019inscrire sa raison individuelle au registre du commerce ne joue aucun r\u00f4le. <\/p>\n\n\n\n<h4 class=\"wp-block-heading\"><strong>Soci\u00e9t\u00e9 en nom collectif (SNC)<\/strong><\/h4>\n\n\n\n<p class=\"has-text-align-justify\">Une soci\u00e9t\u00e9 en nom collectif ayant une activit\u00e9 commerciale est cr\u00e9\u00e9e lorsque les participants se sont mis d\u2019accord sur la mani\u00e8re dont ils veulent g\u00e9rer leur activit\u00e9 commerciale. La soci\u00e9t\u00e9 doit \u00eatre inscrite au registre du commerce, mais cette inscription n\u2019a cependant qu\u2019un caract\u00e8re d\u00e9claratif. La soci\u00e9t\u00e9 est ainsi d\u00e9j\u00e0 cr\u00e9\u00e9e avant son inscription. La soci\u00e9t\u00e9 en nom collectif n\u2019a cependant pas de personnalit\u00e9 juridique propre. Elle pourra cependant contracter des obligations, poursuivre et \u00eatre poursuivie.<\/p>\n\n\n\n<h4 class=\"wp-block-heading\"><strong>Soci\u00e9t\u00e9 \u00e0 responsabilit\u00e9 limit\u00e9e (S\u00e0rl) et soci\u00e9t\u00e9 anonyme (SA)<\/strong><\/h4>\n\n\n\n<p class=\"has-text-align-justify\">La S\u00e0rl et la SA n\u2019existent que d\u00e8s leur inscription au registre du commerce. Elles sont consid\u00e9r\u00e9es d\u00e8s lors comme des personnes morales \u00e0 part enti\u00e8re et disposent de leur personnalit\u00e9 juridique. Elles peuvent donc r\u00e9pondre de leurs actes et voir leur responsabilit\u00e9 engag\u00e9e.<\/p>\n\n\n\n<p>Attention, l\u2019inscription \u00ab\u00a0en fondation\u00a0\u00bb rajout\u00e9e \u00e0 la raison sociale ne change rien aux rapports juridiques. Cette inscription n\u2019est qu\u2019une seule formalit\u00e9 et ne procure pas aux soci\u00e9t\u00e9s de capitaux une personnalit\u00e9 juridique.<\/p>\n\n\n\n<p><a class=\"postButton\" href=\"https:\/\/www.startups.ch\/fr\/services\/creation-entreprise\" target=\"_blank\" rel=\"noopener noreferrer\">\u00bb Se lancer, cr\u00e9er son entreprise<\/a>&nbsp;<a class=\"postButton\" href=\"https:\/\/www.startups.ch\/fr\/prix\" target=\"_blank\" rel=\"noopener noreferrer\">\u00bb Nos services<\/a><\/p>\n","protected":false},"excerpt":{"rendered":"<p>Souvent, les fondateurs se demandent \u00e0 partir de quand leur soci\u00e9t\u00e9 jouit d\u2019une propre personnalit\u00e9 juridique. Cette question est particuli\u00e8rement importante, notamment en terme de responsabilit\u00e9. Actualis\u00e9 le 24 mai 2022<\/p>\n","protected":false},"author":1,"featured_media":0,"comment_status":"closed","ping_status":"closed","sticky":false,"template":"","format":"standard","meta":{"content-type":"","jetpack_post_was_ever_published":false,"_jetpack_newsletter_access":"","_jetpack_dont_email_post_to_subs":false,"_jetpack_newsletter_tier_id":0,"footnotes":"","jetpack_publicize_message":"","jetpack_publicize_feature_enabled":true,"jetpack_social_post_already_shared":false,"jetpack_social_options":{"image_generator_settings":{"template":"highway","enabled":false}}},"categories":[13,6,1,5,3,4,8],"tags":[63,70,129],"jetpack_publicize_connections":[],"aioseo_notices":[],"views":11037,"jetpack_featured_media_url":"","jetpack_sharing_enabled":true,"jetpack_shortlink":"https:\/\/wp.me\/p7y0qY-4T","_links":{"self":[{"href":"https:\/\/blog.startups.ch\/fr\/wp-json\/wp\/v2\/posts\/303"}],"collection":[{"href":"https:\/\/blog.startups.ch\/fr\/wp-json\/wp\/v2\/posts"}],"about":[{"href":"https:\/\/blog.startups.ch\/fr\/wp-json\/wp\/v2\/types\/post"}],"author":[{"embeddable":true,"href":"https:\/\/blog.startups.ch\/fr\/wp-json\/wp\/v2\/users\/1"}],"replies":[{"embeddable":true,"href":"https:\/\/blog.startups.ch\/fr\/wp-json\/wp\/v2\/comments?post=303"}],"version-history":[{"count":6,"href":"https:\/\/blog.startups.ch\/fr\/wp-json\/wp\/v2\/posts\/303\/revisions"}],"predecessor-version":[{"id":10628,"href":"https:\/\/blog.startups.ch\/fr\/wp-json\/wp\/v2\/posts\/303\/revisions\/10628"}],"wp:attachment":[{"href":"https:\/\/blog.startups.ch\/fr\/wp-json\/wp\/v2\/media?parent=303"}],"wp:term":[{"taxonomy":"category","embeddable":true,"href":"https:\/\/blog.startups.ch\/fr\/wp-json\/wp\/v2\/categories?post=303"},{"taxonomy":"post_tag","embeddable":true,"href":"https:\/\/blog.startups.ch\/fr\/wp-json\/wp\/v2\/tags?post=303"}],"curies":[{"name":"wp","href":"https:\/\/api.w.org\/{rel}","templated":true}]}}