{"id":286,"date":"2010-07-27T16:04:47","date_gmt":"2010-07-27T14:04:47","guid":{"rendered":"http:\/\/blog.startups.ch\/fr\/?p=286"},"modified":"2020-04-22T12:19:48","modified_gmt":"2020-04-22T10:19:48","slug":"epargner-impots-lors-fondation","status":"publish","type":"post","link":"https:\/\/blog.startups.ch\/fr\/2010\/07\/27\/epargner-impots-lors-fondation\/","title":{"rendered":"Imp\u00f4ts: faire des \u00e9conomies lors de votre fondation"},"content":{"rendered":"<h2>Lors de la fondation d\u2019une soci\u00e9t\u00e9, il se pose diff\u00e9rentes questions \u00e9conomiques et juridiques. G\u00e9n\u00e9ralement, les questions fiscales sont mises de c\u00f4t\u00e9 au d\u00e9but. Si l\u2019entreprise est d\u00e9j\u00e0 lanc\u00e9e, il est g\u00e9n\u00e9ralement trop tard pour faire des \u00e9conomies fiscales.<!--more--><a href=\"https:\/\/i0.wp.com\/blog.startups.ch\/fr\/wp-content\/uploads\/2013\/02\/Sparschwein.jpg\"><img loading=\"lazy\" decoding=\"async\" class=\"aligncenter size-full wp-image-1387\" src=\"https:\/\/i0.wp.com\/blog.startups.ch\/fr\/wp-content\/uploads\/2013\/02\/Sparschwein.jpg?resize=690%2C279\" alt=\"imp\u00f4ts\" width=\"690\" height=\"279\" srcset=\"https:\/\/i0.wp.com\/blog.startups.ch\/fr\/wp-content\/uploads\/2013\/02\/Sparschwein.jpg?w=690&amp;ssl=1 690w, https:\/\/i0.wp.com\/blog.startups.ch\/fr\/wp-content\/uploads\/2013\/02\/Sparschwein.jpg?resize=300%2C121&amp;ssl=1 300w\" sizes=\"(max-width: 690px) 100vw, 690px\" data-recalc-dims=\"1\" \/><\/a><\/h2>\n<h4>Imp\u00f4ts et forme juridique<\/h4>\n<p>Diverses questions fiscales se posent d\u00e9j\u00e0 lors du choix de la forme juridique (raison individuelle, S\u00e0rl, SA ou encore soci\u00e9t\u00e9 en nom collectif), \u00e9tant donn\u00e9 que la Suisse ne conna\u00eet pas de forme fiscalement neutre. Le r\u00e9sultat de l\u2019exercice (SA &amp; S\u00e0rl) sera en priorit\u00e9 utilis\u00e9 pour l\u2019entreprise, ce qui n\u2019est pas forc\u00e9ment le cas pour les autres formes juridiques (raison individuelle &amp; soci\u00e9t\u00e9 en nom collectif).<\/p>\n<h4>Imp\u00f4ts et si\u00e8ge<\/h4>\n<p>Le lieu du si\u00e8ge de l\u2019entreprise joue \u00e9galement un r\u00f4le important. L\u2019imposition d\u00e9pendra du choix de la commune choisie. Si le choix de la commune est flexible et que l&#8217;activit\u00e9 de l&#8217;entreprise ne d\u00e9pend pas d&#8217;un endroit particulier, il peut \u00eatre int\u00e9ressant d\u2019installer son entreprise dans la commune avec le taux le plus bas possible. Certains cantons offrent \u00e9galement des avantages fiscaux pour les nouvelles entreprises.<\/p>\n<h4>Imp\u00f4ts et pr\u00e9voyance professionnelle<\/h4>\n<p>Il faut \u00e9galement faire attention aux taxes pay\u00e9es sur la pr\u00e9voyance professionnelle, les cotisations AVS, la taxe sur la valeur ajout\u00e9e.<\/p>\n<p>Pour une solution fiscalement optimale, il faut prendre tous les param\u00e8tres en compte. Il est recommand\u00e9 de bien se renseigner auparavant. Beaucoup d\u2019argent pourra ainsi \u00eatre \u00e9pargn\u00e9, ce qui n\u2019est jamais mauvais pour de jeunes entrepreneurs.<\/p>\n<p><strong>D\u00e9clarer ses imp\u00f4ts en tant qu\u2019entreprise \u2013 un jeu d\u2019enfant gr\u00e2ce \u00e0 taxea !<\/strong><\/p>\n<p>Gr\u00e2ce \u00e0 notre application <a href=\"https:\/\/www.taxea.ch\/fr\/home\">taxea<\/a>, vous pouvez pr\u00e9parer la d\u00e9claration d\u2019imp\u00f4ts de votre entreprise en toute facilit\u00e9.<\/p>\n<p>Rendez-vous sur <a href=\"https:\/\/www.taxea.ch\/fr\/home\">taxea<\/a> et laissez-vous convaincre par notre service fiscal innovant ! Nous vous garantissons un maximum de d\u00e9ductions et un minimum de charges fiscales.<\/p>\n<p><a class=\"postButton\" href=\"https:\/\/www.startups.ch\/fr\/services\/creation-entreprise\" target=\"_blank\" rel=\"noopener noreferrer\">\u00bb Se lancer, cr\u00e9er son entreprise<\/a>\u00a0<a class=\"postButton\" href=\"https:\/\/www.taxea.ch\/fr\/home\" target=\"_blank\" rel=\"noopener noreferrer\">\u00bb taxea<\/a><\/p>\n","protected":false},"excerpt":{"rendered":"<p>Lors de la fondation d\u2019une soci\u00e9t\u00e9, il se pose diff\u00e9rentes questions \u00e9conomiques et juridiques. G\u00e9n\u00e9ralement, les questions fiscales sont mises de c\u00f4t\u00e9 au d\u00e9but. Si l\u2019entreprise est d\u00e9j\u00e0 lanc\u00e9e, il est g\u00e9n\u00e9ralement trop tard pour faire des \u00e9conomies fiscales.<\/p>\n","protected":false},"author":7,"featured_media":0,"comment_status":"closed","ping_status":"closed","sticky":false,"template":"","format":"standard","meta":{"content-type":"","jetpack_post_was_ever_published":false,"_jetpack_newsletter_access":"","_jetpack_dont_email_post_to_subs":false,"_jetpack_newsletter_tier_id":0,"footnotes":"","jetpack_publicize_message":"","jetpack_publicize_feature_enabled":true,"jetpack_social_post_already_shared":false,"jetpack_social_options":{"image_generator_settings":{"template":"highway","enabled":false}}},"categories":[13,10,247,1],"tags":[63,70,62],"jetpack_publicize_connections":[],"aioseo_notices":[],"views":2914,"jetpack_featured_media_url":"","jetpack_sharing_enabled":true,"jetpack_shortlink":"https:\/\/wp.me\/p7y0qY-4C","_links":{"self":[{"href":"https:\/\/blog.startups.ch\/fr\/wp-json\/wp\/v2\/posts\/286"}],"collection":[{"href":"https:\/\/blog.startups.ch\/fr\/wp-json\/wp\/v2\/posts"}],"about":[{"href":"https:\/\/blog.startups.ch\/fr\/wp-json\/wp\/v2\/types\/post"}],"author":[{"embeddable":true,"href":"https:\/\/blog.startups.ch\/fr\/wp-json\/wp\/v2\/users\/7"}],"replies":[{"embeddable":true,"href":"https:\/\/blog.startups.ch\/fr\/wp-json\/wp\/v2\/comments?post=286"}],"version-history":[{"count":11,"href":"https:\/\/blog.startups.ch\/fr\/wp-json\/wp\/v2\/posts\/286\/revisions"}],"predecessor-version":[{"id":8843,"href":"https:\/\/blog.startups.ch\/fr\/wp-json\/wp\/v2\/posts\/286\/revisions\/8843"}],"wp:attachment":[{"href":"https:\/\/blog.startups.ch\/fr\/wp-json\/wp\/v2\/media?parent=286"}],"wp:term":[{"taxonomy":"category","embeddable":true,"href":"https:\/\/blog.startups.ch\/fr\/wp-json\/wp\/v2\/categories?post=286"},{"taxonomy":"post_tag","embeddable":true,"href":"https:\/\/blog.startups.ch\/fr\/wp-json\/wp\/v2\/tags?post=286"}],"curies":[{"name":"wp","href":"https:\/\/api.w.org\/{rel}","templated":true}]}}