{"id":2841,"date":"2013-12-26T12:50:20","date_gmt":"2013-12-26T10:50:20","guid":{"rendered":"http:\/\/blog.startups.ch\/fr\/?p=2841"},"modified":"2014-01-02T13:34:14","modified_gmt":"2014-01-02T11:34:14","slug":"lacune-juridique-dans-une-sa","status":"publish","type":"post","link":"https:\/\/blog.startups.ch\/fr\/2013\/12\/26\/lacune-juridique-dans-une-sa\/","title":{"rendered":"Carence dans une SA"},"content":{"rendered":"<h2><b>Lors de la cr\u00e9ation d\u2019une SA, des carences peuvent appara\u00eetre, lorsque les exigences l\u00e9gales pour fonder une soci\u00e9t\u00e9 ne sont pas respect\u00e9es. Explications sur les diff\u00e9rentes formes de carences.<!--more--><a href=\"https:\/\/i0.wp.com\/blog.startups.ch\/fr\/wp-content\/uploads\/2012\/01\/Fotolia_Richter.jpg\"><img loading=\"lazy\" decoding=\"async\" class=\"aligncenter size-full wp-image-1429\" alt=\"lacune juridique\" src=\"https:\/\/i0.wp.com\/blog.startups.ch\/fr\/wp-content\/uploads\/2012\/01\/Fotolia_Richter.jpg?resize=690%2C314\" width=\"690\" height=\"314\" srcset=\"https:\/\/i0.wp.com\/blog.startups.ch\/fr\/wp-content\/uploads\/2012\/01\/Fotolia_Richter.jpg?w=690&amp;ssl=1 690w, https:\/\/i0.wp.com\/blog.startups.ch\/fr\/wp-content\/uploads\/2012\/01\/Fotolia_Richter.jpg?resize=300%2C136&amp;ssl=1 300w\" sizes=\"(max-width: 690px) 100vw, 690px\" data-recalc-dims=\"1\" \/><\/a><\/b><\/h2>\n<h4>Carences<\/h4>\n<p>Si la carence est d\u00e9couverte lors de l\u2019assembl\u00e9e constitutive, le notaire ou l\u2019officier public ne d\u00e9livrera pas l\u2019acte authentique indispensable \u00e0 la cr\u00e9ation de l\u2019entreprise. Si elle n\u2019est remarqu\u00e9e que lors de l\u2019inscription au registre du commerce, l\u2019entreprise sera refus\u00e9e. L\u2019inscription aura lieu uniquement une fois le manque combl\u00e9. Si l\u2019employ\u00e9 du registre du commerce ne remarque rien, la soci\u00e9t\u00e9 anonyme sera fond\u00e9e malgr\u00e9 la carence. Celle-ci devra tout de m\u00eame \u00eatre combl\u00e9e \u00e0 posteriori.<\/p>\n<h4><b>Droit d\u2019action dans le cas de carences graves<\/b><\/h4>\n<p>Si la soci\u00e9t\u00e9 anonyme souffre de carences graves, une action en justice peut \u00eatre intent\u00e9e pour la dissoudre. Ce droit d\u2019action est r\u00e9gl\u00e9 \u00e0 l\u2019article 643 CO. L\u2019action de dissolution n\u2019est men\u00e9e que rarement. Dans la pratique, c\u2019est la responsabilit\u00e9 de fondation qui est plus importante (art. 753 CO). Les fondateurs, membres du conseil d\u2019administration et toutes les personnes qui coop\u00e8rent \u00e0 la fondation d\u2019une soci\u00e9t\u00e9 peuvent \u00eatre tenus pour responsables d\u2019un dommage caus\u00e9 lorsque par exemple des apports en nature ont \u00e9t\u00e9 dissimul\u00e9s ou indiqu\u00e9s de mani\u00e8re trompeuse ou fausse dans le rapport de constitution de la soci\u00e9t\u00e9, intentionnellement ou non. Un autre \u00e9l\u00e9ment est la responsabilit\u00e9 concernant les informations contenues dans le prospectus d\u2019\u00e9mission. Toute personne participant \u00e0 sa conception sera responsable pour les dommages caus\u00e9s par un faux prospectus d\u2019\u00e9mission.<\/p>\n<p><b>Cons\u00e9quences p\u00e9nales<\/b><\/p>\n<p>Il ne faut pas oublier que les personnes responsables encourent des peines p\u00e9nales lors d\u2019une carence au moment de la cr\u00e9ation de l\u2019entreprise.<\/p>\n","protected":false},"excerpt":{"rendered":"<p>Lors de la cr\u00e9ation d\u2019une SA, des carences peuvent appara\u00eetre, lorsque les exigences l\u00e9gales pour fonder une soci\u00e9t\u00e9 ne sont pas respect\u00e9es. Explications sur les diff\u00e9rentes formes de carences.<\/p>\n","protected":false},"author":1,"featured_media":0,"comment_status":"open","ping_status":"open","sticky":false,"template":"","format":"standard","meta":{"content-type":"","jetpack_post_was_ever_published":false,"_jetpack_newsletter_access":"","_jetpack_dont_email_post_to_subs":false,"_jetpack_newsletter_tier_id":0,"footnotes":"","jetpack_publicize_message":"","jetpack_publicize_feature_enabled":true,"jetpack_social_post_already_shared":false,"jetpack_social_options":{"image_generator_settings":{"template":"highway","enabled":false}}},"categories":[1],"tags":[],"jetpack_publicize_connections":[],"aioseo_notices":[],"views":1922,"jetpack_featured_media_url":"","jetpack_sharing_enabled":true,"jetpack_shortlink":"https:\/\/wp.me\/p7y0qY-JP","_links":{"self":[{"href":"https:\/\/blog.startups.ch\/fr\/wp-json\/wp\/v2\/posts\/2841"}],"collection":[{"href":"https:\/\/blog.startups.ch\/fr\/wp-json\/wp\/v2\/posts"}],"about":[{"href":"https:\/\/blog.startups.ch\/fr\/wp-json\/wp\/v2\/types\/post"}],"author":[{"embeddable":true,"href":"https:\/\/blog.startups.ch\/fr\/wp-json\/wp\/v2\/users\/1"}],"replies":[{"embeddable":true,"href":"https:\/\/blog.startups.ch\/fr\/wp-json\/wp\/v2\/comments?post=2841"}],"version-history":[{"count":7,"href":"https:\/\/blog.startups.ch\/fr\/wp-json\/wp\/v2\/posts\/2841\/revisions"}],"predecessor-version":[{"id":2848,"href":"https:\/\/blog.startups.ch\/fr\/wp-json\/wp\/v2\/posts\/2841\/revisions\/2848"}],"wp:attachment":[{"href":"https:\/\/blog.startups.ch\/fr\/wp-json\/wp\/v2\/media?parent=2841"}],"wp:term":[{"taxonomy":"category","embeddable":true,"href":"https:\/\/blog.startups.ch\/fr\/wp-json\/wp\/v2\/categories?post=2841"},{"taxonomy":"post_tag","embeddable":true,"href":"https:\/\/blog.startups.ch\/fr\/wp-json\/wp\/v2\/tags?post=2841"}],"curies":[{"name":"wp","href":"https:\/\/api.w.org\/{rel}","templated":true}]}}