{"id":2781,"date":"2013-11-26T09:59:47","date_gmt":"2013-11-26T07:59:47","guid":{"rendered":"http:\/\/blog.startups.ch\/fr\/?p=2781"},"modified":"2013-11-26T09:59:47","modified_gmt":"2013-11-26T07:59:47","slug":"fonder-son-entreprise-en-2013-jusqua-quand-est-il-possible-de-sinscrire-au-registre-du-commerce","status":"publish","type":"post","link":"https:\/\/blog.startups.ch\/fr\/2013\/11\/26\/fonder-son-entreprise-en-2013-jusqua-quand-est-il-possible-de-sinscrire-au-registre-du-commerce\/","title":{"rendered":"Fonder son entreprise en 2013: jusqu\u2019\u00e0 quand est-il possible de s\u2019inscrire au registre du commerce ?"},"content":{"rendered":"<h2><b>Pour ceux qui veulent cr\u00e9er leur entreprise avant la fin 2013, il faudra se d\u00e9p\u00eacher\u00a0! Le mois de d\u00e9cembre est en g\u00e9n\u00e9ral tr\u00e8s charg\u00e9 pour le registre du commerce et \u00e0 cause des f\u00eates de fin d\u2019ann\u00e9e, le nombre de jours ouvrables est r\u00e9duit.<!--more--><\/b><\/h2>\n<p><a href=\"https:\/\/i0.wp.com\/blog.startups.ch\/fr\/wp-content\/uploads\/2012\/07\/Velomechaniker.jpg\"><img loading=\"lazy\" decoding=\"async\" class=\"aligncenter size-full wp-image-1262\" alt=\"fonder\" src=\"https:\/\/i0.wp.com\/blog.startups.ch\/fr\/wp-content\/uploads\/2012\/07\/Velomechaniker.jpg?resize=689%2C340\" width=\"689\" height=\"340\" srcset=\"https:\/\/i0.wp.com\/blog.startups.ch\/fr\/wp-content\/uploads\/2012\/07\/Velomechaniker.jpg?w=689&amp;ssl=1 689w, https:\/\/i0.wp.com\/blog.startups.ch\/fr\/wp-content\/uploads\/2012\/07\/Velomechaniker.jpg?resize=300%2C148&amp;ssl=1 300w\" sizes=\"(max-width: 689px) 100vw, 689px\" data-recalc-dims=\"1\" \/><\/a><\/p>\n<h4><b>Fonder son entreprise avant la fin de l\u2019ann\u00e9e<\/b><\/h4>\n<p>De nombreux jeunes entrepreneurs veulent fonder leur soci\u00e9t\u00e9 en d\u00e9cembre. Il est donc important que la demande d\u2019inscription arrive le <b>9 d\u00e9cembre 2013 au plus tard<\/b> au registre du commerce afin que l\u2019entreprise puisse \u00eatre cr\u00e9\u00e9e avant la St. Sylvestre. Apr\u00e8s cette date, une cr\u00e9ation avant la fin de l\u2019ann\u00e9e ne sera pas garantie.<\/p>\n<p>Il convient de noter que la date peut varier l\u00e9g\u00e8rement selon les cantons. A St. Gall, Lucerne ou Nidwald par exemple, on aura jusqu\u2019au vendredi 13 d\u00e9cembre pour que son dossier arrive aux bureaux du registre du commerce. A Zoug, le 9 d\u00e9cembre est la date limite. Pour les cantons de Schwyz et Soleure, on a un peu plus de temps \u00e0 sa disposition, jusqu\u2019au 15 et au 17, respectivement.<br \/>\nMais avant d\u2019envoyer une demande au registre du commerce, il ne faut pas oublier qu\u2019un rendez-vous avec le notaire est n\u00e9cessaire. Pour fonder une soci\u00e9t\u00e9 en 2013, votre demande de fondation devra nous parvenir au plus tard le <b>mercredi 4 d\u00e9cembre<\/b>. Apr\u00e8s cette date, une inscription au registre du commerce avant 2014 ne pourra \u00eatre assur\u00e9e.<\/p>\n","protected":false},"excerpt":{"rendered":"<p>Pour ceux qui veulent cr\u00e9er leur entreprise avant la fin 2013, il faudra se d\u00e9p\u00eacher\u00a0! Le mois de d\u00e9cembre est en g\u00e9n\u00e9ral tr\u00e8s charg\u00e9 pour le registre du commerce et \u00e0 cause des f\u00eates de fin d\u2019ann\u00e9e, le nombre de jours ouvrables est r\u00e9duit.<\/p>\n","protected":false},"author":1,"featured_media":0,"comment_status":"open","ping_status":"open","sticky":false,"template":"","format":"standard","meta":{"content-type":"","jetpack_post_was_ever_published":false,"_jetpack_newsletter_access":"","_jetpack_dont_email_post_to_subs":false,"_jetpack_newsletter_tier_id":0,"footnotes":"","jetpack_publicize_message":"","jetpack_publicize_feature_enabled":true,"jetpack_social_post_already_shared":false,"jetpack_social_options":{"image_generator_settings":{"template":"highway","enabled":false}}},"categories":[1],"tags":[],"jetpack_publicize_connections":[],"aioseo_notices":[],"views":1690,"jetpack_featured_media_url":"","jetpack_sharing_enabled":true,"jetpack_shortlink":"https:\/\/wp.me\/p7y0qY-IR","_links":{"self":[{"href":"https:\/\/blog.startups.ch\/fr\/wp-json\/wp\/v2\/posts\/2781"}],"collection":[{"href":"https:\/\/blog.startups.ch\/fr\/wp-json\/wp\/v2\/posts"}],"about":[{"href":"https:\/\/blog.startups.ch\/fr\/wp-json\/wp\/v2\/types\/post"}],"author":[{"embeddable":true,"href":"https:\/\/blog.startups.ch\/fr\/wp-json\/wp\/v2\/users\/1"}],"replies":[{"embeddable":true,"href":"https:\/\/blog.startups.ch\/fr\/wp-json\/wp\/v2\/comments?post=2781"}],"version-history":[{"count":4,"href":"https:\/\/blog.startups.ch\/fr\/wp-json\/wp\/v2\/posts\/2781\/revisions"}],"predecessor-version":[{"id":2785,"href":"https:\/\/blog.startups.ch\/fr\/wp-json\/wp\/v2\/posts\/2781\/revisions\/2785"}],"wp:attachment":[{"href":"https:\/\/blog.startups.ch\/fr\/wp-json\/wp\/v2\/media?parent=2781"}],"wp:term":[{"taxonomy":"category","embeddable":true,"href":"https:\/\/blog.startups.ch\/fr\/wp-json\/wp\/v2\/categories?post=2781"},{"taxonomy":"post_tag","embeddable":true,"href":"https:\/\/blog.startups.ch\/fr\/wp-json\/wp\/v2\/tags?post=2781"}],"curies":[{"name":"wp","href":"https:\/\/api.w.org\/{rel}","templated":true}]}}