{"id":2705,"date":"2013-10-17T14:40:26","date_gmt":"2013-10-17T12:40:26","guid":{"rendered":"http:\/\/blog.startups.ch\/fr\/?p=2705"},"modified":"2013-10-17T14:40:26","modified_gmt":"2013-10-17T12:40:26","slug":"des-entreprises-suisses-moins-optimistes","status":"publish","type":"post","link":"https:\/\/blog.startups.ch\/fr\/2013\/10\/17\/des-entreprises-suisses-moins-optimistes\/","title":{"rendered":"Des entreprises suisses moins optimistes"},"content":{"rendered":"<h2><b>Apr\u00e8s un printemps 2013 jug\u00e9 plut\u00f4t positif pour les affaires, les entreprises suisses \u00e9taient moins optimistes au mois de juillet, comme l\u2019a montr\u00e9 une \u00e9tude du KOF (Centre de recherches conjoncturelles de l\u2019EPF Zurich).<!--more--><\/b><\/h2>\n<h4><a href=\"https:\/\/i0.wp.com\/blog.startups.ch\/fr\/wp-content\/uploads\/2011\/08\/Fotolia_Mann-mit-Schirm-und-Pflanze.jpg\"><img loading=\"lazy\" decoding=\"async\" class=\"aligncenter size-full wp-image-1945\" alt=\"entreprises\" src=\"https:\/\/i0.wp.com\/blog.startups.ch\/fr\/wp-content\/uploads\/2011\/08\/Fotolia_Mann-mit-Schirm-und-Pflanze.jpg?resize=688%2C348\" width=\"688\" height=\"348\" srcset=\"https:\/\/i0.wp.com\/blog.startups.ch\/fr\/wp-content\/uploads\/2011\/08\/Fotolia_Mann-mit-Schirm-und-Pflanze.jpg?w=688&amp;ssl=1 688w, https:\/\/i0.wp.com\/blog.startups.ch\/fr\/wp-content\/uploads\/2011\/08\/Fotolia_Mann-mit-Schirm-und-Pflanze.jpg?resize=300%2C151&amp;ssl=1 300w\" sizes=\"(max-width: 688px) 100vw, 688px\" data-recalc-dims=\"1\" \/><\/a><\/h4>\n<h4><b>Les entreprises suisses ont moins confiance<\/b><\/h4>\n<p>L\u2019enqu\u00eate conjoncturelle du KOF, Centre de recherches conjoncturelles de l\u2019EPF Zurich, a montr\u00e9 que l\u2019indicateur de la situation des affaires dans le secteur priv\u00e9 suisse a baiss\u00e9 en juillet dernier, apr\u00e8s la hausse de mai et juin. Plus de 6000 entreprises de divers secteurs ont r\u00e9pondu au sondage. Malgr\u00e9 le pessimisme de juillet, globalement, les entrepreneurs sont tout de m\u00eame confiants pour le deuxi\u00e8me semestre 2013. Car l\u2019\u00e9conomie suisse est robuste, m\u00eame si elle ne subit pas d\u2019\u00e9lan positif significatif \u00e0 l\u2019heure actuelle.<\/p>\n<h4><b>Le climat change selon les branches<\/b><\/h4>\n<p>Dans l\u2019industrie, la situation des affaires reste insatisfaisante. Le nombre de commande continue \u00e0 faiblir et la charge de travail des machines est inf\u00e9rieure \u00e0 la moyenne en comparaison pluriannuelle. Les entreprises actives dans ce secteur restent toutefois timidement optimistes pour le deuxi\u00e8me semestre 2013.<\/p>\n<p>Dans le b\u00e2timent, la situation d\u00e9j\u00e0 bonne s\u2019est encore am\u00e9lior\u00e9e. Les d\u00e9taillants sont quant \u00e0 eux l\u00e9g\u00e8rement moins satisfaits qu\u2019au mois de juin dernier. La fr\u00e9quentation de la client\u00e8le avait diminu\u00e9 par rapport au m\u00eame mois de l\u2019ann\u00e9e pr\u00e9c\u00e9dente. Ils pr\u00e9voient toutefois une \u00e9volution \u00e0 peu pr\u00e8s stable de la situation au cours du semestre d\u2019automne 2013.<\/p>\n<p>Les affaires ne sont pas aussi florissantes qu\u2019avant chez les prestataires de services financiers et assurantiels. Malgr\u00e9 cette baisse, la situation actuelle est tout de m\u00eame jug\u00e9e plut\u00f4t bonne. Les assureurs, qui souhaitent augmenter leurs effectifs dans les mois \u00e0 venir, pr\u00e9voient une am\u00e9lioration de la situation, alors que les banquiers, qui r\u00e9duiront leurs effectifs, estiment que la situation restera stable pour eux.<\/p>\n","protected":false},"excerpt":{"rendered":"<p>Apr\u00e8s un printemps 2013 jug\u00e9 plut\u00f4t positif pour les affaires, les entreprises suisses \u00e9taient moins optimistes au mois de juillet, comme l\u2019a montr\u00e9 une \u00e9tude du KOF (Centre de recherches conjoncturelles de l\u2019EPF Zurich).<\/p>\n","protected":false},"author":1,"featured_media":0,"comment_status":"open","ping_status":"open","sticky":false,"template":"","format":"standard","meta":{"content-type":"","jetpack_post_was_ever_published":false,"_jetpack_newsletter_access":"","_jetpack_dont_email_post_to_subs":false,"_jetpack_newsletter_tier_id":0,"footnotes":"","jetpack_publicize_message":"","jetpack_publicize_feature_enabled":true,"jetpack_social_post_already_shared":false,"jetpack_social_options":{"image_generator_settings":{"template":"highway","enabled":false}}},"categories":[1],"tags":[],"jetpack_publicize_connections":[],"aioseo_notices":[],"views":1675,"jetpack_featured_media_url":"","jetpack_sharing_enabled":true,"jetpack_shortlink":"https:\/\/wp.me\/p7y0qY-HD","_links":{"self":[{"href":"https:\/\/blog.startups.ch\/fr\/wp-json\/wp\/v2\/posts\/2705"}],"collection":[{"href":"https:\/\/blog.startups.ch\/fr\/wp-json\/wp\/v2\/posts"}],"about":[{"href":"https:\/\/blog.startups.ch\/fr\/wp-json\/wp\/v2\/types\/post"}],"author":[{"embeddable":true,"href":"https:\/\/blog.startups.ch\/fr\/wp-json\/wp\/v2\/users\/1"}],"replies":[{"embeddable":true,"href":"https:\/\/blog.startups.ch\/fr\/wp-json\/wp\/v2\/comments?post=2705"}],"version-history":[{"count":4,"href":"https:\/\/blog.startups.ch\/fr\/wp-json\/wp\/v2\/posts\/2705\/revisions"}],"predecessor-version":[{"id":2709,"href":"https:\/\/blog.startups.ch\/fr\/wp-json\/wp\/v2\/posts\/2705\/revisions\/2709"}],"wp:attachment":[{"href":"https:\/\/blog.startups.ch\/fr\/wp-json\/wp\/v2\/media?parent=2705"}],"wp:term":[{"taxonomy":"category","embeddable":true,"href":"https:\/\/blog.startups.ch\/fr\/wp-json\/wp\/v2\/categories?post=2705"},{"taxonomy":"post_tag","embeddable":true,"href":"https:\/\/blog.startups.ch\/fr\/wp-json\/wp\/v2\/tags?post=2705"}],"curies":[{"name":"wp","href":"https:\/\/api.w.org\/{rel}","templated":true}]}}