{"id":2626,"date":"2013-10-03T11:00:46","date_gmt":"2013-10-03T09:00:46","guid":{"rendered":"http:\/\/blog.startups.ch\/fr\/?p=2626"},"modified":"2013-10-08T09:44:57","modified_gmt":"2013-10-08T07:44:57","slug":"inscriptions-au-registre-du-commerce-septembre-2013","status":"publish","type":"post","link":"https:\/\/blog.startups.ch\/fr\/2013\/10\/03\/inscriptions-au-registre-du-commerce-septembre-2013\/","title":{"rendered":"Inscriptions au registre du commerce, septembre 2013"},"content":{"rendered":"<h2><b>Apr\u00e8s la p\u00e9riode tr\u00e8s calme du mois d\u2019ao\u00fbt, il \u00e9tait difficile de pr\u00e9voir si les chiffres de septembre pourraient d\u00e9passer ceux de l\u2019ann\u00e9e derni\u00e8re et confirmer ainsi la tendance de hausse g\u00e9n\u00e9rale du nombre d\u2019inscriptions au registre du commerce observ\u00e9e en 2013. Apprenez-en plus dans notre article.<!--more--><\/b><\/h2>\n<p><b>\u00a0<a href=\"https:\/\/i0.wp.com\/blog.startups.ch\/fr\/wp-content\/uploads\/2013\/10\/Nombre-dinscriptions-au-RC-Suisse-2013_September.png\"><img loading=\"lazy\" decoding=\"async\" class=\"aligncenter size-full wp-image-2636\" alt=\"registre du commerce\" src=\"https:\/\/i0.wp.com\/blog.startups.ch\/fr\/wp-content\/uploads\/2013\/10\/Nombre-dinscriptions-au-RC-Suisse-2013_September.png?resize=641%2C380\" width=\"641\" height=\"380\" srcset=\"https:\/\/i0.wp.com\/blog.startups.ch\/fr\/wp-content\/uploads\/2013\/10\/Nombre-dinscriptions-au-RC-Suisse-2013_September.png?w=752&amp;ssl=1 752w, https:\/\/i0.wp.com\/blog.startups.ch\/fr\/wp-content\/uploads\/2013\/10\/Nombre-dinscriptions-au-RC-Suisse-2013_September.png?resize=300%2C177&amp;ssl=1 300w, https:\/\/i0.wp.com\/blog.startups.ch\/fr\/wp-content\/uploads\/2013\/10\/Nombre-dinscriptions-au-RC-Suisse-2013_September.png?resize=690%2C409&amp;ssl=1 690w\" sizes=\"(max-width: 641px) 100vw, 641px\" data-recalc-dims=\"1\" \/><\/a><\/b><\/p>\n<h4><b>Augmentation des inscriptions au registre du commerce pour le mois de septembre<\/b><\/h4>\n<p>Le mois de septembre de cette ann\u00e9e enregistre une nette augmentation du nombre d\u2019inscriptions au registre du commerce par rapport \u00e0 ao\u00fbt 2013 et \u00e0 septembre 2012. La rentr\u00e9e 2013 est la plus intensive depuis plus de 4 ans pour la cr\u00e9ation d\u2019entreprises, avec 3\u2019097 inscriptions, c\u2019est-\u00e0-dire 369 de plus que le m\u00eame mois de l\u2019ann\u00e9e pr\u00e9c\u00e9dente (+13.5%). Avec ses 21 jours ouvrables, septembre 2013 atteint une moyenne d\u2019environ 147 cr\u00e9ations d\u2019entreprises par jour, contre 136 l\u2019ann\u00e9e derni\u00e8re.<\/p>\n<h4><b>La Suisse romande en hyperactivit\u00e9<\/b><\/h4>\n<p>Si l\u2019on observe les donn\u00e9es par r\u00e9gion, pr\u00e8s de 14% d\u2019entreprises en plus ont \u00e9t\u00e9 cr\u00e9\u00e9es en Suisse al\u00e9manique par rapport \u00e0 septembre 2012. La Suisse romande suit avec +12.7% et le Tessin avec +12.6%. En comparant avec le mois tr\u00e8s paisible mois d\u2019ao\u00fbt dernier, les chiffres sont encore plus frappants. La Suisse romande subit une augmentation fulgurante de 31.5%.<\/p>\n<p>L\u2019analyse par canton nous livre un verdict tr\u00e8s clair\u00a0: chaque r\u00e9gion linguistique a ses gagnants et ses perdants. 16 cantons en tout font partie de la tendance de hausse et 10 enregistrent une baisse. La Thurgovie, Gen\u00e8ve les Grisons et Schwyz sont les meilleurs \u00e9l\u00e8ves en comparaison avec septembre 2012. Zurich, l\u2019Argovie et le Valais obtiennent la moyenne. Les recal\u00e9s sont Uri, Glaris, Obwald, Nidwald et le Jura.<\/p>\n<p><a href=\"https:\/\/i0.wp.com\/blog.startups.ch\/fr\/wp-content\/uploads\/2013\/10\/2013_September_Tabelle_FR.png\"><img loading=\"lazy\" decoding=\"async\" class=\"aligncenter size-full wp-image-2637\" alt=\"registre du commerce\" src=\"https:\/\/i0.wp.com\/blog.startups.ch\/fr\/wp-content\/uploads\/2013\/10\/2013_September_Tabelle_FR.png?resize=294%2C600\" width=\"294\" height=\"600\" srcset=\"https:\/\/i0.wp.com\/blog.startups.ch\/fr\/wp-content\/uploads\/2013\/10\/2013_September_Tabelle_FR.png?w=294&amp;ssl=1 294w, https:\/\/i0.wp.com\/blog.startups.ch\/fr\/wp-content\/uploads\/2013\/10\/2013_September_Tabelle_FR.png?resize=147%2C300&amp;ssl=1 147w\" sizes=\"(max-width: 294px) 100vw, 294px\" data-recalc-dims=\"1\" \/><\/a><\/p>\n<p>&nbsp;<\/p>\n","protected":false},"excerpt":{"rendered":"<p>Apr\u00e8s la p\u00e9riode tr\u00e8s calme du mois d\u2019ao\u00fbt, il \u00e9tait difficile de pr\u00e9voir si les chiffres de septembre pourraient d\u00e9passer ceux de l\u2019ann\u00e9e derni\u00e8re et confirmer ainsi la tendance de hausse g\u00e9n\u00e9rale du nombre d\u2019inscriptions au registre du commerce observ\u00e9e en 2013. Apprenez-en plus dans notre article.<\/p>\n","protected":false},"author":1,"featured_media":0,"comment_status":"open","ping_status":"open","sticky":false,"template":"","format":"standard","meta":{"content-type":"","jetpack_post_was_ever_published":false,"_jetpack_newsletter_access":"","_jetpack_dont_email_post_to_subs":false,"_jetpack_newsletter_tier_id":0,"footnotes":"","jetpack_publicize_message":"","jetpack_publicize_feature_enabled":true,"jetpack_social_post_already_shared":false,"jetpack_social_options":{"image_generator_settings":{"template":"highway","enabled":false}}},"categories":[228,1],"tags":[],"jetpack_publicize_connections":[],"aioseo_notices":[],"views":2074,"jetpack_featured_media_url":"","jetpack_sharing_enabled":true,"jetpack_shortlink":"https:\/\/wp.me\/p7y0qY-Gm","_links":{"self":[{"href":"https:\/\/blog.startups.ch\/fr\/wp-json\/wp\/v2\/posts\/2626"}],"collection":[{"href":"https:\/\/blog.startups.ch\/fr\/wp-json\/wp\/v2\/posts"}],"about":[{"href":"https:\/\/blog.startups.ch\/fr\/wp-json\/wp\/v2\/types\/post"}],"author":[{"embeddable":true,"href":"https:\/\/blog.startups.ch\/fr\/wp-json\/wp\/v2\/users\/1"}],"replies":[{"embeddable":true,"href":"https:\/\/blog.startups.ch\/fr\/wp-json\/wp\/v2\/comments?post=2626"}],"version-history":[{"count":8,"href":"https:\/\/blog.startups.ch\/fr\/wp-json\/wp\/v2\/posts\/2626\/revisions"}],"predecessor-version":[{"id":2635,"href":"https:\/\/blog.startups.ch\/fr\/wp-json\/wp\/v2\/posts\/2626\/revisions\/2635"}],"wp:attachment":[{"href":"https:\/\/blog.startups.ch\/fr\/wp-json\/wp\/v2\/media?parent=2626"}],"wp:term":[{"taxonomy":"category","embeddable":true,"href":"https:\/\/blog.startups.ch\/fr\/wp-json\/wp\/v2\/categories?post=2626"},{"taxonomy":"post_tag","embeddable":true,"href":"https:\/\/blog.startups.ch\/fr\/wp-json\/wp\/v2\/tags?post=2626"}],"curies":[{"name":"wp","href":"https:\/\/api.w.org\/{rel}","templated":true}]}}