{"id":1691,"date":"2013-05-23T10:59:54","date_gmt":"2013-05-23T08:59:54","guid":{"rendered":"http:\/\/blog.startups.ch\/fr\/?p=1691"},"modified":"2013-07-25T12:15:10","modified_gmt":"2013-07-25T10:15:10","slug":"nouvelles-inscriptions-au-registre-du-commerce-en-avril-2013-par-comparaison-a-celles-de-lannee-precedente","status":"publish","type":"post","link":"https:\/\/blog.startups.ch\/fr\/2013\/05\/23\/nouvelles-inscriptions-au-registre-du-commerce-en-avril-2013-par-comparaison-a-celles-de-lannee-precedente\/","title":{"rendered":"Nouvelles inscriptions au Registre du Commerce en avril 2013 par comparaison \u00e0 celles de l&#8217;ann\u00e9e pr\u00e9c\u00e9dente"},"content":{"rendered":"<p><strong>Les nouvelles inscriptions au Registre du Commerce d&#8217;avril 2013 sont-elles moins nombreuses que celles du mois correspondant de l&#8217;ann\u00e9e pr\u00e9c\u00e9dente, comme l&#8217;ont d\u00e9j\u00e0 \u00e9t\u00e9 celles des mois de f\u00e9vrier et de mars 2013? Ou peut-on observer en avril un changement de cap \u00e0 cet \u00e9gard? Le pr\u00e9sent article apporte une r\u00e9ponse \u00e0 ce sujet.<\/strong><\/p>\n<p><!--more--><\/p>\n<p><a href=\"https:\/\/i0.wp.com\/blog.startups.ch\/fr\/wp-content\/uploads\/2013\/05\/Inscriptions-Registre-du-Commerce-Avril-20132.png\"><img loading=\"lazy\" decoding=\"async\" class=\"aligncenter size-full wp-image-1699\" alt=\"Inscriptions Registre du Commerce Avril 2013\" src=\"https:\/\/i0.wp.com\/blog.startups.ch\/fr\/wp-content\/uploads\/2013\/05\/Inscriptions-Registre-du-Commerce-Avril-20132.png?resize=680%2C389\" width=\"680\" height=\"389\" srcset=\"https:\/\/i0.wp.com\/blog.startups.ch\/fr\/wp-content\/uploads\/2013\/05\/Inscriptions-Registre-du-Commerce-Avril-20132.png?w=680&amp;ssl=1 680w, https:\/\/i0.wp.com\/blog.startups.ch\/fr\/wp-content\/uploads\/2013\/05\/Inscriptions-Registre-du-Commerce-Avril-20132.png?resize=300%2C171&amp;ssl=1 300w\" sizes=\"(max-width: 680px) 100vw, 680px\" data-recalc-dims=\"1\" \/><\/a><\/p>\n<p>Pour la premi\u00e8re fois depuis janvier 2013, le nombre de nouvelles inscriptions au Registre du Commerce (RC) en Suisse est \u00e0 nouveau sup\u00e9rieur \u00e0 celui du m\u00eame mois de l\u2019ann\u00e9e pr\u00e9c\u00e9dente. 3\u2018360 nouvelles inscriptions au RC ont \u00e9t\u00e9 op\u00e9r\u00e9es en avril 2013. En chiffres absolus, on a cr\u00e9\u00e9 dans l&#8217;ensemble de la Suisse en avril 2013 239 entreprises de plus qu&#8217;en avril 2012 (3&#8217;121).Cela repr\u00e9sente une hausse relative de 7.7%.\u00a0 En prenant en consid\u00e9ration le nombre de jours ouvrables pour effectuer la comparaison, on peut par ailleurs dire qu\u2019on a cr\u00e9\u00e9 par jour ouvrable en avril 2013 \u00e0 peine un peu moins d&#8217;entreprises que pendant le mois d&#8217;avril de l&#8217;ann\u00e9e pr\u00e9c\u00e9dente.. Si le mois d&#8217;avril 2013 n&#8217;avait eu que 19 jours ouvrables comme le mois d&#8217;avril 2012, il r\u00e9sulterait donc d&#8217;une estimation lin\u00e9aire que le nombre de nouvelles inscriptions au RC de cette ann\u00e9e serait un peu moins important que celui de l&#8217;ann\u00e9e pass\u00e9e. Le nombre de jours ouvrables a par cons\u00e9quent un impact consid\u00e9rable sur les statistiques relatives \u00e0 la cr\u00e9ation d\u2019entreprise, ce qui ressort aussi des m\u00eames statistiques des mois pr\u00e9c\u00e9dents. Comme on n&#8217;a jamais pu enregistrer un aussi grand nombre d&#8217;inscriptions pendant les mois d&#8217;avril des derni\u00e8res ann\u00e9es que cette ann\u00e9e, le r\u00e9sultat du mois d\u2019avril 2013 doit toutefois certainement \u00eatre\u00a0 interpr\u00e9t\u00e9 de mani\u00e8re positive.<\/p>\n<p>La hausse observ\u00e9e pour l&#8217;ensemble de la\u00a0 Suisse peut \u00eatre imput\u00e9e aux d\u00e9veloppements positifs survenus dans les diff\u00e9rentes r\u00e9gions linguistiques et dans les divers cantons. En avril 2013, le nombre de nouvelles inscriptions au Registre du Commerce a augment\u00e9 dans les trois r\u00e9gions linguistiques par rapport \u00e0 celui du mois d\u2019avril de l\u2019ann\u00e9e pr\u00e9c\u00e9dente. Si la hausse relative para\u00eet plut\u00f4t mod\u00e9r\u00e9e en Suisse al\u00e9manique (+101 resp. +4.9%) et en Suisse romande (+45 resp. +5.3%), elle para\u00eet plus significative au Tessin +42.3% (+93 en chiffres absolus). Abstraction faite du Tessin, Gen\u00e8ve (+32 resp. +14.2%) et Zurich (+90 resp. +17.8%) enregistrent les plus fortes augmentations. Les d\u00e9veloppements n\u00e9gatifs survenus \u00e0 \u00a0Zoug (-37 resp. -20.2%), Lucerne (-29 resp. -18.1%), B\u00e2le-Ville (-15 resp. -17.4%) et Berne (-15 resp. -6.2%) ternissent le r\u00e9sultat positif de l&#8217;ensemble de la Suisse.<\/p>\n<p>* Nota bene: Chez les cantons ayant en comparaison un nombre de nouvelles inscriptions au Registre du Commerce relativement important, les changements en chiffres absolus, m\u00eame importants, n\u2019ont pas un impact tr\u00e8s significatif en pourcentage.<\/p>\n<p><a href=\"https:\/\/i0.wp.com\/blog.startups.ch\/fr\/wp-content\/uploads\/2013\/05\/Tableau-inscriptions-au-Registre-du-Commerce-avril-2013.png\"><img loading=\"lazy\" decoding=\"async\" class=\"aligncenter size-full wp-image-1693\" alt=\"Tableau inscriptions au Registre du Commerce avril 2013\" src=\"https:\/\/i0.wp.com\/blog.startups.ch\/fr\/wp-content\/uploads\/2013\/05\/Tableau-inscriptions-au-Registre-du-Commerce-avril-2013.png?resize=305%2C600\" width=\"305\" height=\"600\" srcset=\"https:\/\/i0.wp.com\/blog.startups.ch\/fr\/wp-content\/uploads\/2013\/05\/Tableau-inscriptions-au-Registre-du-Commerce-avril-2013.png?w=305&amp;ssl=1 305w, https:\/\/i0.wp.com\/blog.startups.ch\/fr\/wp-content\/uploads\/2013\/05\/Tableau-inscriptions-au-Registre-du-Commerce-avril-2013.png?resize=152%2C300&amp;ssl=1 152w\" sizes=\"(max-width: 305px) 100vw, 305px\" data-recalc-dims=\"1\" \/><\/a><\/p>\n","protected":false},"excerpt":{"rendered":"<p>Les nouvelles inscriptions au Registre du Commerce d&#8217;avril 2013 sont-elles moins nombreuses que celles du mois correspondant de l&#8217;ann\u00e9e pr\u00e9c\u00e9dente, comme l&#8217;ont d\u00e9j\u00e0 \u00e9t\u00e9 celles des mois de f\u00e9vrier et de mars 2013? Ou peut-on observer en avril un changement de cap \u00e0 cet \u00e9gard? Le pr\u00e9sent article apporte une r\u00e9ponse \u00e0 ce sujet.<\/p>\n","protected":false},"author":1,"featured_media":0,"comment_status":"closed","ping_status":"closed","sticky":false,"template":"","format":"standard","meta":{"content-type":"","jetpack_post_was_ever_published":false,"_jetpack_newsletter_access":"","_jetpack_dont_email_post_to_subs":false,"_jetpack_newsletter_tier_id":0,"footnotes":"","jetpack_publicize_message":"","jetpack_publicize_feature_enabled":true,"jetpack_social_post_already_shared":false,"jetpack_social_options":{"image_generator_settings":{"template":"highway","enabled":false}}},"categories":[1],"tags":[],"jetpack_publicize_connections":[],"aioseo_notices":[],"views":1857,"jetpack_featured_media_url":"","jetpack_sharing_enabled":true,"jetpack_shortlink":"https:\/\/wp.me\/p7y0qY-rh","_links":{"self":[{"href":"https:\/\/blog.startups.ch\/fr\/wp-json\/wp\/v2\/posts\/1691"}],"collection":[{"href":"https:\/\/blog.startups.ch\/fr\/wp-json\/wp\/v2\/posts"}],"about":[{"href":"https:\/\/blog.startups.ch\/fr\/wp-json\/wp\/v2\/types\/post"}],"author":[{"embeddable":true,"href":"https:\/\/blog.startups.ch\/fr\/wp-json\/wp\/v2\/users\/1"}],"replies":[{"embeddable":true,"href":"https:\/\/blog.startups.ch\/fr\/wp-json\/wp\/v2\/comments?post=1691"}],"version-history":[{"count":7,"href":"https:\/\/blog.startups.ch\/fr\/wp-json\/wp\/v2\/posts\/1691\/revisions"}],"predecessor-version":[{"id":1696,"href":"https:\/\/blog.startups.ch\/fr\/wp-json\/wp\/v2\/posts\/1691\/revisions\/1696"}],"wp:attachment":[{"href":"https:\/\/blog.startups.ch\/fr\/wp-json\/wp\/v2\/media?parent=1691"}],"wp:term":[{"taxonomy":"category","embeddable":true,"href":"https:\/\/blog.startups.ch\/fr\/wp-json\/wp\/v2\/categories?post=1691"},{"taxonomy":"post_tag","embeddable":true,"href":"https:\/\/blog.startups.ch\/fr\/wp-json\/wp\/v2\/tags?post=1691"}],"curies":[{"name":"wp","href":"https:\/\/api.w.org\/{rel}","templated":true}]}}