{"id":1644,"date":"2013-04-10T13:14:00","date_gmt":"2013-04-10T11:14:00","guid":{"rendered":"http:\/\/blog.startups.ch\/fr\/?p=1644"},"modified":"2013-04-11T10:37:46","modified_gmt":"2013-04-11T08:37:46","slug":"creations-dentreprises-en-mars-2013","status":"publish","type":"post","link":"https:\/\/blog.startups.ch\/fr\/2013\/04\/10\/creations-dentreprises-en-mars-2013\/","title":{"rendered":"Cr\u00e9ations d\u2019entreprises en mars 2013"},"content":{"rendered":"<h2>Le nombre de nouvelles inscriptions au Registre du Commerce (RC) en mars 2013 en Suisse surpasse-t-il celui du mois de mars 2012\u00a0? Quelles sont les \u00e9volutions observ\u00e9es au niveau des nouvelles cr\u00e9ations d\u2019entreprises dans les diff\u00e9rents cantons\u00a0? Cet article vous donnera des r\u00e9ponses \u00e0 ces questions.<\/h2>\n<p><!--more--><\/p>\n<p><a href=\"https:\/\/i0.wp.com\/blog.startups.ch\/fr\/wp-content\/uploads\/2013\/04\/Cr\u00e9ations-dentreprises-en-mars-2013.png\"><img loading=\"lazy\" decoding=\"async\" class=\"aligncenter size-large wp-image-1646\" alt=\"Cr\u00e9ations d'entreprises en mars 2013\" src=\"https:\/\/i0.wp.com\/blog.startups.ch\/fr\/wp-content\/uploads\/2013\/04\/Cr\u00e9ations-dentreprises-en-mars-2013-690x394.png?resize=690%2C394\" width=\"690\" height=\"394\" srcset=\"https:\/\/i0.wp.com\/blog.startups.ch\/fr\/wp-content\/uploads\/2013\/04\/Cr\u00e9ations-dentreprises-en-mars-2013.png?resize=690%2C394&amp;ssl=1 690w, https:\/\/i0.wp.com\/blog.startups.ch\/fr\/wp-content\/uploads\/2013\/04\/Cr\u00e9ations-dentreprises-en-mars-2013.png?resize=300%2C171&amp;ssl=1 300w, https:\/\/i0.wp.com\/blog.startups.ch\/fr\/wp-content\/uploads\/2013\/04\/Cr\u00e9ations-dentreprises-en-mars-2013.png?w=752&amp;ssl=1 752w\" sizes=\"(max-width: 690px) 100vw, 690px\" data-recalc-dims=\"1\" \/><\/a><\/p>\n<p>Comme nous l\u2019avions d\u00e9j\u00e0 soulev\u00e9 pr\u00e9c\u00e9demment, moins d\u2019entreprises ont \u00e9t\u00e9 inscrites au RC en f\u00e9vrier 2013 en comparaison avec le mois de f\u00e9vrier de l\u2019ann\u00e9e pr\u00e9c\u00e9dente. Cela est aussi le cas pour le mois de mars 2013\u00a0: le nombre de nouvelles cr\u00e9ations d\u2019entreprises se situe en dessous du chiffre du mois de mars de l\u2019ann\u00e9e pr\u00e9c\u00e9dente. Si 3\u2018413 entreprises ont \u00e9t\u00e9 cr\u00e9\u00e9es en mars 2012, ce sont 3\u2018374 qui ont \u00e9t\u00e9 cr\u00e9\u00e9es en mars de cette ann\u00e9e. Cela repr\u00e9sente une baisse en chiffres absolus de -39 nouvelles inscriptions au RC, soit une baisse relative de -1.1%. Il faut relever ici que (tout comme en f\u00e9vrier) le mois de mars cette ann\u00e9e comptait un jour ouvrable en moins compar\u00e9 \u00e0 l\u2019ann\u00e9e pass\u00e9e. Si l\u2019on fait une estimation du nombre de cr\u00e9ations d\u2019entreprises que l\u2019on aurait enregistr\u00e9es au mois de mars 2013 si celui-ci avait eu le m\u00eame nombre de jours ouvrables qu\u2019en mars 2012, et cela de mani\u00e8re lin\u00e9aire, on se rend compte que le mois de mars 2013 compterait en r\u00e9alit\u00e9 plus de nouvelles cr\u00e9ations d\u2019entreprises que celui de 2012. Les r\u00e9sultats concernant le mois de mars 2013 sont d\u00e8s lors \u00e0 consid\u00e9rer comme positifs et cela malgr\u00e9 le recul minime.<\/p>\n<p>Du point de vue cantonal et r\u00e9gional, les chiffres suivants sont d\u2019un int\u00e9r\u00eat particulier.\u00a0En comparaison avec le mois de mars de l\u2019ann\u00e9e pr\u00e9c\u00e9dente, seule la Suisse al\u00e9manique enregistre une petite hausse d\u2019inscriptions au RC (+15 resp. +60.7%). La Suisse romande (-32 resp. -3.2%), ainsi que le Tessin (-22 bzw. -8.3%) enregistrent tous deux des baisses. La baisse des cr\u00e9ations d\u2019entreprise au niveau Suisse est principalement due aux baisses enregistr\u00e9es dans les cantons du Valais (-39 resp. -22.7%), de Zurich (-27 resp. -4.7%), \u00e9tonnamment de Lucerne (-27 resp. -18.2%), de St. Gall (-23 resp. -10.9%) et du Tessin (-22 resp. -8.3%). Ce r\u00e9sultat est contrast\u00e9 gr\u00e2ce aux \u00e9volutions positives observ\u00e9es dans les cantons de Fribourg (seul canton \u00e0 enregistrer une hausse marquante en Suisse romande\u00a0: +16 resp. +13.5%), de Zug (+25 resp. +16.1%) et de Berne (+23 resp. +9.1%).<\/p>\n<p><a href=\"https:\/\/i0.wp.com\/blog.startups.ch\/fr\/wp-content\/uploads\/2013\/04\/Tableau-Cr\u00e9ations-dentreprises-mars-2013.png\"><img loading=\"lazy\" decoding=\"async\" class=\"aligncenter size-large wp-image-1647\" alt=\"Tableau Cr\u00e9ations d'entreprises mars 2013\" src=\"https:\/\/i0.wp.com\/blog.startups.ch\/fr\/wp-content\/uploads\/2013\/04\/Tableau-Cr\u00e9ations-dentreprises-mars-2013-364x690.png?resize=364%2C690\" width=\"364\" height=\"690\" srcset=\"https:\/\/i0.wp.com\/blog.startups.ch\/fr\/wp-content\/uploads\/2013\/04\/Tableau-Cr\u00e9ations-dentreprises-mars-2013.png?resize=364%2C690&amp;ssl=1 364w, https:\/\/i0.wp.com\/blog.startups.ch\/fr\/wp-content\/uploads\/2013\/04\/Tableau-Cr\u00e9ations-dentreprises-mars-2013.png?resize=158%2C300&amp;ssl=1 158w\" sizes=\"(max-width: 364px) 100vw, 364px\" data-recalc-dims=\"1\" \/><\/a><\/p>\n<p>* Les cantons comptant peu de nouvelles inscriptions au RC, m\u00eame les petits changements (baisses\/hausses) en chiffres absolus ont un fort impact sur le r\u00e9sultat relatif.<\/p>\n","protected":false},"excerpt":{"rendered":"<p>Le nombre de nouvelles inscriptions au Registre du Commerce (RC) en mars 2013 en Suisse surpasse-t-il celui du mois de mars 2012\u00a0? Quelles sont les \u00e9volutions observ\u00e9es au niveau des nouvelles cr\u00e9ations d\u2019entreprises dans les diff\u00e9rents cantons\u00a0? Cet article vous donnera des r\u00e9ponses \u00e0 ces questions.<\/p>\n","protected":false},"author":1,"featured_media":0,"comment_status":"closed","ping_status":"closed","sticky":false,"template":"","format":"standard","meta":{"content-type":"","jetpack_post_was_ever_published":false,"_jetpack_newsletter_access":"","_jetpack_dont_email_post_to_subs":false,"_jetpack_newsletter_tier_id":0,"footnotes":"","jetpack_publicize_message":"","jetpack_publicize_feature_enabled":true,"jetpack_social_post_already_shared":false,"jetpack_social_options":{"image_generator_settings":{"template":"highway","enabled":false}}},"categories":[1],"tags":[],"jetpack_publicize_connections":[],"aioseo_notices":[],"views":1589,"jetpack_featured_media_url":"","jetpack_sharing_enabled":true,"jetpack_shortlink":"https:\/\/wp.me\/p7y0qY-qw","_links":{"self":[{"href":"https:\/\/blog.startups.ch\/fr\/wp-json\/wp\/v2\/posts\/1644"}],"collection":[{"href":"https:\/\/blog.startups.ch\/fr\/wp-json\/wp\/v2\/posts"}],"about":[{"href":"https:\/\/blog.startups.ch\/fr\/wp-json\/wp\/v2\/types\/post"}],"author":[{"embeddable":true,"href":"https:\/\/blog.startups.ch\/fr\/wp-json\/wp\/v2\/users\/1"}],"replies":[{"embeddable":true,"href":"https:\/\/blog.startups.ch\/fr\/wp-json\/wp\/v2\/comments?post=1644"}],"version-history":[{"count":5,"href":"https:\/\/blog.startups.ch\/fr\/wp-json\/wp\/v2\/posts\/1644\/revisions"}],"predecessor-version":[{"id":1654,"href":"https:\/\/blog.startups.ch\/fr\/wp-json\/wp\/v2\/posts\/1644\/revisions\/1654"}],"wp:attachment":[{"href":"https:\/\/blog.startups.ch\/fr\/wp-json\/wp\/v2\/media?parent=1644"}],"wp:term":[{"taxonomy":"category","embeddable":true,"href":"https:\/\/blog.startups.ch\/fr\/wp-json\/wp\/v2\/categories?post=1644"},{"taxonomy":"post_tag","embeddable":true,"href":"https:\/\/blog.startups.ch\/fr\/wp-json\/wp\/v2\/tags?post=1644"}],"curies":[{"name":"wp","href":"https:\/\/api.w.org\/{rel}","templated":true}]}}