{"id":159,"date":"2009-12-29T10:31:07","date_gmt":"2009-12-29T08:31:07","guid":{"rendered":"http:\/\/blog.startups.ch\/fr\/?p=159"},"modified":"2009-12-17T10:33:17","modified_gmt":"2009-12-17T08:33:17","slug":"proteger-une-marque","status":"publish","type":"post","link":"https:\/\/blog.startups.ch\/fr\/2009\/12\/29\/proteger-une-marque\/","title":{"rendered":"Ou puis-je prot\u00e9ger une marque et comment fonctionne la proc\u00e9dure ? \u00c0 quoi doit-on particuli\u00e8rement faire attention ? Fondation d\u2019entreprise \u2013 S\u00e0rl \u2013 SA \u2013 Raison individuelle"},"content":{"rendered":"<p>Une marque peut \u00eatre prot\u00e9g\u00e9e \u00e0 l\u2019Institut F\u00e9d\u00e9ral de la Propri\u00e9t\u00e9 Intellectuelle \u00e0 Berne.<\/p>\n<p>Lors de la protection d\u2019une marque, nous conseillons fortement de se faire conseiller par un avocat sp\u00e9cialis\u00e9, \u00e9tant donn\u00e9 qu\u2019un soin particulier doit \u00eatre donn\u00e9 dans les classes \u00e0 prot\u00e9ger.<\/p>\n<p>N\u2019h\u00e9sitez pas \u00e0 contacter STARTUPS.CH pour que l\u2019on vous conseille un avocat sp\u00e9cialis\u00e9 dans le domaine de la protection des marques.<\/p>\n<p>Cr\u00e9er votre entreprise avec <a href=\"http:\/\/www.startups.ch\/fr\/\" target=\"_self\"><span style=\"text-decoration: underline;\">STARTUPS.CH<\/span><\/a> ! Avec STARTUPS.CH, vous serez conseill\u00e9 de mani\u00e8re professionnelle avant, pendant et apr\u00e8s la cr\u00e9ation de votre projet. Cliquez<a href=\"http:\/\/www.startups.ch\/fr\/kontakt\" target=\"_self\"> <span style=\"text-decoration: underline;\">ici<\/span><\/a> afin de vous inscrire \u00e0 une consultation ou simplement recevoir de la documentation gratuite.<\/p>\n<p>De plus sur <a href=\"http:\/\/www.startups.ch\/fr\/startupstv\/category\/info\" target=\"_self\"><span style=\"text-decoration: underline;\">STARTUPS-TV<\/span><\/a>, vous pouvez visionner diff\u00e9rents films tr\u00e8s int\u00e9ressants sur la cr\u00e9ation de diverses entreprises couronn\u00e9es de succ\u00e8s.<\/p>\n","protected":false},"excerpt":{"rendered":"<p>Une marque peut \u00eatre prot\u00e9g\u00e9e \u00e0 l\u2019Institut F\u00e9d\u00e9ral de la Propri\u00e9t\u00e9 Intellectuelle \u00e0 Berne. Lors de la protection d\u2019une marque, nous conseillons fortement de se faire conseiller par un avocat sp\u00e9cialis\u00e9, \u00e9tant donn\u00e9 qu\u2019un soin particulier doit \u00eatre donn\u00e9 dans les classes \u00e0 prot\u00e9ger. N\u2019h\u00e9sitez pas \u00e0 contacter STARTUPS.CH pour que l\u2019on vous conseille un [&hellip;]<\/p>\n","protected":false},"author":7,"featured_media":0,"comment_status":"closed","ping_status":"closed","sticky":false,"template":"","format":"standard","meta":{"content-type":"","jetpack_post_was_ever_published":false,"_jetpack_newsletter_access":"","_jetpack_dont_email_post_to_subs":false,"_jetpack_newsletter_tier_id":0,"footnotes":"","jetpack_publicize_message":"","jetpack_publicize_feature_enabled":true,"jetpack_social_post_already_shared":false,"jetpack_social_options":{"image_generator_settings":{"template":"highway","enabled":false}}},"categories":[10,9,3,4],"tags":[74,403,404],"jetpack_publicize_connections":[],"aioseo_notices":[],"views":2380,"jetpack_featured_media_url":"","jetpack_sharing_enabled":true,"jetpack_shortlink":"https:\/\/wp.me\/p7y0qY-2z","_links":{"self":[{"href":"https:\/\/blog.startups.ch\/fr\/wp-json\/wp\/v2\/posts\/159"}],"collection":[{"href":"https:\/\/blog.startups.ch\/fr\/wp-json\/wp\/v2\/posts"}],"about":[{"href":"https:\/\/blog.startups.ch\/fr\/wp-json\/wp\/v2\/types\/post"}],"author":[{"embeddable":true,"href":"https:\/\/blog.startups.ch\/fr\/wp-json\/wp\/v2\/users\/7"}],"replies":[{"embeddable":true,"href":"https:\/\/blog.startups.ch\/fr\/wp-json\/wp\/v2\/comments?post=159"}],"version-history":[{"count":1,"href":"https:\/\/blog.startups.ch\/fr\/wp-json\/wp\/v2\/posts\/159\/revisions"}],"predecessor-version":[{"id":160,"href":"https:\/\/blog.startups.ch\/fr\/wp-json\/wp\/v2\/posts\/159\/revisions\/160"}],"wp:attachment":[{"href":"https:\/\/blog.startups.ch\/fr\/wp-json\/wp\/v2\/media?parent=159"}],"wp:term":[{"taxonomy":"category","embeddable":true,"href":"https:\/\/blog.startups.ch\/fr\/wp-json\/wp\/v2\/categories?post=159"},{"taxonomy":"post_tag","embeddable":true,"href":"https:\/\/blog.startups.ch\/fr\/wp-json\/wp\/v2\/tags?post=159"}],"curies":[{"name":"wp","href":"https:\/\/api.w.org\/{rel}","templated":true}]}}