{"id":153,"date":"2009-12-19T10:20:11","date_gmt":"2009-12-19T08:20:11","guid":{"rendered":"http:\/\/blog.startups.ch\/fr\/?p=153"},"modified":"2020-01-17T11:19:36","modified_gmt":"2020-01-17T10:19:36","slug":"les-principales-sources-de-problemes-lors-de-la-fondation-les-erreurs-a-lenregistrement-au-registre-du-commerce","status":"publish","type":"post","link":"https:\/\/blog.startups.ch\/fr\/2009\/12\/19\/les-principales-sources-de-problemes-lors-de-la-fondation-les-erreurs-a-lenregistrement-au-registre-du-commerce\/","title":{"rendered":"Les principales sources de probl\u00e8mes lors de la fondation \/ les erreurs \u00e0 l\u2019enregistrement au registre du commerce"},"content":{"rendered":"<p>D\u2019apr\u00e8s notre exp\u00e9rience, deux groupes de probl\u00e8mes se d\u00e9tachent concernant l\u2019enregistrement au registre du commerce\u00a0:<\/p>\n<ol>\n<li><strong>La raison sociale<\/strong><\/li>\n<\/ol>\n<p>Le plus souvent, le registre du commerce consid\u00e8re que la relation entre le but de l\u2019entreprise et sa raison sociale n\u2019est pas suffisante (\u00e0 voir \u00e9galement notre <a href=\"http:\/\/blog.startups.ch\/fr\/2009\/08\/14\/est-il-possible-de-traduire-sa-raison-sociale-societe-individuelle-societe-en-nom-collectif-sarl-sa-en-langue-etrangere\/\" target=\"_self\" rel=\"noopener noreferrer\"><span style=\"text-decoration: underline;\">ancienne publication<\/span><\/a> \u00e0 ce sujet). Malgr\u00e9 les contr\u00f4les, il arrive, bien que rarement, que la raison sociale soit trop proche de celle d\u2019une autre entreprise existant d\u00e9j\u00e0.<\/p>\n<ol>\n<li><strong>Apports en nature <\/strong><\/li>\n<\/ol>\n<p>L\u2019estimation de la valeur des biens apport\u00e9s ou des biens repris est souvent difficile \u00e0 effectu\u00e9 et cr\u00e9e ainsi particuli\u00e8rement beaucoup de correspondance. Il manque r\u00e9guli\u00e8rement des donn\u00e9es assez pr\u00e9cises sur la datation, sur l\u2019inventaire ou sur les descriptions de l\u2019objet repris. C\u2019est pourquoi nous conseillons de prendre des conseils avis\u00e9s lors de la fondation.<\/p>\n<p>Gr\u00e2ce \u00e0 l\u2019exp\u00e9rience de STARTUPS.CH, notre tout d\u2019erreur est extr\u00eamement faible. Evidemment dans le contexte actuel, ou l\u2019environnement juridique change beaucoup, de petites erreurs sont toujours possible, mais se laissent g\u00e9rer avec le moins d\u2019effort possible.<\/p>\n<p>Effectuer votre transformation avec <a href=\"http:\/\/www.startups.ch\/fr\/\" target=\"_self\" rel=\"noopener noreferrer\"><span style=\"text-decoration: underline;\">STARTUPS.CH<\/span><\/a> ! Avec STARTUPS.CH<span style=\"text-decoration: underline;\">,<\/span> vous serez conseill\u00e9 de mani\u00e8re professionnelle avant, pendant et apr\u00e8s la cr\u00e9ation de votre projet. Cliquez <a href=\"http:\/\/www.startups.ch\/fr\/kontakt\" target=\"_self\" rel=\"noopener noreferrer\"><span style=\"text-decoration: underline;\">ici<\/span><\/a> afin de vous inscrire \u00e0 une consultation ou simplement recevoir de la documentation gratuite.<\/p>\n<p>De plus sur <a href=\"http:\/\/www.startups.ch\/fr\/startupstv\/category\/info\" target=\"_self\" rel=\"noopener noreferrer\"><span style=\"text-decoration: underline;\">STARTUPS-TV<\/span><\/a>, vous pouvez visionner diff\u00e9rents films tr\u00e8s int\u00e9ressants sur la cr\u00e9ation de diverses entreprises couronn\u00e9es de succ\u00e8s.<\/p>\n<p><a class=\"postButton\" href=\"https:\/\/www.startups.ch\/fr\/services\/creation-entreprise\" target=\"_blank\" rel=\"noopener noreferrer\">\u00bb Se lancer, cr\u00e9er son entreprise<\/a>\u00a0<a class=\"postButton\" href=\"https:\/\/www.startups.ch\/fr\/prix\" target=\"_blank\" rel=\"noopener noreferrer\">\u00bb Nos services<\/a><\/p>\n","protected":false},"excerpt":{"rendered":"<p>D\u2019apr\u00e8s notre exp\u00e9rience, deux groupes de probl\u00e8mes se d\u00e9tachent concernant l\u2019enregistrement au registre du commerce\u00a0: La raison sociale Le plus souvent, le registre du commerce consid\u00e8re que la relation entre le but de l\u2019entreprise et sa raison sociale n\u2019est pas suffisante (\u00e0 voir \u00e9galement notre ancienne publication \u00e0 ce sujet). Malgr\u00e9 les contr\u00f4les, il arrive, [&hellip;]<\/p>\n","protected":false},"author":7,"featured_media":0,"comment_status":"closed","ping_status":"closed","sticky":false,"template":"","format":"standard","meta":{"content-type":"","jetpack_post_was_ever_published":false,"_jetpack_newsletter_access":"","_jetpack_dont_email_post_to_subs":false,"_jetpack_newsletter_tier_id":0,"footnotes":"","jetpack_publicize_message":"","jetpack_publicize_feature_enabled":true,"jetpack_social_post_already_shared":false,"jetpack_social_options":{"image_generator_settings":{"template":"highway","enabled":false}}},"categories":[13,9],"tags":[63,70,71,72],"jetpack_publicize_connections":[],"aioseo_notices":[],"views":4706,"jetpack_featured_media_url":"","jetpack_sharing_enabled":true,"jetpack_shortlink":"https:\/\/wp.me\/p7y0qY-2t","_links":{"self":[{"href":"https:\/\/blog.startups.ch\/fr\/wp-json\/wp\/v2\/posts\/153"}],"collection":[{"href":"https:\/\/blog.startups.ch\/fr\/wp-json\/wp\/v2\/posts"}],"about":[{"href":"https:\/\/blog.startups.ch\/fr\/wp-json\/wp\/v2\/types\/post"}],"author":[{"embeddable":true,"href":"https:\/\/blog.startups.ch\/fr\/wp-json\/wp\/v2\/users\/7"}],"replies":[{"embeddable":true,"href":"https:\/\/blog.startups.ch\/fr\/wp-json\/wp\/v2\/comments?post=153"}],"version-history":[{"count":2,"href":"https:\/\/blog.startups.ch\/fr\/wp-json\/wp\/v2\/posts\/153\/revisions"}],"predecessor-version":[{"id":8514,"href":"https:\/\/blog.startups.ch\/fr\/wp-json\/wp\/v2\/posts\/153\/revisions\/8514"}],"wp:attachment":[{"href":"https:\/\/blog.startups.ch\/fr\/wp-json\/wp\/v2\/media?parent=153"}],"wp:term":[{"taxonomy":"category","embeddable":true,"href":"https:\/\/blog.startups.ch\/fr\/wp-json\/wp\/v2\/categories?post=153"},{"taxonomy":"post_tag","embeddable":true,"href":"https:\/\/blog.startups.ch\/fr\/wp-json\/wp\/v2\/tags?post=153"}],"curies":[{"name":"wp","href":"https:\/\/api.w.org\/{rel}","templated":true}]}}