{"id":151,"date":"2009-12-17T10:20:02","date_gmt":"2009-12-17T08:20:02","guid":{"rendered":"http:\/\/blog.startups.ch\/fr\/?p=151"},"modified":"2009-12-17T10:20:02","modified_gmt":"2009-12-17T08:20:02","slug":"moment-ideal-pour-une-transformation","status":"publish","type":"post","link":"https:\/\/blog.startups.ch\/fr\/2009\/12\/17\/moment-ideal-pour-une-transformation\/","title":{"rendered":"Le changement d\u2019ann\u00e9e est le moment id\u00e9al pour un changement de forme juridique(en particulier transformation d\u2019une raison individuelle en S\u00e0rl ou SA)"},"content":{"rendered":"<p>La fin de l\u2019ann\u00e9e approche et le temps de faire un bilan interm\u00e9diaire arrive. Vous vous rendrez \u00e9ventuellement compte que la forme juridique de votre raison indiviuelle n\u2019est plus adapt\u00e9e. Diff\u00e9rentes raison \u00e0 cela, comme une grande croissance en 2009, des pr\u00e9visions pour un bon dans le chiffre d\u2019affaire de 2010 ou encore l\u2019envie de conqu\u00e9rir de nouveau march\u00e9 \u00e0 l\u2019\u00e9tranger. Si vous souhaitez ainsi transformer votre raison individuelle, profitez du changement d\u2019ann\u00e9e pour le faire.<\/p>\n<p>Nous avons d\u00e9j\u00e0 publi\u00e9 sur les effets fiscaux et civils de la transformation d\u2019une soci\u00e9t\u00e9 individuelle (voir les publications sur le th\u00e8me <em>Transformation<\/em>). Nous voudrions d\u00e9sormais vous citer les <em>moments id\u00e9aux<\/em> pour une transformation.<\/p>\n<p>Il y a en soi trois possibilit\u00e9s\u00a0:<\/p>\n<ol>\n<li>Au <em>d\u00e9but de l\u2019ann\u00e9e 2010<\/em> (l\u2019\u00e9tat des actifs et passifs sera pris en l\u2019\u00e9tat du bilan de cl\u00f4ture      2009.<\/li>\n<li><em>Jusqu\u2019au plus tard fin juin      2010, avec effet r\u00e9troactif au 01.01.2010<\/em>. (Dans ce cas, aussi bien les actifs et      passifs de la raison individuelle au 31 d\u00e9cembre additionn\u00e9 des actifs de      l\u2019ann\u00e9e en cours (jusqu\u2019au mois de la transformation) seront repris. Le      chiffre d\u2019affaire d\u00e9j\u00e0 effectu\u00e9 pendant l\u2019ann\u00e9e en cours (janvier jusqu\u2019au      mois de la transformation), peut \u00eatre directement mis au bilan de la      nouvelle SA ou S\u00e0rl, \u00e9tant donn\u00e9 que celle-ci est fond\u00e9e de mani\u00e8re      r\u00e9troactive au 01.01.2010. La raison individuelle n\u2019a ainsi pas besoin      d\u2019\u00e9tablir un propre bilan pour l\u2019ann\u00e9e 2010, vu qu\u2019elle n\u2019a eu aucun      chiffre d\u2019affaire).<\/li>\n<li><em>En tout temps, cependant sans      effet r\u00e9troactif<\/em> au d\u00e9but de l\u2019ann\u00e9e. (Dans ce cas de figure \u00e9galement, les actifs au 31      d\u00e9cembre seront repris en y ajoutant ceux des mois \u00e9coul\u00e9s (jusqu\u2019au mois      de la transformation). \u00c9tant donn\u00e9 qu\u2019une r\u00fcckwirkende transformation      n\u2019est pas possible dans ce cas, le chiffre d\u2019affaire effectu\u00e9 depuis      janvier jusqu\u2019au mois de la transformation doit \u00eatre comptabilis\u00e9 dans la      raison individuelle. C\u2019est pourquoi la raison individuelle doit encore      \u00e9tablir un bilan interm\u00e9diaire (bilan interm\u00e9diaire). Le chiffre d\u2019affaire      ne sera uniquement comptabilis\u00e9 dans la SA ou S\u00e0rl que d\u00e8s la date de fondation      (par exemple fondation de la S\u00e0rl au 1<sup>er<\/sup> ao\u00fbt 2010, cl\u00f4ture des      comptes pour fin 2009 et cl\u00f4ture interm\u00e9diaire fin juillet 2010)).<\/li>\n<\/ol>\n<p><strong>Le moment optimal pour une transformation est la fin de l\u2019ann\u00e9e 2010<\/strong>. Les documents n\u00e9cessaires \u00e0 la transformation, tels que le bilan ou la liste de l\u2019inventaire, doivent de toute mani\u00e8re \u00eatre constitu\u00e9s pour la cl\u00f4ture 2009 et sont ainsi disponible. Ceci \u00e9pargne ainsi des co\u00fbts inutiles. Les co\u00fbts sur le bilan sont tr\u00e8s faibles, \u00e9tant donn\u00e9 que les \u00e9critures effectu\u00e9es pour la nouvelle SA\/S\u00e0rl sont tr\u00e8s r\u00e9duites. Un avantage fiscal est aussi \u00e0 noter pour les personnes qui ont une raison individuelle. Afin de simplifier la d\u00e9claration d\u2019imp\u00f4ts de celles-ci, il est avantageux de faire la transformation en fin d\u2019ann\u00e9e.<\/p>\n<p>Effectuer votre transformation avec<a href=\"http:\/\/www.startups.ch\/fr\/\" target=\"_self\"> <span style=\"text-decoration: underline;\">STARTUPS.CH<\/span><\/a> ! Avec STARTUPS.CH, vous serez conseill\u00e9 de mani\u00e8re professionnelle avant, pendant et apr\u00e8s la cr\u00e9ation de votre projet. Cliquez <a href=\"http:\/\/www.startups.ch\/fr\/kontakt\" target=\"_self\"><span style=\"text-decoration: underline;\">ici<\/span><\/a> afin de vous inscrire \u00e0 une consultation ou simplement recevoir de la documentation gratuite.<\/p>\n<p>De plus sur <a href=\"http:\/\/www.startups.ch\/fr\/startupstv\/category\/info\" target=\"_self\"><span style=\"text-decoration: underline;\">STARTUPS-TV<\/span><\/a>, vous pouvez visionner diff\u00e9rents films tr\u00e8s int\u00e9ressants sur la cr\u00e9ation de diverses entreprises couronn\u00e9es de succ\u00e8s.<\/p>\n","protected":false},"excerpt":{"rendered":"<p>La fin de l\u2019ann\u00e9e approche et le temps de faire un bilan interm\u00e9diaire arrive. Vous vous rendrez \u00e9ventuellement compte que la forme juridique de votre raison indiviuelle n\u2019est plus adapt\u00e9e. Diff\u00e9rentes raison \u00e0 cela, comme une grande croissance en 2009, des pr\u00e9visions pour un bon dans le chiffre d\u2019affaire de 2010 ou encore l\u2019envie de [&hellip;]<\/p>\n","protected":false},"author":7,"featured_media":0,"comment_status":"closed","ping_status":"closed","sticky":false,"template":"","format":"standard","meta":{"content-type":"","jetpack_post_was_ever_published":false,"_jetpack_newsletter_access":"","_jetpack_dont_email_post_to_subs":false,"_jetpack_newsletter_tier_id":0,"footnotes":"","jetpack_publicize_message":"","jetpack_publicize_feature_enabled":true,"jetpack_social_post_already_shared":false,"jetpack_social_options":{"image_generator_settings":{"template":"highway","enabled":false}}},"categories":[13,9,5,3,4,14],"tags":[405,403,404,27],"jetpack_publicize_connections":[],"aioseo_notices":[],"views":4115,"jetpack_featured_media_url":"","jetpack_sharing_enabled":true,"jetpack_shortlink":"https:\/\/wp.me\/p7y0qY-2r","_links":{"self":[{"href":"https:\/\/blog.startups.ch\/fr\/wp-json\/wp\/v2\/posts\/151"}],"collection":[{"href":"https:\/\/blog.startups.ch\/fr\/wp-json\/wp\/v2\/posts"}],"about":[{"href":"https:\/\/blog.startups.ch\/fr\/wp-json\/wp\/v2\/types\/post"}],"author":[{"embeddable":true,"href":"https:\/\/blog.startups.ch\/fr\/wp-json\/wp\/v2\/users\/7"}],"replies":[{"embeddable":true,"href":"https:\/\/blog.startups.ch\/fr\/wp-json\/wp\/v2\/comments?post=151"}],"version-history":[{"count":1,"href":"https:\/\/blog.startups.ch\/fr\/wp-json\/wp\/v2\/posts\/151\/revisions"}],"predecessor-version":[{"id":152,"href":"https:\/\/blog.startups.ch\/fr\/wp-json\/wp\/v2\/posts\/151\/revisions\/152"}],"wp:attachment":[{"href":"https:\/\/blog.startups.ch\/fr\/wp-json\/wp\/v2\/media?parent=151"}],"wp:term":[{"taxonomy":"category","embeddable":true,"href":"https:\/\/blog.startups.ch\/fr\/wp-json\/wp\/v2\/categories?post=151"},{"taxonomy":"post_tag","embeddable":true,"href":"https:\/\/blog.startups.ch\/fr\/wp-json\/wp\/v2\/tags?post=151"}],"curies":[{"name":"wp","href":"https:\/\/api.w.org\/{rel}","templated":true}]}}