{"id":15,"date":"2008-09-24T08:40:54","date_gmt":"2008-09-24T06:40:54","guid":{"rendered":"http:\/\/blog.startups.ch\/fr\/?p=15"},"modified":"2022-04-28T17:15:49","modified_gmt":"2022-04-28T15:15:49","slug":"raison-sociale-raison-individuelle","status":"publish","type":"post","link":"https:\/\/blog.startups.ch\/fr\/2008\/09\/24\/raison-sociale-raison-individuelle\/","title":{"rendered":"Comment choisir le nom (raison sociale) de sa raison individuelle?"},"content":{"rendered":"\n<h4 class=\"has-small-font-size wp-block-heading\"><strong>Actualis\u00e9 le 28 avril 2022<\/strong><\/h4>\n\n\n\n<!--more-->\n\n\n\n<div class=\"wp-block-image\"><figure class=\"alignleft\"><a href=\"http:\/\/blog.startups.ch\/fr\/2008\/09\/24\/comment-choisir-le-nom-de-la-raison-individuelle\/concentration-2\/\" rel=\"attachment wp-att-1056\"><img loading=\"lazy\" decoding=\"async\" width=\"300\" height=\"150\" src=\"https:\/\/i0.wp.com\/blog.startups.ch\/fr\/wp-content\/uploads\/2008\/09\/Fotolia_43009286_S1-300x150.jpg?resize=300%2C150\" alt=\"raison sociale\" class=\"wp-image-1056\" title=\"raison sociale\" srcset=\"https:\/\/i0.wp.com\/blog.startups.ch\/fr\/wp-content\/uploads\/2008\/09\/Fotolia_43009286_S1.jpg?resize=300%2C150&amp;ssl=1 300w, https:\/\/i0.wp.com\/blog.startups.ch\/fr\/wp-content\/uploads\/2008\/09\/Fotolia_43009286_S1.jpg?w=690&amp;ssl=1 690w\" sizes=\"(max-width: 300px) 100vw, 300px\" data-recalc-dims=\"1\" \/><\/a><\/figure><\/div>\n\n\n\n<p class=\"has-text-align-justify\">Le choix du nom (raison sociale) de l&#8217;entreprise est une question qui pr\u00e9occupe beaucoup d&#8217;entrepreneurs \u00e0 leurs d\u00e9buts. En effet, c&#8217;est gr\u00e2ce au nom qu&#8217;une entreprise pourra gagner en notori\u00e9t\u00e9 et se d\u00e9marquer de ses concurrents. \u00a0<\/p>\n\n\n\n<p class=\"has-text-align-justify\">Pour les raisons individuelles (RI), le registre du commerce exige imp\u00e9rativement le <strong>nom de famille<\/strong> <strong>du propri\u00e9taire<\/strong> comme \u00e9l\u00e9ment principal de la raison de commerce. Il doit s&#8217;agir \u00e0 cet \u00e9gard du nom officiel actuel complet, avec ou sans le pr\u00e9nom.<\/p>\n\n\n\n<p class=\"has-text-align-justify\">Les d\u00e9nominations fantaisistes ou techniques sont aussi admises comme \u00e9l\u00e9ments de la raison sociale. Ces derni\u00e8res sont m\u00eame recommand\u00e9es lorsqu&#8217;elles permettent de se faire une id\u00e9e rapide et concr\u00e8te de l&#8217;entreprise (par exemple &#8220;Sabine Dupont Design&#8221; ou &#8220;Dupont Coiffure&#8221;).<\/p>\n\n\n\n<p class=\"has-text-align-justify\">L&#8217;ajout d&#8217;un descriptif g\u00e9ographique dans la raison sociale (lieu, indication r\u00e9gionale, etc. ) est \u00e9galement possible. C&#8217;est notamment le cas lorsque vous souhaitez d\u00e9montrer un fort lien r\u00e9gional. Toutefois, cet ajout peut comporter des risques. En effet, si le si\u00e8ge de votre activit\u00e9 venait \u00e0 changer, vous seriez alors contraint de changer de raison sociale.<\/p>\n\n\n\n<p class=\"has-text-align-justify\">Il faut cependant garder en t\u00eate que la raison sociale de votre RI peut se distinguer de votre nom commercial\/marque. Alors que la raison de commerce devra figurer de mani\u00e8re compl\u00e8te et inchang\u00e9e dans les communications officielles, \u00e0 savoir la correspondance, bulletins de commande et les factures de la soci\u00e9t\u00e9, il sera possible pour vous d&#8217;utiliser un nom commercial \u00e0 c\u00f4t\u00e9 de ce nom. <\/p>\n\n\n\n<p class=\"has-text-align-justify\">Si vous avez un doute sur le choix du nom de votre raison individuelle, l&#8217;\u00e9quipe de Startups.ch se fera le plaisir de vous accompagner dans ce processus. <\/p>\n\n\n\n<p><a class=\"postButton\" href=\"https:\/\/www.startups.ch\/fr\/services\/creation-entreprise\" target=\"_blank\" rel=\"noopener noreferrer\">\u00bb Se lancer, cr\u00e9er son entreprise<\/a>&nbsp;<a class=\"postButton\" href=\"https:\/\/www.startups.ch\/fr\/prix\" target=\"_blank\" rel=\"noopener noreferrer\">\u00bb Nos services<\/a><\/p>\n","protected":false},"excerpt":{"rendered":"<p>Actualis\u00e9 le 28 avril 2022<\/p>\n","protected":false},"author":1,"featured_media":0,"comment_status":"open","ping_status":"open","sticky":false,"template":"","format":"standard","meta":{"content-type":"","jetpack_post_was_ever_published":false,"_jetpack_newsletter_access":"","_jetpack_dont_email_post_to_subs":false,"_jetpack_newsletter_tier_id":0,"footnotes":"","jetpack_publicize_message":"","jetpack_publicize_feature_enabled":true,"jetpack_social_post_already_shared":false,"jetpack_social_options":{"image_generator_settings":{"template":"highway","enabled":false}}},"categories":[6,5],"tags":[],"jetpack_publicize_connections":[],"aioseo_notices":[],"views":36102,"jetpack_featured_media_url":"","jetpack_sharing_enabled":true,"jetpack_shortlink":"https:\/\/wp.me\/p7y0qY-f","_links":{"self":[{"href":"https:\/\/blog.startups.ch\/fr\/wp-json\/wp\/v2\/posts\/15"}],"collection":[{"href":"https:\/\/blog.startups.ch\/fr\/wp-json\/wp\/v2\/posts"}],"about":[{"href":"https:\/\/blog.startups.ch\/fr\/wp-json\/wp\/v2\/types\/post"}],"author":[{"embeddable":true,"href":"https:\/\/blog.startups.ch\/fr\/wp-json\/wp\/v2\/users\/1"}],"replies":[{"embeddable":true,"href":"https:\/\/blog.startups.ch\/fr\/wp-json\/wp\/v2\/comments?post=15"}],"version-history":[{"count":22,"href":"https:\/\/blog.startups.ch\/fr\/wp-json\/wp\/v2\/posts\/15\/revisions"}],"predecessor-version":[{"id":10591,"href":"https:\/\/blog.startups.ch\/fr\/wp-json\/wp\/v2\/posts\/15\/revisions\/10591"}],"wp:attachment":[{"href":"https:\/\/blog.startups.ch\/fr\/wp-json\/wp\/v2\/media?parent=15"}],"wp:term":[{"taxonomy":"category","embeddable":true,"href":"https:\/\/blog.startups.ch\/fr\/wp-json\/wp\/v2\/categories?post=15"},{"taxonomy":"post_tag","embeddable":true,"href":"https:\/\/blog.startups.ch\/fr\/wp-json\/wp\/v2\/tags?post=15"}],"curies":[{"name":"wp","href":"https:\/\/api.w.org\/{rel}","templated":true}]}}