{"id":1472,"date":"2013-03-09T14:47:19","date_gmt":"2013-03-09T12:47:19","guid":{"rendered":"http:\/\/blog.startups.ch\/fr\/?p=1472"},"modified":"2013-05-16T10:41:46","modified_gmt":"2013-05-16T08:41:46","slug":"creations-dentreprises-en-fevrier-2013","status":"publish","type":"post","link":"https:\/\/blog.startups.ch\/fr\/2013\/03\/09\/creations-dentreprises-en-fevrier-2013\/","title":{"rendered":"Cr\u00e9ations d\u2019entreprises en f\u00e9vrier 2013"},"content":{"rendered":"<h2>Le mois de f\u00e9vrier 2013 a-t-il \u00e9t\u00e9 un mois record au niveau des cr\u00e9ations d\u2019entreprises comparable au mois de f\u00e9vrier 2012? Les bonnes nouvelles concernant le mois de janvier 2013, annonciateur d\u2019une grande ann\u00e9e pour la cr\u00e9ation d\u2019entreprises en Suisse, sont-elles confirm\u00e9es en f\u00e9vrier\u00a0? Cet article r\u00e9pond \u00e0 ces questions.<\/h2>\n<p><!--more--><\/p>\n<p><a href=\"https:\/\/i0.wp.com\/blog.startups.ch\/fr\/wp-content\/uploads\/2013\/03\/Cr\u00e9ations-dentreprises-en-f\u00e9vrier-2013.png\"><img loading=\"lazy\" decoding=\"async\" class=\"aligncenter size-full wp-image-1473\" alt=\"Cr\u00e9ations d'entreprises en f\u00e9vrier 2013\" src=\"https:\/\/i0.wp.com\/blog.startups.ch\/fr\/wp-content\/uploads\/2013\/03\/Cr\u00e9ations-dentreprises-en-f\u00e9vrier-2013.png?resize=692%2C396\" width=\"692\" height=\"396\" srcset=\"https:\/\/i0.wp.com\/blog.startups.ch\/fr\/wp-content\/uploads\/2013\/03\/Cr\u00e9ations-dentreprises-en-f\u00e9vrier-2013.png?w=692&amp;ssl=1 692w, https:\/\/i0.wp.com\/blog.startups.ch\/fr\/wp-content\/uploads\/2013\/03\/Cr\u00e9ations-dentreprises-en-f\u00e9vrier-2013.png?resize=300%2C171&amp;ssl=1 300w, https:\/\/i0.wp.com\/blog.startups.ch\/fr\/wp-content\/uploads\/2013\/03\/Cr\u00e9ations-dentreprises-en-f\u00e9vrier-2013.png?resize=690%2C394&amp;ssl=1 690w\" sizes=\"(max-width: 692px) 100vw, 692px\" data-recalc-dims=\"1\" \/><\/a><\/p>\n<p>Apr\u00e8s le mois de f\u00e9vier record de 2012, les observateurs \u00e9taient d\u2019avis que les activit\u00e9s de cr\u00e9ations d\u2019entreprises ne seraient pas aussi fortes cette ann\u00e9e en comparaison avec l\u2019ann\u00e9e pass\u00e9e. En effet, ce sont 3&#8217;336 nouvelles entreprises qui ont \u00e9t\u00e9 enregistr\u00e9es au Registre du Commerce (RC) au niveau suisse ce mois-ci, soit 87 inscriptions de mois qu\u2019en f\u00e9vrier 2012 (3&#8217;423). Cela repr\u00e9sente une baisse relative d\u2019environ 2.5%. Il faut noter cependant que le mois de f\u00e9vrier 2013 comptait un jour ouvrable de moins que le mois de f\u00e9vrier 2012. Si l\u2019on fait une estimation du nombre de cr\u00e9ations d\u2019entreprises que l\u2019on aurait enregistr\u00e9es au mois de f\u00e9vrier 2013 si celui-ci avait eu le m\u00eame nombre de jours ouvrables qu\u2019en f\u00e9vrier 2012, et cela de mani\u00e8re lin\u00e9aire, on se rend compte que le mois de f\u00e9vrier 2013 compterait en r\u00e9alit\u00e9 plus de nouvelles cr\u00e9ations d\u2019entreprises que celui de 2012. Les d\u00e9veloppements en f\u00e9vrier 2013 sont d\u00e8s lors \u00e0 qualifier de positifs.<\/p>\n<p>Si l\u2019on se concentre sur les d\u00e9veloppements cantonaux et r\u00e9gionaux, les chiffres suivants sont d\u2019un int\u00e9r\u00eat particulier. \u00a0En comparaison avec le mois de f\u00e9vrier de l\u2019ann\u00e9e pr\u00e9c\u00e9dente, seule la r\u00e9gion linguistique du Tessin enregistre une hausse d\u2019inscriptions au RC (+16 resp. +6.3%). La Suisse al\u00e9manique (-64 resp. -2.9%), ainsi que la Suisse romande (-39 bzw. -4.1%) enregistrent tous deux des baisses. Ces baisses sont principalement dues aux baisses enregistr\u00e9es dans les cantons de Berne (-27 resp. -9.9%), Nidwald* (-22 resp. -75.9%), Soleure* (-20 resp. -23.8%) et Gen\u00e8ve (-19 resp. -6.7%). Gen\u00e8ve est par ailleurs le canton enregistrant la plus grande diff\u00e9rence par rapport au mois de f\u00e9vrier 2012 en Suisse romande, ce qui contraste \u00e9norm\u00e9ment avec le canton de Zurich qui enregistre quant \u00e0 lui une hausse \u00e0 qualifier de plut\u00f4t impressionnante (+101 resp. +18.0%).<\/p>\n<p>* Ces cantons ne comptent pas beaucoup de nouvelles inscriptions au RC, c\u2019est pourquoi une faible baisse en chiffres absolus a un fort impact sur le r\u00e9sultat relatif.<\/p>\n<p>&nbsp;<\/p>\n<p><a href=\"http:\/\/blog.startups.ch\/fr\/wp-content\/uploads\/2013\/03\/Tableau-cr\u00e9ation-dentreprises-Fev-2013.bmp\"><\/p>\n<p style=\"text-align: center;\"><img loading=\"lazy\" decoding=\"async\" class=\"aligncenter size-full wp-image-1474\" alt=\"Tableau cr\u00e9ations d'entreprises Fev 2013\" src=\"http:\/\/blog.startups.ch\/fr\/wp-content\/uploads\/2013\/03\/Tableau-cr\u00e9ation-dentreprises-Fev-2013.bmp\" width=\"584\" height=\"751\" \/><\/p>\n<p><\/a><\/p>\n<p>&nbsp;<\/p>\n","protected":false},"excerpt":{"rendered":"<p>Le mois de f\u00e9vrier 2013 a-t-il \u00e9t\u00e9 un mois record au niveau des cr\u00e9ations d\u2019entreprises comparable au mois de f\u00e9vrier 2012? Les bonnes nouvelles concernant le mois de janvier 2013, annonciateur d\u2019une grande ann\u00e9e pour la cr\u00e9ation d\u2019entreprises en Suisse, sont-elles confirm\u00e9es en f\u00e9vrier\u00a0? Cet article r\u00e9pond \u00e0 ces questions.<\/p>\n","protected":false},"author":1,"featured_media":0,"comment_status":"closed","ping_status":"closed","sticky":false,"template":"","format":"standard","meta":{"content-type":"","jetpack_post_was_ever_published":false,"_jetpack_newsletter_access":"","_jetpack_dont_email_post_to_subs":false,"_jetpack_newsletter_tier_id":0,"footnotes":"","jetpack_publicize_message":"","jetpack_publicize_feature_enabled":true,"jetpack_social_post_already_shared":false,"jetpack_social_options":{"image_generator_settings":{"template":"highway","enabled":false}}},"categories":[1],"tags":[],"jetpack_publicize_connections":[],"aioseo_notices":[],"views":1457,"jetpack_featured_media_url":"","jetpack_sharing_enabled":true,"jetpack_shortlink":"https:\/\/wp.me\/p7y0qY-nK","_links":{"self":[{"href":"https:\/\/blog.startups.ch\/fr\/wp-json\/wp\/v2\/posts\/1472"}],"collection":[{"href":"https:\/\/blog.startups.ch\/fr\/wp-json\/wp\/v2\/posts"}],"about":[{"href":"https:\/\/blog.startups.ch\/fr\/wp-json\/wp\/v2\/types\/post"}],"author":[{"embeddable":true,"href":"https:\/\/blog.startups.ch\/fr\/wp-json\/wp\/v2\/users\/1"}],"replies":[{"embeddable":true,"href":"https:\/\/blog.startups.ch\/fr\/wp-json\/wp\/v2\/comments?post=1472"}],"version-history":[{"count":10,"href":"https:\/\/blog.startups.ch\/fr\/wp-json\/wp\/v2\/posts\/1472\/revisions"}],"predecessor-version":[{"id":1478,"href":"https:\/\/blog.startups.ch\/fr\/wp-json\/wp\/v2\/posts\/1472\/revisions\/1478"}],"wp:attachment":[{"href":"https:\/\/blog.startups.ch\/fr\/wp-json\/wp\/v2\/media?parent=1472"}],"wp:term":[{"taxonomy":"category","embeddable":true,"href":"https:\/\/blog.startups.ch\/fr\/wp-json\/wp\/v2\/categories?post=1472"},{"taxonomy":"post_tag","embeddable":true,"href":"https:\/\/blog.startups.ch\/fr\/wp-json\/wp\/v2\/tags?post=1472"}],"curies":[{"name":"wp","href":"https:\/\/api.w.org\/{rel}","templated":true}]}}