{"id":14,"date":"2008-09-24T08:40:19","date_gmt":"2008-09-24T06:40:19","guid":{"rendered":"http:\/\/blog.startups.ch\/fr\/?p=14"},"modified":"2020-01-17T10:26:57","modified_gmt":"2020-01-17T09:26:57","slug":"comment-creer-une-raison-individuelle","status":"publish","type":"post","link":"https:\/\/blog.startups.ch\/fr\/2008\/09\/24\/comment-creer-une-raison-individuelle\/","title":{"rendered":"Comment cr\u00e9er une raison individuelle?"},"content":{"rendered":"<h3><strong>Vous \u00eates un entrepreneur dans l&#8217;\u00e2me et vous vous posez des questions sur les formes juridiques existantes pour votre future entreprise? Cet article vous en apprendra plus sur la cr\u00e9ation d&#8217;une raison individuelle.<\/strong><\/h3>\n<p><!--more--><\/p>\n<p><a href=\"http:\/\/blog.startups.ch\/fr\/2008\/09\/24\/comment-creer-une-raison-individuelle\/award-gross\/\" rel=\"attachment wp-att-1072\"><img loading=\"lazy\" decoding=\"async\" class=\"alignleft wp-image-1072 size-medium\" title=\"raison individuelle\" src=\"https:\/\/i0.wp.com\/blog.startups.ch\/fr\/wp-content\/uploads\/2008\/09\/AWARD-gross-300x151.jpg?resize=300%2C151\" alt=\"raison individuelle\" width=\"300\" height=\"151\" srcset=\"https:\/\/i0.wp.com\/blog.startups.ch\/fr\/wp-content\/uploads\/2008\/09\/AWARD-gross.jpg?resize=300%2C151&amp;ssl=1 300w, https:\/\/i0.wp.com\/blog.startups.ch\/fr\/wp-content\/uploads\/2008\/09\/AWARD-gross.jpg?w=690&amp;ssl=1 690w\" sizes=\"(max-width: 300px) 100vw, 300px\" data-recalc-dims=\"1\" \/><\/a>Pour la cr\u00e9ation d&#8217;une raison individuelle, une personne suffit.<\/p>\n<p>Il ne faut pas d&#8217;acte de cr\u00e9ation sp\u00e9cial, de contrat et de forme authentique. La raison individuelle existe \u00e0 partir du moment o\u00f9 le propri\u00e9taire d\u00e9bute son activit\u00e9 commerciale. En pratique, cela aura lieu \u00e0 un moment d\u00e9termin\u00e9 et planifi\u00e9.<\/p>\n<p>Pour en savoir plus \u00e0 propos de la raison individuelle et des autres formes juridiques en Suisse, faites donc un tour par <a href=\"https:\/\/www.startups.ch\/fr\/informations\/formes-juridiques\">ici<\/a>.<\/p>\n<p><a class=\"postButton\" href=\"https:\/\/www.startups.ch\/fr\/services\/creation-entreprise\" target=\"_blank\" rel=\"noopener noreferrer\">\u00bb Se lancer, cr\u00e9er son entreprise<\/a>\u00a0<a class=\"postButton\" href=\"https:\/\/www.startups.ch\/fr\/prix\" target=\"_blank\" rel=\"noopener noreferrer\">\u00bb Nos services<\/a><\/p>\n","protected":false},"excerpt":{"rendered":"<p>Vous \u00eates un entrepreneur dans l&#8217;\u00e2me et vous vous posez des questions sur les formes juridiques existantes pour votre future entreprise? Cet article vous en apprendra plus sur la cr\u00e9ation d&#8217;une raison individuelle.<\/p>\n","protected":false},"author":7,"featured_media":0,"comment_status":"open","ping_status":"open","sticky":false,"template":"","format":"standard","meta":{"content-type":"","jetpack_post_was_ever_published":false,"_jetpack_newsletter_access":"","_jetpack_dont_email_post_to_subs":false,"_jetpack_newsletter_tier_id":0,"footnotes":"","jetpack_publicize_message":"","jetpack_publicize_feature_enabled":true,"jetpack_social_post_already_shared":false,"jetpack_social_options":{"image_generator_settings":{"template":"highway","enabled":false}}},"categories":[6,1,5],"tags":[],"jetpack_publicize_connections":[],"aioseo_notices":[],"views":14186,"jetpack_featured_media_url":"","jetpack_sharing_enabled":true,"jetpack_shortlink":"https:\/\/wp.me\/p7y0qY-e","_links":{"self":[{"href":"https:\/\/blog.startups.ch\/fr\/wp-json\/wp\/v2\/posts\/14"}],"collection":[{"href":"https:\/\/blog.startups.ch\/fr\/wp-json\/wp\/v2\/posts"}],"about":[{"href":"https:\/\/blog.startups.ch\/fr\/wp-json\/wp\/v2\/types\/post"}],"author":[{"embeddable":true,"href":"https:\/\/blog.startups.ch\/fr\/wp-json\/wp\/v2\/users\/7"}],"replies":[{"embeddable":true,"href":"https:\/\/blog.startups.ch\/fr\/wp-json\/wp\/v2\/comments?post=14"}],"version-history":[{"count":13,"href":"https:\/\/blog.startups.ch\/fr\/wp-json\/wp\/v2\/posts\/14\/revisions"}],"predecessor-version":[{"id":8441,"href":"https:\/\/blog.startups.ch\/fr\/wp-json\/wp\/v2\/posts\/14\/revisions\/8441"}],"wp:attachment":[{"href":"https:\/\/blog.startups.ch\/fr\/wp-json\/wp\/v2\/media?parent=14"}],"wp:term":[{"taxonomy":"category","embeddable":true,"href":"https:\/\/blog.startups.ch\/fr\/wp-json\/wp\/v2\/categories?post=14"},{"taxonomy":"post_tag","embeddable":true,"href":"https:\/\/blog.startups.ch\/fr\/wp-json\/wp\/v2\/tags?post=14"}],"curies":[{"name":"wp","href":"https:\/\/api.w.org\/{rel}","templated":true}]}}