{"id":1372,"date":"2013-02-03T14:00:59","date_gmt":"2013-02-03T12:00:59","guid":{"rendered":"http:\/\/blog.startups.ch\/fr\/?p=1372"},"modified":"2013-03-26T13:09:23","modified_gmt":"2013-03-26T11:09:23","slug":"creations-dentreprises-en-janvier-2013","status":"publish","type":"post","link":"https:\/\/blog.startups.ch\/fr\/2013\/02\/03\/creations-dentreprises-en-janvier-2013\/","title":{"rendered":"Cr\u00e9ations d\u2019entreprises en janvier 2013"},"content":{"rendered":"<p><em>actualis\u00e9 le 7 f\u00e9vrier 2013<\/em><\/p>\n<p><strong>Les statistiques des ann\u00e9es pr\u00e9c\u00e9dentes concernant les cr\u00e9ations d\u2019entreprises et les inscriptions au Registre du Commerce (RC) mensuelles laissaient supposer que moins d\u2019entreprises seraient cr\u00e9\u00e9es en janvier de cette ann\u00e9e en comparaison avec le nombre de cr\u00e9ations au mois de d\u00e9cembre de le la fin de l\u2019ann\u00e9e pass\u00e9e. Cette supposition est d\u00e9sormais confirm\u00e9e. Il faut n\u00e9anmoins relever que cette baisse est la plus petite baisse proportionnelle de ces derni\u00e8res ann\u00e9es, ce qui laisse pr\u00e9sager d\u2019une tr\u00e8s bonne ann\u00e9e 2013 pour la cr\u00e9ation d\u2019entreprises en Suisse. Vous trouverez de plus amples informations \u00e0 ce sujet dans le pr\u00e9sent article.<\/strong><\/p>\n<p><!--more--><\/p>\n<p><a href=\"https:\/\/i0.wp.com\/blog.startups.ch\/fr\/wp-content\/uploads\/2013\/02\/Bild-Januar1.png\"><img loading=\"lazy\" decoding=\"async\" class=\"aligncenter size-full wp-image-1374\" title=\"Cr\u00e9ations d\u2019entreprises janvier 2013\" alt=\"Cr\u00e9ations d\u2019entreprises janvier 2013\" src=\"https:\/\/i0.wp.com\/blog.startups.ch\/fr\/wp-content\/uploads\/2013\/02\/Bild-Januar1.png?resize=665%2C381\" width=\"665\" height=\"381\" srcset=\"https:\/\/i0.wp.com\/blog.startups.ch\/fr\/wp-content\/uploads\/2013\/02\/Bild-Januar1.png?w=665&amp;ssl=1 665w, https:\/\/i0.wp.com\/blog.startups.ch\/fr\/wp-content\/uploads\/2013\/02\/Bild-Januar1.png?resize=300%2C171&amp;ssl=1 300w\" sizes=\"(max-width: 665px) 100vw, 665px\" data-recalc-dims=\"1\" \/><\/a><\/p>\n<p align=\"left\">Le mois de janvier 2013 compte 3\u2018395 nouvelles inscriptions au RC au niveau suisse. Cela repr\u00e9sente 455 cr\u00e9ations d\u2019entreprises de moins qu\u2019en d\u00e9cembre 2012 (3&#8217;850), ce qui correspond \u00e0 une baisse relative de -11.8%. Il est cependant plus int\u00e9ressant de noter que ce chiffre surpasse le nombre de nouvelles cr\u00e9ations d&#8217;entreprises en janvier 2012 (3\u2018224) de 171 nouvelles inscriptions au RC, ce qui correspond \u00e0 une hausse relative de 5.3%. Comme nous pouvons le constater \u00e0 la lecture du graphique, le recul du nombre de cr\u00e9ations d\u2019entreprises en raison du nouvel an a continuellement diminu\u00e9 au cours des derni\u00e8res ann\u00e9es. Le recul de d\u00e9cembre 2009 \u00e0 janvier 2010 \u00e9tait alors encore de -25.1% (-921), aujourd\u2019hui (d\u00e9cembre 2012\/janvier 2013) il n\u2019est plus que de -11.8% (-455).<br \/>\nOn observe deux tendances: d&#8217;une part le nombre d&#8217;inscription au RC en janvier augmente d&#8217;ann\u00e9e en ann\u00e9e; d&#8217;autre part, la diminution d&#8217;inscriptions due au changement d&#8217;ann\u00e9e se r\u00e9duit continuellement. Cela laisse la porte ouverte aux sp\u00e9culations concernant les d\u00e9veloppements durant l&#8217;ann\u00e9e \u00e0 venir.<\/p>\n<p align=\"left\">La hausse d\u2019inscriptions au RC observ\u00e9e en janvier\u00a0 au niveau suisse par rapport \u00e0 l&#8217;ann\u00e9e pr\u00e9c\u00e9dente est principalement due aux \u00e9volutions positives en Suisse romande (+162 resp. +19.9%) et au Tessin (+24 resp. +10.2%). Seule la Suisse al\u00e9manique enregistre une l\u00e9g\u00e8re baisse par rapport au mois de janvier l&#8217;ann\u00e9e pass\u00e9e: -0.7%. Cette baisse reste tr\u00e8s faible et est par cons\u00e9quent n\u00e9gligeable. Les hausses proportionnelles les plus fortes ont \u00e9t\u00e9 observ\u00e9es dans les cantons de Berne (+17.0%), Gen\u00e8ve (+16.3%), Vaud (+15.5%) et du Tessin (+10.2%)*. Il faut relever ici qu&#8217;une hausse proportionnelle signifiante a \u00e9t\u00e9 enregistr\u00e9e dans tous les cantons de Romandie. La baisse minime enregistr\u00e9e en Suisse al\u00e9manique est principalement due aux d\u00e9veloppements dans le canton de Zurich (-19% resp. -80 en chiffres absolu).<\/p>\n<p>* Les cantons qui ont enregistr\u00e9 peu de nouvelles inscriptions au RC et pour lesquels une petite baisse en chiffres absolus a un tr\u00e8s grand impact sur la baisse en pourcentage n\u2019ont pas \u00e9t\u00e9 pris en consid\u00e9ration.<\/p>\n","protected":false},"excerpt":{"rendered":"<p>actualis\u00e9 le 7 f\u00e9vrier 2013 Les statistiques des ann\u00e9es pr\u00e9c\u00e9dentes concernant les cr\u00e9ations d\u2019entreprises et les inscriptions au Registre du Commerce (RC) mensuelles laissaient supposer que moins d\u2019entreprises seraient cr\u00e9\u00e9es en janvier de cette ann\u00e9e en comparaison avec le nombre de cr\u00e9ations au mois de d\u00e9cembre de le la fin de l\u2019ann\u00e9e pass\u00e9e. Cette supposition [&hellip;]<\/p>\n","protected":false},"author":1,"featured_media":0,"comment_status":"open","ping_status":"open","sticky":false,"template":"","format":"standard","meta":{"content-type":"","jetpack_post_was_ever_published":false,"_jetpack_newsletter_access":"","_jetpack_dont_email_post_to_subs":false,"_jetpack_newsletter_tier_id":0,"footnotes":"","jetpack_publicize_message":"","jetpack_publicize_feature_enabled":true,"jetpack_social_post_already_shared":false,"jetpack_social_options":{"image_generator_settings":{"template":"highway","enabled":false}}},"categories":[228,1],"tags":[],"jetpack_publicize_connections":[],"aioseo_notices":[],"views":4263,"jetpack_featured_media_url":"","jetpack_sharing_enabled":true,"jetpack_shortlink":"https:\/\/wp.me\/p7y0qY-m8","_links":{"self":[{"href":"https:\/\/blog.startups.ch\/fr\/wp-json\/wp\/v2\/posts\/1372"}],"collection":[{"href":"https:\/\/blog.startups.ch\/fr\/wp-json\/wp\/v2\/posts"}],"about":[{"href":"https:\/\/blog.startups.ch\/fr\/wp-json\/wp\/v2\/types\/post"}],"author":[{"embeddable":true,"href":"https:\/\/blog.startups.ch\/fr\/wp-json\/wp\/v2\/users\/1"}],"replies":[{"embeddable":true,"href":"https:\/\/blog.startups.ch\/fr\/wp-json\/wp\/v2\/comments?post=1372"}],"version-history":[{"count":11,"href":"https:\/\/blog.startups.ch\/fr\/wp-json\/wp\/v2\/posts\/1372\/revisions"}],"predecessor-version":[{"id":1380,"href":"https:\/\/blog.startups.ch\/fr\/wp-json\/wp\/v2\/posts\/1372\/revisions\/1380"}],"wp:attachment":[{"href":"https:\/\/blog.startups.ch\/fr\/wp-json\/wp\/v2\/media?parent=1372"}],"wp:term":[{"taxonomy":"category","embeddable":true,"href":"https:\/\/blog.startups.ch\/fr\/wp-json\/wp\/v2\/categories?post=1372"},{"taxonomy":"post_tag","embeddable":true,"href":"https:\/\/blog.startups.ch\/fr\/wp-json\/wp\/v2\/tags?post=1372"}],"curies":[{"name":"wp","href":"https:\/\/api.w.org\/{rel}","templated":true}]}}