{"id":1256,"date":"2013-01-05T23:30:01","date_gmt":"2013-01-05T21:30:01","guid":{"rendered":"http:\/\/blog.startups.ch\/fr\/?p=1256"},"modified":"2013-03-26T13:11:12","modified_gmt":"2013-03-26T11:11:12","slug":"nouveaute-en-2013-garantie-prolongee","status":"publish","type":"post","link":"https:\/\/blog.startups.ch\/fr\/2013\/01\/05\/nouveaute-en-2013-garantie-prolongee\/","title":{"rendered":"Nouveaut\u00e9 en 2013 : garantie prolong\u00e9e !"},"content":{"rendered":"<p><strong>Depuis le 1er janvier 2013, il y a un changement dans le Code des obligations (CO) conform\u00e9ment au d\u00e9lai de garantie. Le d\u00e9lai se prolonge et am\u00e9liore ainsi la situation des acheteurs. <\/strong><\/p>\n<p><!--more--><\/p>\n<p>Avec la r\u00e9vision du Code des obligations suisse, c\u2019est principalement le d\u00e9lai de garantie qui est modifi\u00e9.<\/p>\n<h2><strong>Nouveaut\u00e9s dans le droit de la vente<\/strong><\/h2>\n<p>Lors de l\u2019achat d\u2019un bien quelconque, chaque jour, un contrat de vente est conclu. Dans tous ces cas, le Code des obligations pr\u00e9voit un d\u00e9lai de deux ans selon l\u2019article 210 CO \u2013 alors qu\u2019il n\u2019\u00e9tait que d\u2019une ann\u00e9e avant. Ce nouveau d\u00e9lai permet \u00e0 l\u2019acheteur de se plaindre aupr\u00e8s du vendeur pendant deux ans apr\u00e8s son achat dans le cas d\u2019un d\u00e9faut. Il est important que le d\u00e9faut soir imm\u00e9diatement signal\u00e9 apr\u00e8s avoir \u00e9t\u00e9 d\u00e9couvert. Si cette annonce n\u2019a pas \u00e9t\u00e9 faite dans les temps, il n\u2019y a plus de garantie.<\/p>\n<h2><strong>Nouveaut\u00e9 pour les contrats d\u2019entreprise<\/strong><\/h2>\n<p>Il y a \u00e9galement quelques changements dans le droit des contrats d\u2019entreprise. Dans le cadre d\u2019un tel contrat, on obtient d\u00e9sormais \u00e9galement une garantie de deux ans (art. 371 CO) &#8211; comme dans le droit de la vente. Toutefois, si la source du d\u00e9faut est la partie d\u2019un travail mobile (comme une fen\u00eatre), lequel est int\u00e9gr\u00e9 dans un bien non-mobile (comme une maison), ainsi le d\u00e9lai de garantie est m\u00eame de cinq ans.<\/p>\n","protected":false},"excerpt":{"rendered":"<p>Depuis le 1er janvier 2013, il y a un changement dans le Code des obligations (CO) conform\u00e9ment au d\u00e9lai de garantie. Le d\u00e9lai se prolonge et am\u00e9liore ainsi la situation des acheteurs.<\/p>\n","protected":false},"author":7,"featured_media":0,"comment_status":"closed","ping_status":"closed","sticky":false,"template":"","format":"standard","meta":{"content-type":"","jetpack_post_was_ever_published":false,"_jetpack_newsletter_access":"","_jetpack_dont_email_post_to_subs":false,"_jetpack_newsletter_tier_id":0,"footnotes":"","jetpack_publicize_message":"","jetpack_publicize_feature_enabled":true,"jetpack_social_post_already_shared":false,"jetpack_social_options":{"image_generator_settings":{"template":"highway","enabled":false}}},"categories":[1],"tags":[],"jetpack_publicize_connections":[],"aioseo_notices":[],"views":1703,"jetpack_featured_media_url":"","jetpack_sharing_enabled":true,"jetpack_shortlink":"https:\/\/wp.me\/p7y0qY-kg","_links":{"self":[{"href":"https:\/\/blog.startups.ch\/fr\/wp-json\/wp\/v2\/posts\/1256"}],"collection":[{"href":"https:\/\/blog.startups.ch\/fr\/wp-json\/wp\/v2\/posts"}],"about":[{"href":"https:\/\/blog.startups.ch\/fr\/wp-json\/wp\/v2\/types\/post"}],"author":[{"embeddable":true,"href":"https:\/\/blog.startups.ch\/fr\/wp-json\/wp\/v2\/users\/7"}],"replies":[{"embeddable":true,"href":"https:\/\/blog.startups.ch\/fr\/wp-json\/wp\/v2\/comments?post=1256"}],"version-history":[{"count":5,"href":"https:\/\/blog.startups.ch\/fr\/wp-json\/wp\/v2\/posts\/1256\/revisions"}],"predecessor-version":[{"id":1499,"href":"https:\/\/blog.startups.ch\/fr\/wp-json\/wp\/v2\/posts\/1256\/revisions\/1499"}],"wp:attachment":[{"href":"https:\/\/blog.startups.ch\/fr\/wp-json\/wp\/v2\/media?parent=1256"}],"wp:term":[{"taxonomy":"category","embeddable":true,"href":"https:\/\/blog.startups.ch\/fr\/wp-json\/wp\/v2\/categories?post=1256"},{"taxonomy":"post_tag","embeddable":true,"href":"https:\/\/blog.startups.ch\/fr\/wp-json\/wp\/v2\/tags?post=1256"}],"curies":[{"name":"wp","href":"https:\/\/api.w.org\/{rel}","templated":true}]}}