{"id":11512,"date":"2024-09-03T12:14:13","date_gmt":"2024-09-03T10:14:13","guid":{"rendered":"https:\/\/blog.startups.ch\/fr\/?p=11512"},"modified":"2024-09-03T12:14:18","modified_gmt":"2024-09-03T10:14:18","slug":"rapport-de-fondation-daout-un-recul-a-lechelle-nationale","status":"publish","type":"post","link":"https:\/\/blog.startups.ch\/fr\/2024\/09\/03\/rapport-de-fondation-daout-un-recul-a-lechelle-nationale\/","title":{"rendered":"Rapport de fondation d&#8217;ao\u00fbt : un recul \u00e0 l&#8217;\u00e9chelle nationale\u00a0"},"content":{"rendered":"\n<figure class=\"wp-block-image size-full\"><img loading=\"lazy\" decoding=\"async\" width=\"940\" height=\"788\" src=\"https:\/\/i0.wp.com\/blog.startups.ch\/fr\/wp-content\/uploads\/2024\/09\/FR.png?resize=940%2C788&#038;ssl=1\" alt=\"\" class=\"wp-image-11513\" data-recalc-dims=\"1\"\/><\/figure>\n\n\n\n<p>En ao\u00fbt 2024, 3558 cr\u00e9ations d&#8217;entreprises ont \u00e9t\u00e9 enregistr\u00e9es en Suisse. Cela correspond \u00e0 une baisse de 3,52% par rapport \u00e0 l&#8217;ann\u00e9e pr\u00e9c\u00e9dente. Par rapport \u00e0 juillet, le nombre de cr\u00e9ations d&#8217;entreprises a fortement baiss\u00e9 en ao\u00fbt, comme ces derni\u00e8res ann\u00e9es. Nous enregistrons une baisse de 21,77%.&nbsp;<\/p>\n\n\n\n<p><strong>2024 vs. 2023<\/strong>&nbsp;<\/p>\n\n\n\n<p>Le nombre de cr\u00e9ations d&#8217;entreprises en Suisse continue d&#8217;\u00e9voluer positivement par rapport \u00e0 l&#8217;ann\u00e9e pr\u00e9c\u00e9dente.&nbsp; Entre janvier et ao\u00fbt de cette ann\u00e9e, 35&#8217;215 nouvelles entreprises ont \u00e9t\u00e9 cr\u00e9\u00e9es, ce qui correspond \u00e0 une augmentation de 2,05 %. Par rapport \u00e0 l&#8217;ann\u00e9e pr\u00e9c\u00e9dente (34&#8217;506), 709 entreprises de plus ont donc \u00e9t\u00e9 cr\u00e9\u00e9es.&nbsp;<\/p>\n\n\n\n<p><strong>La Suisse orientale perd le moins de terrain<\/strong>&nbsp;<\/p>\n\n\n\n<p>En ao\u00fbt, 461 cr\u00e9ations d&#8217;entreprises ont \u00e9t\u00e9 enregistr\u00e9es en Suisse orientale, ce qui correspond \u00e0 une baisse de 5,14 % par rapport au mois pr\u00e9c\u00e9dent. Dans le canton de Thurgovie, le nombre de cr\u00e9ations a m\u00eame augment\u00e9 de 45,95%, passant de 74 \u00e0 108. Par rapport \u00e0 l&#8217;ann\u00e9e pr\u00e9c\u00e9dente, le nombre de cr\u00e9ations a m\u00eame augment\u00e9 en Suisse orientale, mais de 1,77% seulement. Cependant, il faut aussi dire que la Suisse orientale a connu un mois de juillet comparativement faible.&nbsp;&nbsp;<\/p>\n\n\n\n<p>La Suisse centrale affiche \u00e9galement un recul des cr\u00e9ations inf\u00e9rieur \u00e0 la moyenne, avec -14,75% par rapport au mois pr\u00e9c\u00e9dent. Par rapport au mois d&#8217;ao\u00fbt de l&#8217;ann\u00e9e pr\u00e9c\u00e9dente, cela correspond m\u00eame \u00e0 une croissance de 3,79%.&nbsp;&nbsp;<\/p>\n\n\n\n<p><strong>Forte baisse pour Zurich, le nord-est de la Suisse et la Suisse romande<\/strong>&nbsp;<\/p>\n\n\n\n<p>A Zurich, il y a eu une diminution de 20,80% par rapport au mois pr\u00e9c\u00e9dent. Cette valeur correspond environ \u00e0 la moyenne en Suisse par rapport au mois pr\u00e9c\u00e9dent. Par rapport \u00e0 l&#8217;ann\u00e9e derni\u00e8re, les 712 cr\u00e9ations correspondent toutefois \u00e0 une baisse sup\u00e9rieure \u00e0 la moyenne nationale de 6,93%.&nbsp;&nbsp;<\/p>\n\n\n\n<p>La Suisse du Nord-Ouest a d\u00fb faire face \u00e0 une baisse encore plus forte de 26,29%. Avec 729 cr\u00e9ations d&#8217;entreprises en ao\u00fbt 2024, ils sont \u00e9galement 5,94% moins bien lotis que l&#8217;ann\u00e9e pr\u00e9c\u00e9dente. La situation est tr\u00e8s similaire en Suisse romande qui, avec ses 1007 cr\u00e9ations, a tout juste franchi la barre des 1000 en ao\u00fbt. Par rapport au mois pr\u00e9c\u00e9dent, cela correspond \u00e0 une baisse de 25,79%. L&#8217;ann\u00e9e pr\u00e9c\u00e9dente, l&#8217;entreprise avait enregistr\u00e9 4,91% de cr\u00e9ations en plus.&nbsp;&nbsp;<\/p>\n\n\n\n<p><strong>Vol \u00e0 basse altitude au Tessin&nbsp;<\/strong>&nbsp;<\/p>\n\n\n\n<p>En ao\u00fbt, 129 entreprises ont \u00e9t\u00e9 cr\u00e9\u00e9es au Tessin. Cela correspond \u00e0 une baisse de 37,68% par rapport \u00e0 juillet. Aucune autre r\u00e9gion n&#8217;a connu un recul aussi important par rapport au mois pr\u00e9c\u00e9dent. La comparaison avec l&#8217;ann\u00e9e pr\u00e9c\u00e9dente n&#8217;est toutefois que l\u00e9g\u00e8rement sup\u00e9rieure \u00e0 la moyenne. Alors qu&#8217;il y a eu un recul de 3,52% dans toute la Suisse, le Tessin a connu un recul de 4,44%.&nbsp;&nbsp;<\/p>\n\n\n\n<p><strong>Perspectives<\/strong>&nbsp;<\/p>\n\n\n\n<p>Le mois d&#8217;ao\u00fbt a \u00e9t\u00e9 tr\u00e8s similaire aux ann\u00e9es pr\u00e9c\u00e9dentes. On peut donc s&#8217;attendre \u00e0 ce que les valeurs augmentent nettement dans les mois \u00e0 venir, comme les ann\u00e9es pr\u00e9c\u00e9dentes. Nous nous pr\u00e9parons donc \u00e0 un mois de septembre avec beaucoup de cr\u00e9ations d&#8217;entreprises.&nbsp;<\/p>\n","protected":false},"excerpt":{"rendered":"<p>En ao\u00fbt 2024, 3558 cr\u00e9ations d&#8217;entreprises ont \u00e9t\u00e9 enregistr\u00e9es en Suisse. Cela correspond \u00e0 une baisse de 3,52% par rapport \u00e0 l&#8217;ann\u00e9e pr\u00e9c\u00e9dente. Par rapport \u00e0 juillet, le nombre de cr\u00e9ations d&#8217;entreprises a fortement baiss\u00e9 en ao\u00fbt, comme ces derni\u00e8res ann\u00e9es. Nous enregistrons une baisse de 21,77%.&nbsp; 2024 vs. 2023&nbsp; Le nombre de cr\u00e9ations d&#8217;entreprises [&hellip;]<\/p>\n","protected":false},"author":1,"featured_media":0,"comment_status":"open","ping_status":"open","sticky":false,"template":"","format":"standard","meta":{"content-type":"","jetpack_post_was_ever_published":false,"_jetpack_newsletter_access":"","_jetpack_dont_email_post_to_subs":false,"_jetpack_newsletter_tier_id":0,"footnotes":"","jetpack_publicize_message":"","jetpack_publicize_feature_enabled":true,"jetpack_social_post_already_shared":true,"jetpack_social_options":{"image_generator_settings":{"template":"highway","enabled":false}}},"categories":[1],"tags":[],"jetpack_publicize_connections":[],"aioseo_notices":[],"views":534,"jetpack_featured_media_url":"","jetpack_sharing_enabled":true,"jetpack_shortlink":"https:\/\/wp.me\/p7y0qY-2ZG","_links":{"self":[{"href":"https:\/\/blog.startups.ch\/fr\/wp-json\/wp\/v2\/posts\/11512"}],"collection":[{"href":"https:\/\/blog.startups.ch\/fr\/wp-json\/wp\/v2\/posts"}],"about":[{"href":"https:\/\/blog.startups.ch\/fr\/wp-json\/wp\/v2\/types\/post"}],"author":[{"embeddable":true,"href":"https:\/\/blog.startups.ch\/fr\/wp-json\/wp\/v2\/users\/1"}],"replies":[{"embeddable":true,"href":"https:\/\/blog.startups.ch\/fr\/wp-json\/wp\/v2\/comments?post=11512"}],"version-history":[{"count":1,"href":"https:\/\/blog.startups.ch\/fr\/wp-json\/wp\/v2\/posts\/11512\/revisions"}],"predecessor-version":[{"id":11514,"href":"https:\/\/blog.startups.ch\/fr\/wp-json\/wp\/v2\/posts\/11512\/revisions\/11514"}],"wp:attachment":[{"href":"https:\/\/blog.startups.ch\/fr\/wp-json\/wp\/v2\/media?parent=11512"}],"wp:term":[{"taxonomy":"category","embeddable":true,"href":"https:\/\/blog.startups.ch\/fr\/wp-json\/wp\/v2\/categories?post=11512"},{"taxonomy":"post_tag","embeddable":true,"href":"https:\/\/blog.startups.ch\/fr\/wp-json\/wp\/v2\/tags?post=11512"}],"curies":[{"name":"wp","href":"https:\/\/api.w.org\/{rel}","templated":true}]}}