{"id":11392,"date":"2024-05-29T15:46:57","date_gmt":"2024-05-29T13:46:57","guid":{"rendered":"https:\/\/blog.startups.ch\/fr\/?p=11392"},"modified":"2024-05-02T15:51:09","modified_gmt":"2024-05-02T13:51:09","slug":"une-nouvelle-ere-dentrepreneurs-pourquoi-la-gen-z-prefere-creer-plutot-que-suivre","status":"publish","type":"post","link":"https:\/\/blog.startups.ch\/fr\/2024\/05\/29\/une-nouvelle-ere-dentrepreneurs-pourquoi-la-gen-z-prefere-creer-plutot-que-suivre\/","title":{"rendered":"Une nouvelle \u00e8re d&#8217;entrepreneurs : Pourquoi la Gen Z pr\u00e9f\u00e8re cr\u00e9er plut\u00f4t que suivre"},"content":{"rendered":"<div class=\"react-scroll-to-bottom--css-rdcjq-1n7m0yu\">\n<div class=\"flex flex-col text-sm pb-9\">\n<div class=\"w-full text-token-text-primary sm:AIPRM__conversation__response\" dir=\"auto\" data-testid=\"conversation-turn-5\" data-scroll-anchor=\"true\">\n<div class=\"px-4 py-2 justify-center text-base md:gap-6 m-auto\">\n<div class=\"flex flex-1 text-base mx-auto gap-3 juice:gap-4 juice:md:gap-6 md:px-5 lg:px-1 xl:px-5 md:max-w-3xl lg:max-w-[40rem] xl:max-w-[48rem]\">\n<div class=\"relative flex w-full min-w-0 flex-col agent-turn\">\n<div class=\"flex-col gap-1 md:gap-3\">\n<div class=\"flex flex-grow flex-col max-w-full\">\n<div class=\"min-h-[20px] text-message flex flex-col items-start gap-3 whitespace-pre-wrap break-words [.text-message+&amp;]:mt-5 overflow-x-auto\" dir=\"auto\" data-message-author-role=\"assistant\" data-message-id=\"843a32e6-3861-4361-999a-27a7c747c792\">\n<div class=\"markdown prose w-full break-words dark:prose-invert light AIPRM__conversation__response\">\n<h2>Dans un monde en constante \u00e9volution, la G\u00e9n\u00e9ration Z se d\u00e9marque par son esprit entrepreneurial unique. D\u00e9couvrons ensemble pourquoi cette nouvelle g\u00e9n\u00e9ration est plus encline \u00e0 forger son propre chemin \u00e0 travers la cr\u00e9ation d&#8217;entreprises plut\u00f4t qu&#8217;\u00e0 emprunter les voies professionnelles traditionnelles.<\/h2>\n<\/div>\n<\/div>\n<\/div>\n<\/div>\n<\/div>\n<\/div>\n<\/div>\n<\/div>\n<\/div>\n<\/div>\n<p><!--more--><\/p>\n<div id=\"AIPRM__sidebar-icon\" class=\"AIPRM__p-2 AIPRM__top-12 md:AIPRM__top-2 AIPRM__p-2 AIPRM__items-center AIPRM__transition-colors AIPRM__duration-200 AIPRM__cursor-pointer AIPRM__text-sm AIPRM__rounded-md AIPRM__border AIPRM__bg-white dark:AIPRM__bg-gray-900 AIPRM__border-black\/10 dark:AIPRM__border-white\/20 hover:AIPRM__bg-gray-50 dark:hover:AIPRM__bg-gray-850 AIPRM__cursor-pointer AIPRM__fixed AIPRM__right-4 AIPRM__z-30\" title=\"Open AIPRM sidebar\">\n<div class=\"w-full text-token-text-primary sm:AIPRM__conversation__response\" dir=\"auto\" data-testid=\"conversation-turn-3\" data-scroll-anchor=\"false\">\n<div class=\"px-4 py-2 justify-center text-base md:gap-6 m-auto\">\n<div class=\"flex flex-1 text-base mx-auto gap-3 juice:gap-4 juice:md:gap-6 md:px-5 lg:px-1 xl:px-5 md:max-w-3xl lg:max-w-[40rem] xl:max-w-[48rem]\">\n<div class=\"relative flex w-full min-w-0 flex-col agent-turn\">\n<div class=\"flex-col gap-1 md:gap-3\">\n<div class=\"flex flex-grow flex-col max-w-full\">\n<div class=\"min-h-[20px] text-message flex flex-col items-start gap-3 whitespace-pre-wrap break-words [.text-message+&amp;]:mt-5 overflow-x-auto\" dir=\"auto\" data-message-author-role=\"assistant\" data-message-id=\"f4086d5f-ac51-4e0b-a324-86d565e7854d\">\n<div class=\"markdown prose w-full break-words dark:prose-invert light AIPRM__conversation__response\">\n<h3><img loading=\"lazy\" decoding=\"async\" class=\"alignnone size-large wp-image-11395\" src=\"https:\/\/i0.wp.com\/blog.startups.ch\/fr\/wp-content\/uploads\/2024\/05\/DALL\u00b7E-2024-05-02-15.44.18-A-young-Generation-Z-female-entrepreneur-with-a-very-casual-and-woke-style-in-Switzerland.-She-has-naturally-curly-hair-wearing-an-oversized-hoodie.webp?resize=1200%2C686&#038;ssl=1\" alt=\"\" width=\"1200\" height=\"686\" srcset=\"https:\/\/i0.wp.com\/blog.startups.ch\/fr\/wp-content\/uploads\/2024\/05\/DALL\u00b7E-2024-05-02-15.44.18-A-young-Generation-Z-female-entrepreneur-with-a-very-casual-and-woke-style-in-Switzerland.-She-has-naturally-curly-hair-wearing-an-oversized-hoodie.webp?resize=1200%2C686&amp;ssl=1 1200w, https:\/\/i0.wp.com\/blog.startups.ch\/fr\/wp-content\/uploads\/2024\/05\/DALL\u00b7E-2024-05-02-15.44.18-A-young-Generation-Z-female-entrepreneur-with-a-very-casual-and-woke-style-in-Switzerland.-She-has-naturally-curly-hair-wearing-an-oversized-hoodie.webp?resize=1536%2C878&amp;ssl=1 1536w, https:\/\/i0.wp.com\/blog.startups.ch\/fr\/wp-content\/uploads\/2024\/05\/DALL\u00b7E-2024-05-02-15.44.18-A-young-Generation-Z-female-entrepreneur-with-a-very-casual-and-woke-style-in-Switzerland.-She-has-naturally-curly-hair-wearing-an-oversized-hoodie.webp?w=1792&amp;ssl=1 1792w\" sizes=\"(max-width: 1000px) 100vw, 1000px\" data-recalc-dims=\"1\" \/><\/h3>\n<p>Cette jeunesse, n\u00e9e \u00e0 l&#8217;or\u00e9e du 21\u00e8me si\u00e8cle, a grandi dans un environnement o\u00f9 la technologie \u00e9volue rapidement et o\u00f9 les anciens paradigmes de carri\u00e8re sont remis en question.<\/p>\n<h3><strong>L&#8217;attrait de l&#8217;ind\u00e9pendance : Un tournant pour la jeunesse actuelle<\/strong><\/h3>\n<p>La G\u00e9n\u00e9ration Z, n\u00e9e \u00e0 l&#8217;\u00e8re du num\u00e9rique, montre une pr\u00e9f\u00e9rence marqu\u00e9e pour l&#8217;autonomie professionnelle. Plut\u00f4t que de suivre les chemins trac\u00e9s par les pr\u00e9c\u00e9dentes g\u00e9n\u00e9rations, ces jeunes aspirent \u00e0 cr\u00e9er leur propre voie. L&#8217;entrepreneuriat leur offre cette libert\u00e9 tant recherch\u00e9e, leur permettant de concr\u00e9tiser leurs id\u00e9es innovantes sans se conformer aux normes \u00e9tablies.<\/p>\n<h3><strong>Impact des technologies : Un levier pour les jeunes entrepreneurs<\/strong><\/h3>\n<p>L&#8217;acc\u00e8s facilit\u00e9 aux technologies num\u00e9riques a transform\u00e9 les modes de travail traditionnels. Pour la G\u00e9n\u00e9ration Z, utiliser ces outils pour lancer et g\u00e9rer une entreprise est presque une seconde nature. Ils sont \u00e0 l&#8217;aise avec le marketing digital, le commerce en ligne et les r\u00e9seaux sociaux, autant de comp\u00e9tences essentielles pour r\u00e9ussir dans le monde entrepreneurial moderne.<\/p>\n<h3><strong>Qu\u00eate de sens et d&#8217;impact social<\/strong><\/h3>\n<p>Contrairement aux g\u00e9n\u00e9rations pr\u00e9c\u00e9dentes, pour qui la s\u00e9curit\u00e9 de l&#8217;emploi \u00e9tait primordiale, les jeunes d&#8217;aujourd&#8217;hui cherchent \u00e0 aligner leur travail avec leurs valeurs. L&#8217;entrepreneuriat leur permet de travailler sur des projets qui leur tiennent \u00e0 c\u0153ur, souvent en lien avec des causes sociales ou environnementales. Cette recherche de sens est un moteur puissant pour la cr\u00e9ation d&#8217;entreprise.<\/p>\n<h3><strong>Flexibilit\u00e9 et \u00e9quilibre vie professionnelle-vie priv\u00e9e<\/strong><\/h3>\n<p>La G\u00e9n\u00e9ration Z valorise un \u00e9quilibre entre vie professionnelle et personnelle, une aspiration que l&#8217;entrepreneuriat peut satisfaire. En \u00e9tant leur propre patron, ces jeunes peuvent mieux contr\u00f4ler leur emploi du temps et leurs conditions de travail, ce qui est moins \u00e9vident dans des carri\u00e8res plus traditionnelles.<\/p>\n<h3><strong>R\u00e9seaux et mentorat : Des ressources pr\u00e9cieuses<\/strong><\/h3>\n<p>Les r\u00e9seaux sociaux et les plateformes professionnelles offrent \u00e0 la G\u00e9n\u00e9ration Z des opportunit\u00e9s sans pr\u00e9c\u00e9dent de r\u00e9seautage et de mentorat. Ces jeunes entrepreneurs ne sont plus isol\u00e9s; ils peuvent facilement se connecter avec d&#8217;autres professionnels, obtenir des conseils et grandir gr\u00e2ce \u00e0 un soutien accessible et vari\u00e9.<\/p>\n<h3><strong>L&#8217;\u00e9ducation entrepreneuriale en plein essor<\/strong><\/h3>\n<p>De plus en plus d&#8217;\u00e9tablissements proposent des cursus ax\u00e9s sur l&#8217;entrepreneuriat, r\u00e9pondant ainsi \u00e0 l&#8217;int\u00e9r\u00eat croissant de cette g\u00e9n\u00e9ration pour la cr\u00e9ation d&#8217;entreprise. Ces programmes \u00e9ducatifs, combin\u00e9s \u00e0 un esprit d&#8217;entreprise inn\u00e9, pr\u00e9parent les jeunes \u00e0 r\u00e9ussir sur le march\u00e9 comp\u00e9titif actuel.<\/p>\n<p>En conclusion, la G\u00e9n\u00e9ration Z est tourn\u00e9e vers l&#8217;entrepreneuriat car cette voie leur permet de conjuguer passion, innovation et autonomie. Les outils num\u00e9riques \u00e0 leur disposition et leur d\u00e9sir de faire une diff\u00e9rence positive dans le monde font d&#8217;eux des entrepreneurs non seulement capables, mais \u00e9galement motiv\u00e9s \u00e0 transformer les d\u00e9fis en opportunit\u00e9s.<\/p>\n<\/div>\n<\/div>\n<\/div>\n<div class=\"mt-1 flex gap-3 empty:hidden\">\n<div class=\"text-gray-400 flex self-end lg:self-center items-center justify-center lg:justify-start mt-0 -ml-1 h-7 gap-[2px] visible\"><button class=\"flex items-center gap-1.5 rounded-md p-1 text-xs text-token-text-tertiary hover:text-token-text-primary\"><\/button><button class=\"flex items-center gap-1.5 rounded-md p-1 text-xs text-token-text-tertiary hover:text-token-text-primary\"><\/button><\/p>\n<div class=\"flex\"><\/div>\n<\/div>\n<\/div>\n<div class=\"pr-2 lg:pr-0\"><\/div>\n<\/div>\n<div class=\"absolute\">\n<div class=\"flex w-full gap-2 items-center justify-center\"><\/div>\n<\/div>\n<\/div>\n<\/div>\n<\/div>\n<\/div>\n<div class=\"w-full text-token-text-primary\" dir=\"auto\" data-testid=\"conversation-turn-4\" data-scroll-anchor=\"false\">\n<div class=\"px-4 py-2 justify-center text-base md:gap-6 m-auto\">\n<div class=\"flex flex-1 text-base mx-auto gap-3 juice:gap-4 juice:md:gap-6 md:px-5 lg:px-1 xl:px-5 md:max-w-3xl lg:max-w-[40rem] xl:max-w-[48rem]\">\n<div class=\"flex-shrink-0 flex flex-col relative items-end\">\n<div>\n<div class=\"pt-0.5\">\n<div class=\"gizmo-shadow-stroke flex h-6 w-6 items-center justify-center overflow-hidden rounded-full\"><\/div>\n<\/div>\n<\/div>\n<\/div>\n<\/div>\n<\/div>\n<\/div>\n<\/div>\n<div title=\"Open AIPRM sidebar\"><\/div>\n","protected":false},"excerpt":{"rendered":"<p>Dans un monde en constante \u00e9volution, la G\u00e9n\u00e9ration Z se d\u00e9marque par son esprit entrepreneurial unique. D\u00e9couvrons ensemble pourquoi cette nouvelle g\u00e9n\u00e9ration est plus encline \u00e0 forger son propre chemin \u00e0 travers la cr\u00e9ation d&#8217;entreprises plut\u00f4t qu&#8217;\u00e0 emprunter les voies professionnelles traditionnelles.<\/p>\n","protected":false},"author":1,"featured_media":0,"comment_status":"open","ping_status":"open","sticky":false,"template":"","format":"standard","meta":{"content-type":"","jetpack_post_was_ever_published":false,"_jetpack_newsletter_access":"","_jetpack_dont_email_post_to_subs":false,"_jetpack_newsletter_tier_id":0,"footnotes":"","jetpack_publicize_message":"","jetpack_publicize_feature_enabled":false,"jetpack_social_post_already_shared":true,"jetpack_social_options":{"image_generator_settings":{"template":"highway","enabled":false}}},"categories":[10,228],"tags":[],"jetpack_publicize_connections":[],"aioseo_notices":[],"views":390,"jetpack_featured_media_url":"","jetpack_sharing_enabled":true,"jetpack_shortlink":"https:\/\/wp.me\/p7y0qY-2XK","_links":{"self":[{"href":"https:\/\/blog.startups.ch\/fr\/wp-json\/wp\/v2\/posts\/11392"}],"collection":[{"href":"https:\/\/blog.startups.ch\/fr\/wp-json\/wp\/v2\/posts"}],"about":[{"href":"https:\/\/blog.startups.ch\/fr\/wp-json\/wp\/v2\/types\/post"}],"author":[{"embeddable":true,"href":"https:\/\/blog.startups.ch\/fr\/wp-json\/wp\/v2\/users\/1"}],"replies":[{"embeddable":true,"href":"https:\/\/blog.startups.ch\/fr\/wp-json\/wp\/v2\/comments?post=11392"}],"version-history":[{"count":4,"href":"https:\/\/blog.startups.ch\/fr\/wp-json\/wp\/v2\/posts\/11392\/revisions"}],"predecessor-version":[{"id":11398,"href":"https:\/\/blog.startups.ch\/fr\/wp-json\/wp\/v2\/posts\/11392\/revisions\/11398"}],"wp:attachment":[{"href":"https:\/\/blog.startups.ch\/fr\/wp-json\/wp\/v2\/media?parent=11392"}],"wp:term":[{"taxonomy":"category","embeddable":true,"href":"https:\/\/blog.startups.ch\/fr\/wp-json\/wp\/v2\/categories?post=11392"},{"taxonomy":"post_tag","embeddable":true,"href":"https:\/\/blog.startups.ch\/fr\/wp-json\/wp\/v2\/tags?post=11392"}],"curies":[{"name":"wp","href":"https:\/\/api.w.org\/{rel}","templated":true}]}}