{"id":11308,"date":"2024-02-22T11:07:04","date_gmt":"2024-02-22T10:07:04","guid":{"rendered":"https:\/\/blog.startups.ch\/fr\/?p=11308"},"modified":"2024-02-22T11:07:06","modified_gmt":"2024-02-22T10:07:06","slug":"responsabilite-fiscale-de-la-raison-individuelle","status":"publish","type":"post","link":"https:\/\/blog.startups.ch\/fr\/2024\/02\/22\/responsabilite-fiscale-de-la-raison-individuelle\/","title":{"rendered":"Responsabilit\u00e9 fiscale de la raison individuelle"},"content":{"rendered":"\n<h2 class=\"wp-block-heading\">Lorsque l&#8217;on prend le pas vers l&#8217;ind\u00e9pendance, la situation fiscale change. En tant que personne exer\u00e7ant une activit\u00e9 ind\u00e9pendante, vous serez \u00e9galement confront\u00e9 \u00e0 de nouveaux types d&#8217;imp\u00f4ts &#8211; voici un bref aper\u00e7u.<\/h2>\n\n\n\n<!--more-->\n\n\n\n<figure class=\"wp-block-image size-large\"><img decoding=\"async\" src=\"https:\/\/i0.wp.com\/blog.startups.ch\/wp-content\/uploads\/2009\/05\/Frau-am-PC-sitzend.png?resize=1024%2C457&amp;ssl=1\" alt=\"\"\/><\/figure>\n\n\n\n<h3 class=\"wp-block-heading\">Imp\u00f4ts sur le revenu et sur la fortune:<\/h3>\n\n\n\n<p>Les revenus issus de l&#8217;activit\u00e9 ind\u00e9pendante sont soumis \u00e0 l&#8217;imp\u00f4t sur le revenu, tout comme les salaires provenant d&#8217;un emploi. Si des registres comptables appropri\u00e9s sont tenus, ceux-ci servent g\u00e9n\u00e9ralement de base pour d\u00e9terminer le revenu imposable : Le profit de la raison individuelle est consid\u00e9r\u00e9 comme un revenu.<\/p>\n\n\n\n<p>La s\u00e9paration des actifs professionnels et priv\u00e9s est importante Le profit est d\u00e9termin\u00e9 en d\u00e9duisant toutes les d\u00e9penses li\u00e9es \u00e0 l&#8217;activit\u00e9 professionnelle du revenu g\u00e9n\u00e9r\u00e9 (par exemple, les co\u00fbts des mat\u00e9riaux, le loyer, les int\u00e9r\u00eats, les frais, etc.). Les d\u00e9penses personnelles (par exemple, les paiements des courses du week-end) ne peuvent pas \u00eatre d\u00e9duites et doivent \u00eatre clairement s\u00e9par\u00e9es des d\u00e9penses professionnelles. Les domaines probl\u00e9matiques courants comprennent les voitures de fonction, les frais de restaurant ou les frais de t\u00e9l\u00e9phone. Les autorit\u00e9s fiscales devraient pouvoir comprendre quelle part des d\u00e9penses a servi \u00e0 des fins priv\u00e9es et laquelle a servi \u00e0 l&#8217;entreprise.<\/p>\n\n\n\n<p>En ce qui concerne les actifs de l&#8217;entrepreneur individuel, il est important de faire la distinction entre les actifs professionnels et priv\u00e9s. Les actifs qui servent principalement ou enti\u00e8rement \u00e0 l&#8217;activit\u00e9 ind\u00e9pendante sont consid\u00e9r\u00e9s comme des actifs professionnels, m\u00eame si l&#8217;acquisition a \u00e9t\u00e9 financ\u00e9e avec des fonds priv\u00e9s. Les amortissements (par exemple, les d\u00e9pr\u00e9ciations, les provisions) sont d\u00e9ductibles fiscalement pour les actifs professionnels, ce qui r\u00e9duit le profit de la raison individuelle. De mani\u00e8re inverse, il en va de m\u00eame pour les augmentations de la valeur des actifs professionnels ; elles augmentent le profit.<\/p>\n\n\n\n<h3 class=\"wp-block-heading\">Voici un exemple: <\/h3>\n\n\n\n<p>La raison individuelle &#8220;Mode Z\u00fcrich Meier&#8221; a r\u00e9alis\u00e9 un b\u00e9n\u00e9fice de 90&#8217;000 CHF (avant amortissements) l&#8217;ann\u00e9e derni\u00e8re. Mme Meier, propri\u00e9taire de la raison individuelle de Zurich, poss\u00e8de \u00e9galement une voiture (valeur : 40&#8217;000 CHF), qu&#8217;elle utilise pour transporter les derni\u00e8res tendances de la mode du nord de l&#8217;Italie vers son magasin. La voiture est donc consid\u00e9r\u00e9e comme un actif professionnel. L&#8217;amortissement de sa voiture r\u00e9duit ainsi le b\u00e9n\u00e9fice de Mode Z\u00fcrich Meier. Si elle amortit sa voiture de 40% (16&#8217;000 CHF), son entreprise individuelle r\u00e9alise tout de m\u00eame un b\u00e9n\u00e9fice imposable de 74&#8217;000 CHF. Si elle n&#8217;avait utilis\u00e9 la voiture que pour des fins priv\u00e9es, l&#8217;amortissement n&#8217;aurait pas \u00e9t\u00e9 pertinent pour l&#8217;imp\u00f4t sur le revenu.<\/p>\n\n\n\n<h3 class=\"wp-block-heading\">Taxe sur la valeur ajout\u00e9e (TVA): <\/h3>\n\n\n\n<p>Chaque entrepreneur individuel doit d\u00e9terminer s&#8217;il est assujetti \u00e0 la TVA et, si n\u00e9cessaire, s&#8217;inscrire aupr\u00e8s de l&#8217;Administration f\u00e9d\u00e9rale des contributions. Cela sera le cas d\u00e8s que le chiffre d&#8217;affaires annuel d\u00e9passe 100&#8217;000 CHF.<\/p>\n","protected":false},"excerpt":{"rendered":"<p>Lorsque l&#8217;on prend le pas vers l&#8217;ind\u00e9pendance, la situation fiscale change. En tant que personne exer\u00e7ant une activit\u00e9 ind\u00e9pendante, vous serez \u00e9galement confront\u00e9 \u00e0 de nouveaux types d&#8217;imp\u00f4ts &#8211; voici un bref aper\u00e7u.<\/p>\n","protected":false},"author":1,"featured_media":0,"comment_status":"open","ping_status":"open","sticky":false,"template":"","format":"standard","meta":{"content-type":"","jetpack_post_was_ever_published":false,"_jetpack_newsletter_access":"","_jetpack_dont_email_post_to_subs":false,"_jetpack_newsletter_tier_id":0,"footnotes":"","jetpack_publicize_message":"","jetpack_publicize_feature_enabled":false,"jetpack_social_post_already_shared":true,"jetpack_social_options":{"image_generator_settings":{"template":"highway","enabled":false}}},"categories":[1],"tags":[],"jetpack_publicize_connections":[],"aioseo_notices":[],"views":433,"jetpack_featured_media_url":"","jetpack_sharing_enabled":true,"jetpack_shortlink":"https:\/\/wp.me\/p7y0qY-2Wo","_links":{"self":[{"href":"https:\/\/blog.startups.ch\/fr\/wp-json\/wp\/v2\/posts\/11308"}],"collection":[{"href":"https:\/\/blog.startups.ch\/fr\/wp-json\/wp\/v2\/posts"}],"about":[{"href":"https:\/\/blog.startups.ch\/fr\/wp-json\/wp\/v2\/types\/post"}],"author":[{"embeddable":true,"href":"https:\/\/blog.startups.ch\/fr\/wp-json\/wp\/v2\/users\/1"}],"replies":[{"embeddable":true,"href":"https:\/\/blog.startups.ch\/fr\/wp-json\/wp\/v2\/comments?post=11308"}],"version-history":[{"count":1,"href":"https:\/\/blog.startups.ch\/fr\/wp-json\/wp\/v2\/posts\/11308\/revisions"}],"predecessor-version":[{"id":11309,"href":"https:\/\/blog.startups.ch\/fr\/wp-json\/wp\/v2\/posts\/11308\/revisions\/11309"}],"wp:attachment":[{"href":"https:\/\/blog.startups.ch\/fr\/wp-json\/wp\/v2\/media?parent=11308"}],"wp:term":[{"taxonomy":"category","embeddable":true,"href":"https:\/\/blog.startups.ch\/fr\/wp-json\/wp\/v2\/categories?post=11308"},{"taxonomy":"post_tag","embeddable":true,"href":"https:\/\/blog.startups.ch\/fr\/wp-json\/wp\/v2\/tags?post=11308"}],"curies":[{"name":"wp","href":"https:\/\/api.w.org\/{rel}","templated":true}]}}