{"id":11296,"date":"2024-01-30T12:53:44","date_gmt":"2024-01-30T11:53:44","guid":{"rendered":"https:\/\/blog.startups.ch\/fr\/?p=11296"},"modified":"2024-01-30T12:53:46","modified_gmt":"2024-01-30T11:53:46","slug":"assurances-sociales-de-la-raison-individuelle","status":"publish","type":"post","link":"https:\/\/blog.startups.ch\/fr\/2024\/01\/30\/assurances-sociales-de-la-raison-individuelle\/","title":{"rendered":"Assurances sociales de la raison individuelle"},"content":{"rendered":"\n<h2 class=\"wp-block-heading\">Les assurances sociales sont un sujet important d\u00e8s la cr\u00e9ation pour les travailleurs ind\u00e9pendants. Voici un bref aper\u00e7u des points cl\u00e9s \u00e0 prendre en compte au d\u00e9marrage de l&#8217;activit\u00e9 ind\u00e9pendante.<\/h2>\n\n\n\n<!--more-->\n\n\n\n<figure class=\"wp-block-image size-large\"><img decoding=\"async\" src=\"https:\/\/i0.wp.com\/blog.startups.ch\/wp-content\/uploads\/2009\/05\/Frau-im-Atelier.jpg?w=639&amp;ssl=1\" alt=\"\"\/><\/figure>\n\n\n\n<h3 class=\"wp-block-heading\">AVS <\/h3>\n\n\n\n<p>Les autorit\u00e9s de l&#8217;assurance sociale font la distinction entre les travailleurs d\u00e9pendants et les travailleurs ind\u00e9pendants en mati\u00e8re d&#8217;assurances sociales.<\/p>\n\n\n\n<ul>\n<li>Pour les travailleurs d\u00e9pendants, l&#8217;employeur s&#8217;occupe des assurances sociales des employ\u00e9s. <\/li>\n\n\n\n<li>Les travailleurs ind\u00e9pendants (propri\u00e9taires d&#8217;une entreprise individuelle) doivent quant \u00e0 eux s&#8217;inscrire aupr\u00e8s de la <a href=\"https:\/\/www.ahv-iv.ch\/fr\/Contacts\/Caisses-cantonales-de-compensation\">caisse de compensation AVS respective<\/a>. Cette derni\u00e8re d\u00e9termine alors si l&#8217;on est consid\u00e9r\u00e9 comme ind\u00e9pendant au sens du droit de l&#8217;assurance sociale. Les crit\u00e8res \u00e0 cet effet sont \u00e9nonc\u00e9s par l&#8217;AVS dans <a href=\"https:\/\/www.ahv-iv.ch\/p\/2.02.f\">une brochure destin\u00e9e aux travailleurs ind\u00e9pendants<\/a>. <\/li>\n<\/ul>\n\n\n\n<p>Comme le b\u00e9n\u00e9fice du travailleur ind\u00e9pendant correspond \u00e9galement au salaire, des cotisations AVS sont vers\u00e9es sur l&#8217;ensemble du b\u00e9n\u00e9fice de l&#8217;entreprise individuelle (\u00e0 la diff\u00e9rence d&#8217;une GmbH, qui calcule les cotisations AVS uniquement sur le salaire, et non sur la part de b\u00e9n\u00e9fice des actionnaires).<\/p>\n\n\n\n<h3 class=\"wp-block-heading\">Pr\u00e9voyance vieillesse <\/h3>\n\n\n\n<p>Dans le cadre du 2e pilier (LPP) comme du 3e pilier (3a\/3b), l&#8217;entrepreneur individuel est libre de choisir la solution la plus adapt\u00e9e ou de renoncer \u00e0 une assurance.<\/p>\n\n\n\n<h3 class=\"wp-block-heading\">Ch\u00f4mage (Assurance ch\u00f4mage) <\/h3>\n\n\n\n<p>Les travailleurs ind\u00e9pendants peuvent \u00e9galement choisir de ne pas s&#8217;assurer volontairement contre le ch\u00f4mage, et aucune cotisation n&#8217;est \u00e0 payer \u00e0 cet effet.<\/p>\n\n\n\n<h3 class=\"wp-block-heading\">Autres assurances sociales <\/h3>\n\n\n\n<p>Toutes les autres assurances ne sont pas obligatoires pour les entreprises individuelles. Un travailleur ind\u00e9pendant peut souscrire volontairement une assurance accident (aupr\u00e8s de la SUVA ou d&#8217;assureurs priv\u00e9s) et une assurance indemnit\u00e9s journali\u00e8res en cas de maladie. Cela est recommand\u00e9 dans la plupart des cas, car en cas d&#8217;accident ou de maladie, l&#8217;entrepreneur individuel ne peut plus exercer son activit\u00e9 et doit pallier les pertes de revenus r\u00e9sultantes d&#8217;une autre mani\u00e8re.<\/p>\n\n\n\n<p>Par ailleurs, en fonction du type d&#8217;activit\u00e9, outre les assurances sociales, il est conseill\u00e9 de souscrire <strong>d&#8217;autres assurances priv\u00e9es<\/strong> telles qu&#8217;une assurance responsabilit\u00e9 civile ou une assurance protection juridique.<\/p>\n","protected":false},"excerpt":{"rendered":"<p>Les assurances sociales sont un sujet important d\u00e8s la cr\u00e9ation pour les travailleurs ind\u00e9pendants. Voici un bref aper\u00e7u des points cl\u00e9s \u00e0 prendre en compte au d\u00e9marrage de l&#8217;activit\u00e9 ind\u00e9pendante.<\/p>\n","protected":false},"author":1,"featured_media":0,"comment_status":"open","ping_status":"open","sticky":false,"template":"","format":"standard","meta":{"content-type":"","jetpack_post_was_ever_published":false,"_jetpack_newsletter_access":"","_jetpack_dont_email_post_to_subs":false,"_jetpack_newsletter_tier_id":0,"footnotes":"","jetpack_publicize_message":"","jetpack_publicize_feature_enabled":false,"jetpack_social_post_already_shared":true,"jetpack_social_options":{"image_generator_settings":{"template":"highway","enabled":false}}},"categories":[1],"tags":[],"jetpack_publicize_connections":[],"aioseo_notices":[],"views":362,"jetpack_featured_media_url":"","jetpack_sharing_enabled":true,"jetpack_shortlink":"https:\/\/wp.me\/p7y0qY-2Wc","_links":{"self":[{"href":"https:\/\/blog.startups.ch\/fr\/wp-json\/wp\/v2\/posts\/11296"}],"collection":[{"href":"https:\/\/blog.startups.ch\/fr\/wp-json\/wp\/v2\/posts"}],"about":[{"href":"https:\/\/blog.startups.ch\/fr\/wp-json\/wp\/v2\/types\/post"}],"author":[{"embeddable":true,"href":"https:\/\/blog.startups.ch\/fr\/wp-json\/wp\/v2\/users\/1"}],"replies":[{"embeddable":true,"href":"https:\/\/blog.startups.ch\/fr\/wp-json\/wp\/v2\/comments?post=11296"}],"version-history":[{"count":1,"href":"https:\/\/blog.startups.ch\/fr\/wp-json\/wp\/v2\/posts\/11296\/revisions"}],"predecessor-version":[{"id":11297,"href":"https:\/\/blog.startups.ch\/fr\/wp-json\/wp\/v2\/posts\/11296\/revisions\/11297"}],"wp:attachment":[{"href":"https:\/\/blog.startups.ch\/fr\/wp-json\/wp\/v2\/media?parent=11296"}],"wp:term":[{"taxonomy":"category","embeddable":true,"href":"https:\/\/blog.startups.ch\/fr\/wp-json\/wp\/v2\/categories?post=11296"},{"taxonomy":"post_tag","embeddable":true,"href":"https:\/\/blog.startups.ch\/fr\/wp-json\/wp\/v2\/tags?post=11296"}],"curies":[{"name":"wp","href":"https:\/\/api.w.org\/{rel}","templated":true}]}}