{"id":11081,"date":"2023-06-01T09:42:10","date_gmt":"2023-06-01T07:42:10","guid":{"rendered":"https:\/\/blog.startups.ch\/fr\/?p=11081"},"modified":"2023-06-06T10:40:44","modified_gmt":"2023-06-06T08:40:44","slug":"la-durabilite-comme-processus-de-changement","status":"publish","type":"post","link":"https:\/\/blog.startups.ch\/fr\/2023\/06\/01\/la-durabilite-comme-processus-de-changement\/","title":{"rendered":"La durabilit\u00e9 comme processus de changement"},"content":{"rendered":"\n<h2 class=\"wp-block-heading\">Les entreprises doivent am\u00e9liorer leurs normes dans les domaines de l&#8217;environnement, du social et de la gestion afin de r\u00e9pondre aux exigences l\u00e9gales et aux attentes des clients. Cela n&#8217;est possible que si l&#8217;ensemble du personnel int\u00e8gre la durabilit\u00e9 et y pense naturellement dans tous les processus.<\/h2>\n\n\n\n<!--more-->\n\n\n\n<div class=\"wp-block-columns is-layout-flex wp-container-core-columns-layout-1 wp-block-columns-is-layout-flex\">\n<div class=\"wp-block-column is-layout-flow wp-block-column-is-layout-flow\">\n<p>Pour Maren Grondey, la durabilit\u00e9 n&#8217;est pas une strat\u00e9gie. C&#8217;est un mode de vie : <em>&#8220;C&#8217;est moi. Je fais attention \u00e0 l&#8217;endroit o\u00f9 mes v\u00eatements sont produits et d&#8217;o\u00f9 vient ma nourriture. En hiver, je ne reste pas tranquillement dans ma maison chauff\u00e9e \u00e0 22 degr\u00e9s. Je fais du v\u00e9lo et je renonce aux vols long-courriers. Pour moi, cela va de soi, car nous n&#8217;avons pas de deuxi\u00e8me Terre&#8221;<\/em>, explique l&#8217;entrepreneuse de 47 ans, qui dirige avec sa s\u0153ur Laura Grondey l&#8217;entreprise familiale Siemer Verpackung de Ronnenberg, en Basse-Saxe. Comme elle veille \u00e0 la durabilit\u00e9 dans chaque d\u00e9cision qu&#8217;elle prend dans sa vie priv\u00e9e, il va de soi qu&#8217;en tant que patronne, elle introduit ce th\u00e8me dans son entreprise.<\/p>\n<\/div>\n\n\n\n<div class=\"wp-block-column is-layout-flow wp-block-column-is-layout-flow\">\n<figure class=\"wp-block-image size-large is-resized\"><img loading=\"lazy\" decoding=\"async\" src=\"https:\/\/i0.wp.com\/www.creditreform.de\/fileadmin\/user_upload\/central_files\/_processed_\/4\/2\/csm_Nachhaltigkeit_Change_Maren_Grondey_c_Siemer_e2d9bc66f4.jpg?resize=300%2C200&#038;ssl=1\" alt=\"\" width=\"300\" height=\"200\" data-recalc-dims=\"1\" \/><\/figure>\n\n\n\n<p>L&#8217;entrepreneuse Maren Grondey souhaite que ses collaborateurs int\u00e8grent la durabilit\u00e9 comme elle l&#8217;a fait elle-m\u00eame.<\/p>\n<\/div>\n<\/div>\n\n\n\n<p>L&#8217;entreprise fond\u00e9e en 1906 a un impact climatique neutre. Elle compense les \u00e9missions qu&#8217;elle ne peut pas \u00e9viter par des certificats de CO2. &#8220;<em>Notre client\u00e8le peut d\u00e9cider dans quels projets de protection climatique nous investissons et suivre les progr\u00e8s<\/em>&#8220;, explique Grondey. De plus, ce th\u00e8me guide tous les secteurs d&#8217;activit\u00e9 : &#8220;<em>Qu&#8217;il s&#8217;agisse des b\u00e2timents, de la flotte de v\u00e9hicules ou des voyages, chaque d\u00e9cision est bas\u00e9e sur l&#8217;objectif d&#8217;\u00e9viter compl\u00e8tement les \u00e9missions, de les r\u00e9duire autant que possible ou de les compenser<\/em>&#8220;.<\/p>\n\n\n\n<h3 class=\"wp-block-heading\">Le management doit bien justifier les changements<\/h3>\n\n\n\n<p>Cela se r\u00e9percute bien s\u00fbr sur le travail quotidien des 33 collaborateurs et ne r\u00e9ussit que si ceux-ci ont assimil\u00e9 la d\u00e9marche au m\u00eame titre que leurs patronnes. Dans ce contexte, le th\u00e8me de la durabilit\u00e9 ne comprend pas seulement les aspects environnementaux, mais aussi les aspects sociaux et le mode de gestion de l&#8217;entreprise, regroup\u00e9s sous le label ESG (Environnement, Social et Gouvernance). Les changements importants ne fonctionnent que s&#8217;ils ne sont pas simplement impos\u00e9s aux collaborateurs, mais s&#8217;ils sont bien justifi\u00e9s et si la direction leur donne l&#8217;assurance que leur travail n&#8217;est pas mis en p\u00e9ril, mais plut\u00f4t assur\u00e9 \u00e0 long terme.<\/p>\n\n\n\n<p>Carmen Hofmann est r\u00e9dactrice et responsable ESG chez Lawpilots, un fournisseur d&#8217;e-learning pour les formations juridiques et r\u00e9glementaires en ligne. Avec ses clients, la jeune femme de 33 ans passe en revue les trois volets de l&#8217;ESG et examine si toutes les possibilit\u00e9s ont \u00e9t\u00e9 exploit\u00e9es.<\/p>\n\n\n\n<p>&#8220;<em>En ce qui concerne l&#8217;environnement, il y a divers facteurs<\/em> :<\/p>\n\n\n\n<ul>\n<li><em>Pouvons-nous utiliser des mat\u00e9riaux plusieurs fois ?<\/em><\/li>\n\n\n\n<li><em>D&#8217;o\u00f9 proviennent nos aliments ?<\/em><\/li>\n\n\n\n<li><em>Quels produits d&#8217;entretien utilisons-nous ?<\/em><\/li>\n\n\n\n<li><em>Permettons-nous \u00e0 nos collaborateurs de venir \u00e0 v\u00e9lo ou en train ?<\/em><\/li>\n\n\n\n<li><em>Pouvons-nous remplacer les d\u00e9placements professionnels par des appels vid\u00e9o ?<\/em><\/li>\n\n\n\n<li><em>Sommes-nous s\u00fbrs d&#8217;\u00e9conomiser l&#8217;\u00e9lectricit\u00e9 en \u00e9teignant tout le soir, c&#8217;est-\u00e0-dire en ne laissant aucun appareil en mode veille ?<\/em><\/li>\n<\/ul>\n\n\n\n<p><em>M\u00eame pour des d\u00e9cisions apparemment banales, les entreprises peuvent faire beaucoup pour r\u00e9duire leur empreinte carbone en contr\u00f4lant tous leurs domaines d&#8217;activit\u00e9<\/em>&#8220;, explique Hofmann.<\/p>\n\n\n\n<p>Dans le cas de l&#8217;entreprise Siemer Verpackung de Maren Grondey, cela signifie par exemple qu&#8217;elle utilise des LED \u00e0 faible consommation d&#8217;\u00e9nergie et des prises \u00e9lectriques avec interrupteur pour l&#8217;extinction de l&#8217;\u00e9lectricit\u00e9, qu&#8217;elle utilise du papier \u00e0 copier et du papier toilette recycl\u00e9, qu&#8217;elle a une installation photovolta\u00efque de 3.000 m\u00e8tres carr\u00e9s sur son toit et qu&#8217;elle met \u00e0 disposition de son personnel des v\u00e9los en leasing ainsi que des v\u00eatements de travail et du caf\u00e9 issus du commerce \u00e9quitable.<\/p>\n\n\n\n<h3 class=\"wp-block-heading\">La valorisation favorise la disposition au changement<\/h3>\n\n\n\n<p>En ce qui concerne les facteurs sociaux, les formations ESG de Lawpilots peuvent \u00e9galement montrer aux entreprises des possibilit\u00e9s d&#8217;\u00eatre durables, c&#8217;est-\u00e0-dire de miser sur la continuit\u00e9 et le long terme. Les collaborateurs qui se sentent valoris\u00e9s veulent rester et sont ouverts au changement. &#8220;<em>C&#8217;est pourquoi il est important d&#8217;assurer une protection et une s\u00e9curit\u00e9 suffisantes au travail. En outre, le principe de l&#8217;\u00e9galit\u00e9 de traitement s&#8217;applique. Celui qui a le sentiment d&#8217;\u00eatre d\u00e9savantag\u00e9 par rapport \u00e0 ses coll\u00e8gues du m\u00eame service aura tendance \u00e0 d\u00e9missionner int\u00e9rieurement et sera peu motiv\u00e9 pour mettre en \u0153uvre des nouveaut\u00e9s<\/em>&#8220;, explique l&#8217;experte. Un indicateur important de la satisfaction des collaborateurs est \u00e9galement la possibilit\u00e9 d&#8217;agir contre les abus, m\u00eame de mani\u00e8re anonyme. &#8220;<em>Une protection efficace des lanceurs d&#8217;alerte est \u00e9galement un indicateur de durabilit\u00e9&#8221;.<\/em><\/p>\n\n\n\n<h3 class=\"wp-block-heading\">Rendre les objectifs et les impacts transparents<\/h3>\n\n\n\n<p>Reste le facteur de la gestion de l&#8217;entreprise. Ce qui est central pour le succ\u00e8s de mesures suppl\u00e9mentaires dans le travail quotidien, c&#8217;est que les cadres donnent l&#8217;exemple d&#8217;un changement de mentalit\u00e9. Si la patronne vient au travail \u00e0 v\u00e9lo, il est plus facile pour les employ\u00e9s de renoncer eux-m\u00eames \u00e0 la voiture. Si l&#8217;entreprise s&#8217;est dot\u00e9e d&#8217;un code de conduite, celui-ci doit non seulement \u00eatre suivi de mani\u00e8re cons\u00e9quente, mais aussi \u00eatre rendu transparent dans ses objectifs et ses effets. &#8220;<em>La cl\u00e9 d&#8217;un bon lien entre la direction et le personnel est que les employ\u00e9s se sentent pris au s\u00e9rieux. Cela commence par les impliquer autant que possible dans toutes les d\u00e9cisions importantes<\/em>&#8220;, explique Carmen Hofmann. En cons\u00e9quence, Maren Grondey suit avec sa s\u0153ur l&#8217;approche &#8220;<em>les collaborateurs d&#8217;abord<\/em>&#8220;. &#8220;<em>Le calcul est tr\u00e8s simple : si les collaborateurs sont satisfaits, les clients le sont aussi<\/em>&#8220;, explique Grondey.<\/p>\n\n\n\n<p>Hofmann souligne toutefois que les changements vers plus de durabilit\u00e9 sont plus efficaces lorsqu&#8217;ils sont introduits en douceur et ne se pr\u00e9sentent pas comme une rupture o\u00f9 aucune pierre ne reste sur l&#8217;autre. &#8220;<em>Ce sont surtout les petites choses du quotidien qui font la diff\u00e9rence au final. Elles peuvent \u00eatre int\u00e9gr\u00e9es pas \u00e0 pas dans les processus de travail, sans surcharger ou d\u00e9courager qui que ce soit<\/em>&#8220;.<\/p>\n\n\n\n<h3 class=\"wp-block-heading\">Combien de CO2 cela co\u00fbte-t-il de manger des escalopes trois fois par semaine ?<\/h3>\n\n\n\n<p>C&#8217;est aussi l&#8217;avis de Christopher Jahns. Ce docteur en gestion d&#8217;entreprise est le fondateur et le CEO de la plateforme d&#8217;\u00e9ducation en ligne XU, qui s&#8217;adresse aux employ\u00e9s et les forme dans les domaines de la num\u00e9risation, de la durabilit\u00e9 et de l&#8217;e-mobilit\u00e9. Avec des partenaires, il a fond\u00e9 la XU School of Sustainability, un programme de qualification en ligne qui aborde de mani\u00e8re globale le th\u00e8me de la durabilit\u00e9.<\/p>\n\n\n\n<p>L&#8217;homme de 53 ans ne pense pas qu&#8217;il faille lever le doigt ou faire pression sur le personnel. &#8220;<em>Bien s\u00fbr, c&#8217;est bien si le patron agit de mani\u00e8re exemplaire en mati\u00e8re de durabilit\u00e9. Mais il ne doit pas \u00eatre un saint. Il est plus efficace qu&#8217;il r\u00e9fl\u00e9chisse avec son \u00e9quipe au potentiel d&#8217;am\u00e9lioration et qu&#8217;il le d\u00e9finisse \u00e0 l&#8217;aide d&#8217;exemples concrets. Combien de CO2 cela co\u00fbte-t-il de manger des escalopes trois fois par semaine ou de laisser la lumi\u00e8re allum\u00e9e dans les bureaux et la production ? Cela rend les choses claires et compr\u00e9hensibles&#8221;.<\/em> Les multiplicateurs au sein de l&#8217;entreprise, qui donnent l&#8217;exemple des changements et accompagnent leur introduction, sont \u00e9galement utiles.<\/p>\n\n\n\n<p>Outre les raisons \u00e9cologiques et sociales pour plus de durabilit\u00e9, il y en a deux qui ne laissent de toute fa\u00e7on pas le choix aux entreprises tourn\u00e9es vers l&#8217;avenir : les prescriptions l\u00e9gales et les r\u00e8gles du march\u00e9. Ce sont surtout ces derni\u00e8res qui feront en sorte que la durabilit\u00e9 devienne un facteur \u00e9vident de l&#8217;action entrepreneuriale, estime Jahns. &#8220;<em>Le redressement ne vient pas des interdictions ou de la bienveillance, mais parce que les entreprises gagnent plus d&#8217;argent gr\u00e2ce \u00e0 cela. Celles qui ne sont pas durables nuisent \u00e0 leur image et font fuir les clients et les jeunes talents&#8221;<\/em>.<\/p>\n\n\n\n<p>Source : Magazine &#8220;Creditreform&#8221;.<br>Texte : Gesa van der Meyden<br>Cr\u00e9dit photo : Siemer<\/p>\n","protected":false},"excerpt":{"rendered":"<p>Les entreprises doivent am\u00e9liorer leurs normes dans les domaines de l&#8217;environnement, du social et de la gestion afin de r\u00e9pondre aux exigences l\u00e9gales et aux attentes des clients. Cela n&#8217;est possible que si l&#8217;ensemble du personnel int\u00e8gre la durabilit\u00e9 et y pense naturellement dans tous les processus.<\/p>\n","protected":false},"author":1,"featured_media":0,"comment_status":"open","ping_status":"open","sticky":false,"template":"","format":"standard","meta":{"content-type":"","jetpack_post_was_ever_published":false,"_jetpack_newsletter_access":"","_jetpack_dont_email_post_to_subs":false,"_jetpack_newsletter_tier_id":0,"footnotes":"","jetpack_publicize_message":"","jetpack_publicize_feature_enabled":false,"jetpack_social_post_already_shared":true,"jetpack_social_options":{"image_generator_settings":{"template":"highway","enabled":false}}},"categories":[1],"tags":[465,467,471,469,472,466,468],"jetpack_publicize_connections":[],"aioseo_notices":[],"views":258,"jetpack_featured_media_url":"","jetpack_sharing_enabled":true,"jetpack_shortlink":"https:\/\/wp.me\/p7y0qY-2SJ","_links":{"self":[{"href":"https:\/\/blog.startups.ch\/fr\/wp-json\/wp\/v2\/posts\/11081"}],"collection":[{"href":"https:\/\/blog.startups.ch\/fr\/wp-json\/wp\/v2\/posts"}],"about":[{"href":"https:\/\/blog.startups.ch\/fr\/wp-json\/wp\/v2\/types\/post"}],"author":[{"embeddable":true,"href":"https:\/\/blog.startups.ch\/fr\/wp-json\/wp\/v2\/users\/1"}],"replies":[{"embeddable":true,"href":"https:\/\/blog.startups.ch\/fr\/wp-json\/wp\/v2\/comments?post=11081"}],"version-history":[{"count":1,"href":"https:\/\/blog.startups.ch\/fr\/wp-json\/wp\/v2\/posts\/11081\/revisions"}],"predecessor-version":[{"id":11082,"href":"https:\/\/blog.startups.ch\/fr\/wp-json\/wp\/v2\/posts\/11081\/revisions\/11082"}],"wp:attachment":[{"href":"https:\/\/blog.startups.ch\/fr\/wp-json\/wp\/v2\/media?parent=11081"}],"wp:term":[{"taxonomy":"category","embeddable":true,"href":"https:\/\/blog.startups.ch\/fr\/wp-json\/wp\/v2\/categories?post=11081"},{"taxonomy":"post_tag","embeddable":true,"href":"https:\/\/blog.startups.ch\/fr\/wp-json\/wp\/v2\/tags?post=11081"}],"curies":[{"name":"wp","href":"https:\/\/api.w.org\/{rel}","templated":true}]}}