{"id":11075,"date":"2023-05-22T09:52:30","date_gmt":"2023-05-22T07:52:30","guid":{"rendered":"https:\/\/blog.startups.ch\/fr\/?p=11075"},"modified":"2023-05-22T10:12:40","modified_gmt":"2023-05-22T08:12:40","slug":"interview-de-phil-lojacono-ceo-de-liiva-la-nouvelle-plateforme-numerique-pour-les-proprietaires-immobiliers","status":"publish","type":"post","link":"https:\/\/blog.startups.ch\/fr\/2023\/05\/22\/interview-de-phil-lojacono-ceo-de-liiva-la-nouvelle-plateforme-numerique-pour-les-proprietaires-immobiliers\/","title":{"rendered":"Interview de Phil Lojacono, CEO de Liiva: La nouvelle plateforme num\u00e9rique pour les propri\u00e9taires immobiliers"},"content":{"rendered":"\n<h2 class=\"wp-block-heading\">Liiva, une filiale startup de la Mobili\u00e8re, a \u00e9t\u00e9 fond\u00e9e en 2021. L&#8217;entreprise soutient les propri\u00e9taires suisses de logements pour toutes les questions relatives au logement. STARTUPS.CH a men\u00e9 une interview avec Phil Lojacono, CEO de Liiva.<\/h2>\n\n\n\n<figure class=\"wp-block-image size-large\"><img decoding=\"async\" src=\"https:\/\/i0.wp.com\/blog.startups.ch\/wp-content\/uploads\/2023\/05\/Liiva_RGB_schwarz_1000px@1x.png?resize=1001%2C275&amp;ssl=1\" alt=\"\"\/><\/figure>\n\n\n\n<h3 class=\"wp-block-heading\">Comment avez-vous eu cette id\u00e9e d&#8217;entreprise ?<\/h3>\n\n\n\n<p>Notre maison m\u00e8re, la Mobili\u00e8re, est l&#8217;une des plus grandes assurances de Suisse et est fortement ancr\u00e9e dans la soci\u00e9t\u00e9 suisse. De par son activit\u00e9 et le contact direct avec ses clients, nous avons constat\u00e9 que le manque de transparence et l&#8217;ins\u00e9curit\u00e9 \u00e9taient tr\u00e8s \u00e9lev\u00e9s dans tous les domaines li\u00e9s \u00e0 la propri\u00e9t\u00e9 du logement. Nous voulions changer cela. Souvent, la propri\u00e9t\u00e9 du logement est le plus gros investissement et le plus grand endettement des Suisses. Mais en m\u00eame temps, elle sert aussi de pr\u00e9voyance vieillesse. Ce sont des sujets complexes qui d\u00e9passent de nombreux propri\u00e9taires. Nous voulons aider nos utilisateurs par la transparence, l&#8217;\u00e9quit\u00e9 et des conseils personnalis\u00e9s pour tout ce qui concerne le logement en propri\u00e9t\u00e9.<\/p>\n\n\n\n<h3 class=\"wp-block-heading\">En quoi vous distinguez-vous des autres plates-formes dans ce domaine ?<\/h3>\n\n\n\n<p>Nous couvrons l&#8217;ensemble du cycle, c&#8217;est-\u00e0-dire la recherche, l&#8217;achat, la gestion et enfin la vente du logement. Mais nous nous concentrons clairement sur le domaine de la &#8220;gestion&#8221;. Notre objectif est donc de faciliter la vie de nos clients en ce qui concerne leur logement et non pas d&#8217;obtenir le meilleur prix lors d&#8217;une transaction.<\/p>\n\n\n\n<h3 class=\"wp-block-heading\">Quelle est votre vision ? Votre grand objectif ?<\/h3>\n\n\n\n<p>L&#8217;objectif de Liiva est de permettre \u00e0 la population suisse de dormir tranquillement dans son logement. Notre objectif est que les utilisateurs de LIiva sachent toujours que leur logement est entre de bonnes mains, qu&#8217;ils sachent \u00e0 qui s&#8217;adresser et qu&#8217;ils soient s\u00fbrs d&#8217;\u00eatre conseill\u00e9s correctement et personnellement. Si nous y parvenons, nous aurons atteint notre objectif.<\/p>\n\n\n\n<h3 class=\"wp-block-heading\">Qu&#8217;est-ce que cela fait d&#8217;\u00eatre une start-up d&#8217;un grand groupe ?<\/h3>\n\n\n\n<p>Nous profitons \u00e9norm\u00e9ment de notre maison m\u00e8re, la Mobili\u00e8re. Que ce soit en termes d&#8217;expertise technique pour les hypoth\u00e8ques et les assurances, mais aussi et surtout en termes de port\u00e9e et de confiance au sein de la population. La Mobili\u00e8re s&#8217;est forg\u00e9 une excellente r\u00e9putation au fil des ans, dont Liiva peut largement profiter. Il y a bien s\u00fbr aussi un aspect financier. Cela aide d\u00e9finitivement de savoir que l&#8217;on a derri\u00e8re soi un partenaire stable et parfaitement positionn\u00e9 \u00e0 long terme.<\/p>\n\n\n\n<h3 class=\"wp-block-heading\">Est-ce que cela vous donne plus de s\u00e9curit\u00e9 ou est-ce que cela vous met plus de pression ?<\/h3>\n\n\n\n<p>Certainement plus de s\u00e9curit\u00e9. La Mobili\u00e8re a d\u00e9j\u00e0 fait quelques exp\u00e9riences avec les start-ups et l&#8217;innovation. Ils connaissent les risques et savent qu&#8217;il faut du temps pour que les start-ups s&#8217;imposent sur le march\u00e9. Cela nous aide \u00e9norm\u00e9ment et la collaboration avec les \u00e9quipes de la Mobili\u00e8re est un grand plaisir.<\/p>\n\n\n\n<h3 class=\"wp-block-heading\">Peux-tu donner des conseils \u00e0 d&#8217;autres cr\u00e9ateurs d&#8217;entreprise ?<\/h3>\n\n\n\n<p>Chaque start-up est diff\u00e9rente, l&#8217;industrie, la structure de l&#8217;actionnariat, les risques, etc. Je partage volontiers et \u00e0 tout moment les exp\u00e9riences acquises dans ma propre start-up avant Liiva et maintenant en tant que CEO d&#8217;une start-up d&#8217;entreprise. Je me r\u00e9jouis de toute prise de contact.<\/p>\n\n\n\n<h3 class=\"wp-block-heading\">Et des conseils sp\u00e9cifiques aux fondateurs d&#8217;un groupe ?<\/h3>\n\n\n\n<p>Une bonne gouvernance est tr\u00e8s importante, qui d\u00e9cide de quoi et o\u00f9. Cette gouvernance doit \u00eatre approuv\u00e9e le plus haut possible. Ensuite, il est utile d&#8217;avoir un parrain au sein du groupe qui s&#8217;engage avec v\u00e9h\u00e9mence pour les int\u00e9r\u00eats de la start-up. Nous avons beaucoup de chance avec nos interlocuteurs de la Mobili\u00e8re.<\/p>\n\n\n\n<p>Nous nous r\u00e9jouissons de ta visite sur <a href=\"https:\/\/www.liiva.ch\/fr?utm_source=startupch&amp;utm_medium=referral&amp;utm_campaign=blogbeitrag-liiva-startups-march23\">liiva.ch<\/a>.<\/p>\n\n\n\n<figure class=\"wp-block-image size-large\"><img decoding=\"async\" src=\"https:\/\/i0.wp.com\/blog.startups.ch\/wp-content\/uploads\/2023\/05\/Fotoshooting-Teamfoto-2.jpg?resize=1200%2C827&amp;ssl=1\" alt=\"\"\/><\/figure>\n","protected":false},"excerpt":{"rendered":"<p>Liiva, une filiale startup de la Mobili\u00e8re, a \u00e9t\u00e9 fond\u00e9e en 2021. L&#8217;entreprise soutient les propri\u00e9taires suisses de logements pour toutes les questions relatives au logement. STARTUPS.CH a men\u00e9 une interview avec Phil Lojacono, CEO de Liiva. Comment avez-vous eu cette id\u00e9e d&#8217;entreprise ? Notre maison m\u00e8re, la Mobili\u00e8re, est l&#8217;une des plus grandes assurances [&hellip;]<\/p>\n","protected":false},"author":1,"featured_media":0,"comment_status":"open","ping_status":"open","sticky":false,"template":"","format":"standard","meta":{"content-type":"","jetpack_post_was_ever_published":false,"_jetpack_newsletter_access":"","_jetpack_dont_email_post_to_subs":false,"_jetpack_newsletter_tier_id":0,"footnotes":"","jetpack_publicize_message":"","jetpack_publicize_feature_enabled":false,"jetpack_social_post_already_shared":true,"jetpack_social_options":{"image_generator_settings":{"template":"highway","enabled":false}}},"categories":[1],"tags":[],"jetpack_publicize_connections":[],"aioseo_notices":[],"views":540,"jetpack_featured_media_url":"","jetpack_sharing_enabled":true,"jetpack_shortlink":"https:\/\/wp.me\/p7y0qY-2SD","_links":{"self":[{"href":"https:\/\/blog.startups.ch\/fr\/wp-json\/wp\/v2\/posts\/11075"}],"collection":[{"href":"https:\/\/blog.startups.ch\/fr\/wp-json\/wp\/v2\/posts"}],"about":[{"href":"https:\/\/blog.startups.ch\/fr\/wp-json\/wp\/v2\/types\/post"}],"author":[{"embeddable":true,"href":"https:\/\/blog.startups.ch\/fr\/wp-json\/wp\/v2\/users\/1"}],"replies":[{"embeddable":true,"href":"https:\/\/blog.startups.ch\/fr\/wp-json\/wp\/v2\/comments?post=11075"}],"version-history":[{"count":1,"href":"https:\/\/blog.startups.ch\/fr\/wp-json\/wp\/v2\/posts\/11075\/revisions"}],"predecessor-version":[{"id":11076,"href":"https:\/\/blog.startups.ch\/fr\/wp-json\/wp\/v2\/posts\/11075\/revisions\/11076"}],"wp:attachment":[{"href":"https:\/\/blog.startups.ch\/fr\/wp-json\/wp\/v2\/media?parent=11075"}],"wp:term":[{"taxonomy":"category","embeddable":true,"href":"https:\/\/blog.startups.ch\/fr\/wp-json\/wp\/v2\/categories?post=11075"},{"taxonomy":"post_tag","embeddable":true,"href":"https:\/\/blog.startups.ch\/fr\/wp-json\/wp\/v2\/tags?post=11075"}],"curies":[{"name":"wp","href":"https:\/\/api.w.org\/{rel}","templated":true}]}}