{"id":11068,"date":"2023-05-16T11:50:00","date_gmt":"2023-05-16T09:50:00","guid":{"rendered":"https:\/\/blog.startups.ch\/fr\/?p=11068"},"modified":"2023-06-06T11:55:33","modified_gmt":"2023-06-06T09:55:33","slug":"loi-sur-la-protection-des-donnees-il-est-temps-de-sy-mettre","status":"publish","type":"post","link":"https:\/\/blog.startups.ch\/fr\/2023\/05\/16\/loi-sur-la-protection-des-donnees-il-est-temps-de-sy-mettre\/","title":{"rendered":"Loi sur la protection des donn\u00e9es : il est temps de s&#8217;y mettre"},"content":{"rendered":"\n<h2 class=\"wp-block-heading\">La loi r\u00e9vis\u00e9e sur la protection des donn\u00e9es entrera en vigueur le 1er septembre 2023. Elle apporte toute une s\u00e9rie de nouveaut\u00e9s qui, de la petite entreprise \u00e0 la grande, impliquent un certain travail de mise en \u0153uvre. Celui qui s&#8217;y prend \u00e0 temps est du bon c\u00f4t\u00e9.<\/h2>\n\n\n\n<figure class=\"wp-block-image size-large\"><img loading=\"lazy\" decoding=\"async\" width=\"1200\" height=\"800\" src=\"https:\/\/i0.wp.com\/blog.startups.ch\/fr\/wp-content\/uploads\/2023\/05\/markus-spiske-hvSr_CVecVI-unsplash.jpg?resize=1200%2C800&#038;ssl=1\" alt=\"\" class=\"wp-image-11069\" srcset=\"https:\/\/i0.wp.com\/blog.startups.ch\/fr\/wp-content\/uploads\/2023\/05\/markus-spiske-hvSr_CVecVI-unsplash-scaled.jpg?resize=1200%2C800&amp;ssl=1 1200w, https:\/\/i0.wp.com\/blog.startups.ch\/fr\/wp-content\/uploads\/2023\/05\/markus-spiske-hvSr_CVecVI-unsplash-scaled.jpg?resize=1536%2C1024&amp;ssl=1 1536w, https:\/\/i0.wp.com\/blog.startups.ch\/fr\/wp-content\/uploads\/2023\/05\/markus-spiske-hvSr_CVecVI-unsplash-scaled.jpg?resize=2048%2C1365&amp;ssl=1 2048w\" sizes=\"(max-width: 1000px) 100vw, 1000px\" data-recalc-dims=\"1\" \/><\/figure>\n\n\n\n<p>La protection des donn\u00e9es est sur toutes les l\u00e8vres, notamment parce que le vol de donn\u00e9es \u00e9lectroniques sensibles est devenu un mod\u00e8le commercial criminel. Mais la protection co\u00fbteuse et indispensable de ses propres donn\u00e9es n&#8217;est pas un th\u00e8me de la loi r\u00e9vis\u00e9e sur la protection des donn\u00e9es. Pourtant, il s&#8217;agit bien de donn\u00e9es sensibles. C&#8217;est le traitement des donn\u00e9es personnelles des consommateurs et des clients qui est r\u00e9glement\u00e9 par cette loi, afin de les prot\u00e9ger d&#8217;une utilisation abusive. L&#8217;initiative d&#8217;adapter la r\u00e9glementation est venue du Conseil de l&#8217;Europe et de l&#8217;Union europ\u00e9enne. La Suisse a donc \u00e9t\u00e9 contrainte de r\u00e9viser la loi sur la protection des donn\u00e9es de 1992 afin de se conformer aux exigences internationales, d&#8217;une part \u00e0 la convention correspondante du Conseil de l&#8217;Europe de 2016, d&#8217;autre part au r\u00e8glement g\u00e9n\u00e9ral sur la protection des donn\u00e9es de l&#8217;Union europ\u00e9enne de 2018. Ce dernier r\u00e8gle \u00e9galement le champ d&#8217;application g\u00e9ographique. Il s&#8217;applique \u00e0 toute personne r\u00e9sidant dans l&#8217;UE, que le responsable du traitement des donn\u00e9es se trouve ou non dans l&#8217;UE. Le droit europ\u00e9en de la protection des donn\u00e9es s&#8217;applique donc \u00e9galement \u00e0 toute entreprise suisse travaillant dans l&#8217;UE. Il n&#8217;est m\u00eame pas n\u00e9cessaire de conclure une transaction. Il suffit que les marchandises soient propos\u00e9es en euros.<\/p>\n\n\n\n<p>Lors des d\u00e9bats parlementaires sur le nouveau droit de la protection des donn\u00e9es, les repr\u00e9sentants de l&#8217;\u00e9conomie ont r\u00e9ussi dans la plupart des cas \u00e0 emp\u00eacher le &#8220;Swiss Finish&#8221;, qui aurait \u00e9t\u00e9 encore plus restrictif. C&#8217;\u00e9tait notamment le cas des restrictions qui auraient affect\u00e9 l&#8217;examen de la solvabilit\u00e9.<\/p>\n\n\n\n<h3 class=\"wp-block-heading\">Ci-apr\u00e8s, les modifications les plus importantes pour les cr\u00e9anciers <\/h3>\n\n\n\n<p>La loi sur la protection des donn\u00e9es r\u00e9git le traitement des donn\u00e9es personnelles. Elle s&#8217;applique non seulement aux personnes priv\u00e9es, mais aussi aux entreprises individuelles et aux soci\u00e9t\u00e9s de personnes.<br>Les donn\u00e9es personnelles consid\u00e9r\u00e9es comme &#8220;sensibles&#8221; ne peuvent pas \u00eatre utilis\u00e9es pour \u00e9valuer la solvabilit\u00e9. Il s&#8217;agit notamment des donn\u00e9es relatives aux opinions ou activit\u00e9s religieuses, politiques, philosophiques ou syndicales, \u00e0 la sant\u00e9, \u00e0 la sph\u00e8re intime ou \u00e0 l&#8217;appartenance \u00e0 une ethnie, des donn\u00e9es g\u00e9n\u00e9tiques ainsi que des donn\u00e9es relatives aux d\u00e9cisions ou sanctions administratives et p\u00e9nales et aux mesures d&#8217;aide sociale.<\/p>\n\n\n\n<p><br>Le terme &#8220;profilage&#8221; est nouveau dans la loi. Il s&#8217;agit du traitement automatis\u00e9 de donn\u00e9es personnelles. Le l\u00e9gislateur fait une distinction entre le &#8220;profilage&#8221; et le &#8220;profilage \u00e0 haut risque&#8221;. Ce dernier s&#8217;applique toujours lorsqu&#8217;il permet d&#8217;\u00e9valuer des aspects essentiels de la personnalit\u00e9 d&#8217;une personne physique. Dans de tels cas, le consentement de la personne concern\u00e9e est obligatoire. L&#8217;utilisation de ce type de profilage pour \u00e9valuer la solvabilit\u00e9 est interdite. D&#8217;une mani\u00e8re g\u00e9n\u00e9rale, les donn\u00e9es de mineurs ne peuvent pas \u00eatre utilis\u00e9es \u00e0 cette fin.<\/p>\n\n\n\n<p><br>Toute personne qui traite des donn\u00e9es personnelles est consid\u00e9r\u00e9e comme &#8220;responsable&#8221; au sens de la loi et tenue de fournir des informations et des renseignements aux personnes dont les donn\u00e9es sont concern\u00e9es, m\u00eame si les donn\u00e9es sont collect\u00e9es aupr\u00e8s de tiers. Il est donc recommand\u00e9 d&#8217;inclure une disposition correspondante dans les contrats ou le processus de commande. Il existe une exception : l&#8217;obligation d&#8217;information ne s&#8217;applique pas \u00e0 la collecte de donn\u00e9es personnelles pour l&#8217;\u00e9valuation de la solvabilit\u00e9.<\/p>\n\n\n\n<p><br>Il est vivement recommand\u00e9, le cas \u00e9ch\u00e9ant en collaboration avec des sp\u00e9cialistes, d&#8217;adapter \u00e0 temps l&#8217;utilisation des donn\u00e9es personnelles et des documents correspondants \u00e0 la nouvelle situation l\u00e9gale. Cela vaut par exemple pour les conditions g\u00e9n\u00e9rales de vente, mais aussi pour les proc\u00e9dures du commerce en ligne. <\/p>\n\n\n\n<h3 class=\"wp-block-heading\">Voici quelques liens qui peuvent vous aider :<\/h3>\n\n\n\n<p>Vous trouverez des documents et des outils utiles sous:<\/p>\n\n\n\n<p><a href=\"https:\/\/www.sgv-usam.ch\/schwerpunkte\/wirtschaftspolitik\/unterseiten\/neues-datenschutzrecht\" target=\"_blank\" rel=\"noreferrer noopener\">Gewerbeverband: Merkbl\u00e4tter und Musterdokumente<\/a><\/p>\n\n\n\n<p><a href=\"https:\/\/www.kmu.admin.ch\/kmu\/de\/home\/fakten-trends\/digitalisierung\/datenschutz\/checkliste-fuer-kmu-welche-anpassungen-an-das-datenschutzgesetz-sind-noetig.html\" target=\"_blank\" rel=\"noreferrer noopener\">KMU-Portal des Staatssekretariats f\u00fcr Wirtschaft<\/a><\/p>\n\n\n\n<p><a href=\"https:\/\/www.economiesuisse.ch\/de\/artikel\/datenschutz-eine-uebersicht-zum-neuen-gesetz\" target=\"_blank\" rel=\"noreferrer noopener\">Economiesuisse<\/a><\/p>\n\n\n\n<p><a href=\"https:\/\/datenrecht.ch\/umsetzung-dsg\/\" target=\"_blank\" rel=\"noreferrer noopener\">RA Dr. David Vasella: Checklisten f\u00fcr Unternehmen<\/a><\/p>\n\n\n\n<p><a href=\"https:\/\/www.rosenthal.ch\/\" target=\"_blank\" rel=\"noreferrer noopener\">RA David Rosenthal: Diverse hilfreiche Publikationen<\/a><\/p>\n\n\n\n<p>Source: Creditreform<\/p>\n","protected":false},"excerpt":{"rendered":"<p>La loi r\u00e9vis\u00e9e sur la protection des donn\u00e9es entrera en vigueur le 1er septembre 2023. Elle apporte toute une s\u00e9rie de nouveaut\u00e9s qui, de la petite entreprise \u00e0 la grande, impliquent un certain travail de mise en \u0153uvre. Celui qui s&#8217;y prend \u00e0 temps est du bon c\u00f4t\u00e9. La protection des donn\u00e9es est sur toutes [&hellip;]<\/p>\n","protected":false},"author":1,"featured_media":0,"comment_status":"open","ping_status":"open","sticky":false,"template":"","format":"standard","meta":{"content-type":"","jetpack_post_was_ever_published":false,"_jetpack_newsletter_access":"","_jetpack_dont_email_post_to_subs":false,"_jetpack_newsletter_tier_id":0,"footnotes":"","jetpack_publicize_message":"","jetpack_publicize_feature_enabled":true,"jetpack_social_post_already_shared":true,"jetpack_social_options":{"image_generator_settings":{"template":"highway","enabled":false}}},"categories":[1],"tags":[],"jetpack_publicize_connections":[],"aioseo_notices":[],"views":1372,"jetpack_featured_media_url":"","jetpack_sharing_enabled":true,"jetpack_shortlink":"https:\/\/wp.me\/p7y0qY-2Sw","_links":{"self":[{"href":"https:\/\/blog.startups.ch\/fr\/wp-json\/wp\/v2\/posts\/11068"}],"collection":[{"href":"https:\/\/blog.startups.ch\/fr\/wp-json\/wp\/v2\/posts"}],"about":[{"href":"https:\/\/blog.startups.ch\/fr\/wp-json\/wp\/v2\/types\/post"}],"author":[{"embeddable":true,"href":"https:\/\/blog.startups.ch\/fr\/wp-json\/wp\/v2\/users\/1"}],"replies":[{"embeddable":true,"href":"https:\/\/blog.startups.ch\/fr\/wp-json\/wp\/v2\/comments?post=11068"}],"version-history":[{"count":2,"href":"https:\/\/blog.startups.ch\/fr\/wp-json\/wp\/v2\/posts\/11068\/revisions"}],"predecessor-version":[{"id":11086,"href":"https:\/\/blog.startups.ch\/fr\/wp-json\/wp\/v2\/posts\/11068\/revisions\/11086"}],"wp:attachment":[{"href":"https:\/\/blog.startups.ch\/fr\/wp-json\/wp\/v2\/media?parent=11068"}],"wp:term":[{"taxonomy":"category","embeddable":true,"href":"https:\/\/blog.startups.ch\/fr\/wp-json\/wp\/v2\/categories?post=11068"},{"taxonomy":"post_tag","embeddable":true,"href":"https:\/\/blog.startups.ch\/fr\/wp-json\/wp\/v2\/tags?post=11068"}],"curies":[{"name":"wp","href":"https:\/\/api.w.org\/{rel}","templated":true}]}}