{"id":11044,"date":"2023-04-27T12:59:27","date_gmt":"2023-04-27T10:59:27","guid":{"rendered":"https:\/\/blog.startups.ch\/fr\/?p=11044"},"modified":"2023-05-02T13:30:48","modified_gmt":"2023-05-02T11:30:48","slug":"nouveau-droit-de-la-societe-anonyme-2023-dividende-intermediaire","status":"publish","type":"post","link":"https:\/\/blog.startups.ch\/fr\/2023\/04\/27\/nouveau-droit-de-la-societe-anonyme-2023-dividende-intermediaire\/","title":{"rendered":"Nouveau droit de la soci\u00e9t\u00e9 anonyme 2023 : Dividende interm\u00e9diaire"},"content":{"rendered":"\n<h2 class=\"wp-block-heading\">Le nouveau droit des soci\u00e9t\u00e9s anonymes a introduit la possibilit\u00e9 pour les soci\u00e9t\u00e9s de capitaux de verser des dividendes interm\u00e9diaires. Ceux-ci sont distribu\u00e9s \u00e0 partir du b\u00e9n\u00e9fice de l&#8217;exercice en cours et non, comme auparavant, \u00e0 partir du b\u00e9n\u00e9fice d&#8217;un exercice d\u00e9j\u00e0 cl\u00f4tur\u00e9.<\/h2>\n\n\n\n<figure class=\"wp-block-image size-large\"><img loading=\"lazy\" decoding=\"async\" width=\"1200\" height=\"800\" src=\"https:\/\/i0.wp.com\/blog.startups.ch\/fr\/wp-content\/uploads\/2023\/05\/sasun-bughdaryan-e11Oa3kvx4c-unsplash.jpg?resize=1200%2C800&#038;ssl=1\" alt=\"\" class=\"wp-image-11050\" srcset=\"https:\/\/i0.wp.com\/blog.startups.ch\/fr\/wp-content\/uploads\/2023\/05\/sasun-bughdaryan-e11Oa3kvx4c-unsplash-scaled.jpg?resize=1200%2C800&amp;ssl=1 1200w, https:\/\/i0.wp.com\/blog.startups.ch\/fr\/wp-content\/uploads\/2023\/05\/sasun-bughdaryan-e11Oa3kvx4c-unsplash-scaled.jpg?resize=1536%2C1024&amp;ssl=1 1536w, https:\/\/i0.wp.com\/blog.startups.ch\/fr\/wp-content\/uploads\/2023\/05\/sasun-bughdaryan-e11Oa3kvx4c-unsplash-scaled.jpg?resize=2048%2C1365&amp;ssl=1 2048w\" sizes=\"(max-width: 1000px) 100vw, 1000px\" data-recalc-dims=\"1\" \/><\/figure>\n\n\n\n<h3 class=\"wp-block-heading\">Conditions pr\u00e9alables<\/h3>\n\n\n\n<p>Pour pouvoir distribuer des dividendes interm\u00e9diaires, il faut dans un premier temps \u00e9tablir des comptes interm\u00e9diaires. Celui-ci se compose d&#8217;un bilan, d&#8217;un compte de r\u00e9sultat et d&#8217;une annexe. L&#8217;annexe doit notamment contenir des informations sur le motif du bouclement interm\u00e9diaire.<\/p>\n\n\n\n<p>Dans un deuxi\u00e8me temps, l&#8217;organe de r\u00e9vision v\u00e9rifie le bouclement interm\u00e9diaire. Les entreprises qui ont renonc\u00e9 au contr\u00f4le restreint (opting out) ou les entreprises dans lesquelles tous les actionnaires se sont prononc\u00e9s \u00e0 l&#8217;unanimit\u00e9 en faveur du versement d&#8217;un dividende et o\u00f9 il n&#8217;existe pas de cr\u00e9ances de cr\u00e9anciers qui pourraient en \u00eatre l\u00e9s\u00e9s sont exclues de cette proc\u00e9dure.<\/p>\n\n\n\n<p>Enfin, la troisi\u00e8me \u00e9tape du processus menant au dividende interm\u00e9diaire consiste en un vote de l&#8217;assembl\u00e9e g\u00e9n\u00e9rale sur l&#8217;approbation des comptes interm\u00e9diaires et la fixation des dividendes.<\/p>\n\n\n\n<h3 class=\"wp-block-heading\">Conclusion<\/h3>\n\n\n\n<p>Le versement de dividendes interm\u00e9diaires est un bon moyen de pouvoir utiliser les b\u00e9n\u00e9fices de l&#8217;exercice en cours. Il faut toutefois veiller \u00e0 ce que toutes les r\u00e8gles soient correctement respect\u00e9es afin que les droits des actionnaires et des cr\u00e9anciers soient pr\u00e9serv\u00e9s.<\/p>\n\n\n\n<p>Se lancer en tant que <a href=\"https:\/\/bit.ly\/3fccZuN\">Mompreneur<\/a><br>Se lancer en tant que <a href=\"https:\/\/bit.ly\/2UFV71N\">Dadpreneur<\/a><br>Se lancer en tant <a href=\"https:\/\/bit.ly\/35JYyLi\">Seniorpreneur<\/a><br>Se lancer en tant que <a href=\"https:\/\/bit.ly\/2UEHhwy\">Youngpreneur<\/a><br><a href=\"https:\/\/www.startups.ch\/fr\/home\" target=\"_blank\" rel=\"noreferrer noopener\">\u00bb STARTUPS.CH<\/a>&nbsp;<a href=\"https:\/\/www.startups.ch\/fr\/services\/creation-entreprise\" target=\"_blank\" rel=\"noreferrer noopener\">\u00bb Cr\u00e9er une entreprise<\/a><\/p>\n","protected":false},"excerpt":{"rendered":"<p>Le nouveau droit des soci\u00e9t\u00e9s anonymes a introduit la possibilit\u00e9 pour les soci\u00e9t\u00e9s de capitaux de verser des dividendes interm\u00e9diaires. Ceux-ci sont distribu\u00e9s \u00e0 partir du b\u00e9n\u00e9fice de l&#8217;exercice en cours et non, comme auparavant, \u00e0 partir du b\u00e9n\u00e9fice d&#8217;un exercice d\u00e9j\u00e0 cl\u00f4tur\u00e9. Conditions pr\u00e9alables Pour pouvoir distribuer des dividendes interm\u00e9diaires, il faut dans un [&hellip;]<\/p>\n","protected":false},"author":1,"featured_media":0,"comment_status":"open","ping_status":"open","sticky":false,"template":"","format":"standard","meta":{"content-type":"","jetpack_post_was_ever_published":false,"_jetpack_newsletter_access":"","_jetpack_dont_email_post_to_subs":false,"_jetpack_newsletter_tier_id":0,"footnotes":"","jetpack_publicize_message":"","jetpack_publicize_feature_enabled":false,"jetpack_social_post_already_shared":true,"jetpack_social_options":{"image_generator_settings":{"template":"highway","enabled":false}}},"categories":[1],"tags":[],"jetpack_publicize_connections":[],"aioseo_notices":[],"views":1308,"jetpack_featured_media_url":"","jetpack_sharing_enabled":true,"jetpack_shortlink":"https:\/\/wp.me\/p7y0qY-2S8","_links":{"self":[{"href":"https:\/\/blog.startups.ch\/fr\/wp-json\/wp\/v2\/posts\/11044"}],"collection":[{"href":"https:\/\/blog.startups.ch\/fr\/wp-json\/wp\/v2\/posts"}],"about":[{"href":"https:\/\/blog.startups.ch\/fr\/wp-json\/wp\/v2\/types\/post"}],"author":[{"embeddable":true,"href":"https:\/\/blog.startups.ch\/fr\/wp-json\/wp\/v2\/users\/1"}],"replies":[{"embeddable":true,"href":"https:\/\/blog.startups.ch\/fr\/wp-json\/wp\/v2\/comments?post=11044"}],"version-history":[{"count":3,"href":"https:\/\/blog.startups.ch\/fr\/wp-json\/wp\/v2\/posts\/11044\/revisions"}],"predecessor-version":[{"id":11051,"href":"https:\/\/blog.startups.ch\/fr\/wp-json\/wp\/v2\/posts\/11044\/revisions\/11051"}],"wp:attachment":[{"href":"https:\/\/blog.startups.ch\/fr\/wp-json\/wp\/v2\/media?parent=11044"}],"wp:term":[{"taxonomy":"category","embeddable":true,"href":"https:\/\/blog.startups.ch\/fr\/wp-json\/wp\/v2\/categories?post=11044"},{"taxonomy":"post_tag","embeddable":true,"href":"https:\/\/blog.startups.ch\/fr\/wp-json\/wp\/v2\/tags?post=11044"}],"curies":[{"name":"wp","href":"https:\/\/api.w.org\/{rel}","templated":true}]}}